{"id":30520,"date":"2024-09-10T08:00:00","date_gmt":"2024-09-10T06:00:00","guid":{"rendered":"https:\/\/vereinwelle.ch\/?p=30520"},"modified":"2025-06-12T13:18:00","modified_gmt":"2025-06-12T11:18:00","slug":"appell-die-hinrichtung-von-sharifeh-mohammadi-zu-verhindern","status":"publish","type":"post","link":"https:\/\/vereinwelle.ch\/de\/appeal-to-prevent-the-execution-of-sharifeh-mohammadi\/","title":{"rendered":"Sharifeh Mohammadi: Einsatz gegen Todesstrafe im Iran"},"content":{"rendered":"<p>Das Teheraner Regime setzt Hinrichtungen als Mittel der Unterdr\u00fcckung ein. Mit der zunehmenden Anwendung der Todesstrafe versch\u00e4rfen die Beh\u00f6rden ihren Terror gegen die rebellische Bev\u00f6lkerung. Die internationale Gemeinschaft muss wirksam handeln und den Druck auf das Regime deutlich erh\u00f6hen, um weitere Hinrichtungen zu verhindern.<\/p>\n\n\n\n<p>Anfang Juli wurde die iranische Menschenrechtsaktivistin Sharifeh Mohammadi in der nordiranischen Stadt Rasht zum Tode verurteilt. Sie ist seit sieben Monaten im Lakan-Gef\u00e4ngnis von Rasht inhaftiert und steht nun kurz vor ihrer Hinrichtung. Menschenrechtsgruppen haben an die UNO appelliert, sich f\u00fcr die Aufhebung des Todesurteils und die Freilassung der Aktivistin einzusetzen.<\/p>\n\n\n\n<p>Sharifeh Mohammadi setzt sich aktiv f\u00fcr die Rechte der Arbeitnehmer und die Freilassung von inhaftierten Gewerkschaftsmitgliedern der Freien Gewerkschaft der Arbeitnehmer im Iran ein. Sie wurde von der Justiz des Regimes, die als Instrument der Unterdr\u00fcckung dient, unter der erfundenen und unbegr\u00fcndeten Anschuldigung der \"Gef\u00e4hrdung der Staatssicherheit\" zum Tode verurteilt.<\/p>\n\n\n\n<p>Das iranische Regime geht r\u00fccksichtslos gegen Frauen vor, die f\u00fcr die Menschenrechte k\u00e4mpfen. In keinem anderen Land sind in den letzten Jahren so viele Frauen inhaftiert, gefoltert und hingerichtet worden wie im Iran. Die extreme Frauenfeindlichkeit des Regimes zeigt sich in der harten Bestrafung einer wachsenden Zahl von Aktivistinnen.<\/p>\n\n\n\n<p>Sharifeh Mohammadi wurde im Gef\u00e4ngnis brutal gefoltert, um sie zu zwingen, sich vor der Kamera mit falschen \"Gest\u00e4ndnissen\" zu belasten. Familienbesuche wurden ihr verweigert, und sie konnte ihren Mann und ihr Kind in den letzten Monaten nicht mehr sehen.<\/p>\n\n\n\n<p>Im Iran sind Hinrichtungen ein Mittel des Terrors, das das Regime gegen die Bev\u00f6lkerung einsetzt. Die Prozesse, die zu Todesurteilen f\u00fchren, sind willk\u00fcrlich und rechtswidrig und entsprechen niemals internationalen Rechtsstandards. Den Angeklagten wird der Zugang zu einem Rechtsbeistand ihrer Wahl verweigert.<\/p>\n\n\n\n<h2 class=\"wp-block-heading\">Brutale Unterdr\u00fcckung: Teheraner Regime verurteilt Sozialarbeiterin zum Tode<\/h2>\n\n\n\n<p>Der iranische Sozialarbeiter Pakhshan Azizi wurde Ende Juli in Teheran zum Tode verurteilt. Die Teheraner Justiz, die als Repressionsinstrument des Regimes dient, beschuldigte den politischen Gefangenen mit fadenscheinigen Begr\u00fcndungen der Zugeh\u00f6rigkeit zu regimefeindlichen Widerstandsgruppen. Es wurden keine Beweise vorgelegt, die diese Anschuldigungen untermauern. Menschenrechtsaktivisten bezeichnen das Todesurteil als einen weiteren Versuch des Regimes, die gro\u00dfe, von iranischen Frauen angef\u00fchrte Protestbewegung zu unterdr\u00fccken.<\/p>\n\n\n\n<p>Pakhshan Azizi, die urspr\u00fcnglich aus dem iranischen Kurdistan stammt, arbeitete nach ihrem Universit\u00e4tsabschluss in Teheran als Sozialarbeiterin in Krisengebieten im Nordirak und in Syrien. Sie engagierte sich insbesondere in der Fl\u00fcchtlingshilfe. Letztes Jahr kehrte sie in den Iran zur\u00fcck.<\/p>\n\n\n\n<p>Am 4. August 2023 wurde sie von Agenten des Regimes in Teheran verhaftet und in die Abteilung 209 des Evin-Gef\u00e4ngnisses in Teheran gebracht, das vom Geheimdienst kontrolliert wird. Dort wurde sie schwerer physischer und psychischer Folter ausgesetzt, einschlie\u00dflich Scheinhinrichtungen. Der Zugang zu einem Rechtsbeistand wurde ihr verweigert, und seit Anfang Juli ist es ihr auch untersagt, Kontakt zu ihrer Familie aufzunehmen.<\/p>\n\n\n\n<p>Das iranische Regime geht r\u00fccksichtslos gegen Frauen vor, die f\u00fcr die Menschenrechte k\u00e4mpfen. In keinem anderen Land sind in den letzten Jahren so viele Frauen inhaftiert, gefoltert und hingerichtet worden wie im Iran. Menschenrechtsaktivisten appellieren an die internationale Gemeinschaft, sich f\u00fcr Pakhshan Azizi einzusetzen, der die Hinrichtung droht.<\/p>","protected":false},"excerpt":{"rendered":"<p>The Tehran regime uses executions as a tool of repression. By increasingly resorting to the death penalty, the authorities are intensifying their terror against the rebellious population. The international community must act effectively and significantly increase pressure on the regime to prevent further executions. At the beginning of July, Iranian human rights activist Sharifeh Mohammadi [&hellip;]<\/p>\n","protected":false},"author":2,"featured_media":30740,"comment_status":"open","ping_status":"open","sticky":false,"template":"","format":"standard","meta":{"footnotes":""},"categories":[75],"tags":[],"class_list":["post-30520","post","type-post","status-publish","format-standard","has-post-thumbnail","hentry","category-supporting-courageous-women"],"_links":{"self":[{"href":"https:\/\/vereinwelle.ch\/de\/wp-json\/wp\/v2\/posts\/30520","targetHints":{"allow":["GET"]}}],"collection":[{"href":"https:\/\/vereinwelle.ch\/de\/wp-json\/wp\/v2\/posts"}],"about":[{"href":"https:\/\/vereinwelle.ch\/de\/wp-json\/wp\/v2\/types\/post"}],"author":[{"embeddable":true,"href":"https:\/\/vereinwelle.ch\/de\/wp-json\/wp\/v2\/users\/2"}],"replies":[{"embeddable":true,"href":"https:\/\/vereinwelle.ch\/de\/wp-json\/wp\/v2\/comments?post=30520"}],"version-history":[{"count":1,"href":"https:\/\/vereinwelle.ch\/de\/wp-json\/wp\/v2\/posts\/30520\/revisions"}],"predecessor-version":[{"id":31503,"href":"https:\/\/vereinwelle.ch\/de\/wp-json\/wp\/v2\/posts\/30520\/revisions\/31503"}],"wp:featuredmedia":[{"embeddable":true,"href":"https:\/\/vereinwelle.ch\/de\/wp-json\/wp\/v2\/media\/30740"}],"wp:attachment":[{"href":"https:\/\/vereinwelle.ch\/de\/wp-json\/wp\/v2\/media?parent=30520"}],"wp:term":[{"taxonomy":"category","embeddable":true,"href":"https:\/\/vereinwelle.ch\/de\/wp-json\/wp\/v2\/categories?post=30520"},{"taxonomy":"post_tag","embeddable":true,"href":"https:\/\/vereinwelle.ch\/de\/wp-json\/wp\/v2\/tags?post=30520"}],"curies":[{"name":"wp","href":"https:\/\/api.w.org\/{rel}","templated":true}]}}