{"id":30571,"date":"2024-03-25T10:30:00","date_gmt":"2024-03-25T09:30:00","guid":{"rendered":"https:\/\/vereinwelle.ch\/?p=30571"},"modified":"2024-10-30T17:06:45","modified_gmt":"2024-10-30T16:06:45","slug":"konferenz-zum-internationalen-frauentag","status":"publish","type":"post","link":"https:\/\/vereinwelle.ch\/de\/international-womens-day-conference\/","title":{"rendered":"Konferenz zum Internationalen Frauentag"},"content":{"rendered":"<h2 class=\"wp-block-heading\"><strong>Eine weltweite Stimme der Unterst\u00fctzung f\u00fcr die Freiheit und die Rechte der iranischen Frauen<\/strong><\/h2>\n\n\n\n<p>In der <a href=\"https:\/\/vereinwelle.ch\/de\/konferenz-zum-internationalen-frauentag-globale-unterstutzung-fur-die-freiheit-und-die-rechte-der-iranischen-frauen\/\" data-type=\"link\" data-id=\"https:\/\/vereinwelle.ch\/conference-on-international-womens-day-global-support-for-the-freedom-and-rights-of-iranian-women\/\">Internationaler Frauentag<\/a> Konferenz in Paris kamen f\u00fchrende Menschen- und Frauenrechtsaktivistinnen, Juristinnen und Politikerinnen aus 28 L\u00e4ndern zusammen, um ihre Solidarit\u00e4t mit den iranischen Frauen in ihrem Kampf f\u00fcr Freiheit, Demokratie und Gleichberechtigung der Geschlechter zu bekunden. Mehr als 400 prominente Frauen aus der ganzen Welt unterzeichneten eine gemeinsame Erkl\u00e4rung, in der sie das Recht der iranischen Frauen auf Widerstand gegen die Mullah-Diktatur unterst\u00fctzen.<\/p>\n\n\n\n<p>Zu den Teilnehmern und Rednern geh\u00f6rten:<\/p>\n\n\n\n<ul class=\"wp-block-list\">\n<li><strong><a href=\"https:\/\/en.wikipedia.org\/wiki\/Vaira_V%C4%AB%C4%B7e-Freiberga\" target=\"_blank\" rel=\"noopener\">Dr. Vaira V\u012b\u0137e-Freiberga<\/a><\/strong>, ehemaliger Pr\u00e4sident von Lettland<\/li>\n\n\n\n<li><strong>Ana Helena Chac\u00f3n Echeverria<\/strong>, ehemaliger Vizepr\u00e4sident von Costa Rica<\/li>\n\n\n\n<li><strong>Anneli J\u00e4\u00e4tteenm\u00e4ki<\/strong>ehemaliger Premierminister von Finnland<\/li>\n\n\n\n<li><strong><a href=\"https:\/\/en.wikipedia.org\/wiki\/Leymah_Gbowee\" target=\"_blank\" rel=\"noopener\">Leymah Roberta Gbowee<\/a><\/strong>Friedensnobelpreistr\u00e4gerin 2011<\/li>\n\n\n\n<li><strong>Oleksandra Matviicuk<\/strong>, Friedensnobelpreistr\u00e4ger 2022<\/li>\n<\/ul>\n\n\n\n<p>Mehrere andere hochrangige W\u00fcrdentr\u00e4ger, Juristen und Frauen- und Menschenrechtsaktivisten nahmen ebenfalls an der Konferenz teil.<\/p>\n\n\n\n<h2 class=\"wp-block-heading\">Die wichtigsten Aussagen der Redner:<\/h2>\n\n\n\n<ul class=\"wp-block-list\">\n<li><strong>Dominique Attias<\/strong>Vorsitzende des Vorstands der European Lawyers Foundation, erkl\u00e4rte: \"Heute sind die iranischen Frauen nicht allein. Unsere Stimmen vereinen sich mit den Stimmen der Frauen im Iran, und gemeinsam rufen wir: Frauen, Widerstand, Freiheit!\"<\/li>\n\n\n\n<li><strong>Najat Vallaud-Belkacem<\/strong> hervorgehoben:<\/li>\n<\/ul>\n\n\n\n<p>\"Wie k\u00f6nnen wir nicht besorgt sein, wenn wir wissen, welche Gr\u00e4ueltaten die Mullahs begangen haben, wenn wir wissen, dass w\u00e4hrend ihrer Herrschaft mehr als 120.000 Menschen hingerichtet wurden?\" Sie f\u00fcgte hinzu: \"Das Durchhalteverm\u00f6gen dieser Frauen, die auch heute noch inhaftiert sind, ihr unersch\u00fctterliches Engagement f\u00fcr Freiheit und Gleichberechtigung der Geschlechter, obwohl sie mit schweren gesundheitlichen Problemen zu k\u00e4mpfen haben, ist bewundernswert.\"<\/p>\n\n\n\n<ul class=\"wp-block-list\">\n<li><strong>Anneli J\u00e4\u00e4tteenm\u00e4ki<\/strong> zum Ausdruck gebracht: \"Ich bin schockiert, dass Frauen in einem Land wie dem Iran weniger Wert, weniger Freiheit, weniger Sicherheit, weniger Lohn und weniger W\u00fcrde haben.\" Sie betonte weiter: \"Wir sind alle hier, um die iranischen Frauen zu unterst\u00fctzen, um den Kampf der Frauen f\u00fcr ihre W\u00fcrde und Menschenrechte zu unterst\u00fctzen.\"<\/li>\n\n\n\n<li><strong>Ana Helena Chac\u00f3n Echeverria<\/strong> festgestellt: \"Wir wissen, dass repressive Regime in der Regel frauenfeindliche Regime sind\". Sie f\u00fcgte hinzu: \"Wir wollen, dass jede Frau ihren eigenen Weg zum Gl\u00fcck finden kann, frei von Unterdr\u00fcckung.\"<\/li>\n<\/ul>\n\n\n\n<p><\/p>","protected":false},"excerpt":{"rendered":"<p>A global voice of support for the freedom and rights of Iranian Women At the International Women&#8217;s Day Conference in Paris, leading human rights and women\u2019s rights activists, jurists, and political figures from 28 countries gathered to express their solidarity with Iranian women in their fight for freedom, democracy, and gender equality. More than 400 [&hellip;]<\/p>\n","protected":false},"author":2,"featured_media":30576,"comment_status":"open","ping_status":"open","sticky":false,"template":"","format":"standard","meta":{"footnotes":""},"categories":[1],"tags":[],"class_list":["post-30571","post","type-post","status-publish","format-standard","has-post-thumbnail","hentry","category-uncategorized"],"_links":{"self":[{"href":"https:\/\/vereinwelle.ch\/de\/wp-json\/wp\/v2\/posts\/30571","targetHints":{"allow":["GET"]}}],"collection":[{"href":"https:\/\/vereinwelle.ch\/de\/wp-json\/wp\/v2\/posts"}],"about":[{"href":"https:\/\/vereinwelle.ch\/de\/wp-json\/wp\/v2\/types\/post"}],"author":[{"embeddable":true,"href":"https:\/\/vereinwelle.ch\/de\/wp-json\/wp\/v2\/users\/2"}],"replies":[{"embeddable":true,"href":"https:\/\/vereinwelle.ch\/de\/wp-json\/wp\/v2\/comments?post=30571"}],"version-history":[{"count":0,"href":"https:\/\/vereinwelle.ch\/de\/wp-json\/wp\/v2\/posts\/30571\/revisions"}],"wp:featuredmedia":[{"embeddable":true,"href":"https:\/\/vereinwelle.ch\/de\/wp-json\/wp\/v2\/media\/30576"}],"wp:attachment":[{"href":"https:\/\/vereinwelle.ch\/de\/wp-json\/wp\/v2\/media?parent=30571"}],"wp:term":[{"taxonomy":"category","embeddable":true,"href":"https:\/\/vereinwelle.ch\/de\/wp-json\/wp\/v2\/categories?post=30571"},{"taxonomy":"post_tag","embeddable":true,"href":"https:\/\/vereinwelle.ch\/de\/wp-json\/wp\/v2\/tags?post=30571"}],"curies":[{"name":"wp","href":"https:\/\/api.w.org\/{rel}","templated":true}]}}