{"id":30597,"date":"2023-01-30T08:15:00","date_gmt":"2023-01-30T07:15:00","guid":{"rendered":"https:\/\/vereinwelle.ch\/?p=30597"},"modified":"2024-10-30T16:50:33","modified_gmt":"2024-10-30T15:50:33","slug":"un-resolution-zur-verurteilung-des-iranischen-regimes","status":"publish","type":"post","link":"https:\/\/vereinwelle.ch\/de\/un-resolution-condemning-the-iranian-regime\/","title":{"rendered":"UN-Resolution zur Verurteilung des iranischen Regimes"},"content":{"rendered":"<p>Am 28. Januar 2023 haben die Vereinten Nationen eine Resolution verabschiedet, in der das iranische Regime scharf verurteilt wird. Die Resolution wurde als Reaktion auf die anhaltenden Menschenrechtsverletzungen und die brutale Unterdr\u00fcckung der Proteste im Iran verabschiedet. Sie fordert das iranische Regime auf, seine repressiven Ma\u00dfnahmen einzustellen und die grundlegenden Menschenrechte seiner B\u00fcrger zu achten.<\/p>\n\n\n\n<p>Diese Resolution ist ein wichtiger Schritt im internationalen Kampf gegen die vom iranischen Regime begangenen Verbrechen und sendet die klare Botschaft, dass die Weltgemeinschaft die Augen vor den Gr\u00e4ueltaten im Iran nicht verschlie\u00dfen wird. Sie fordert die iranische Regierung auf, die Verantwortlichen f\u00fcr die Gewalt gegen die Zivilbev\u00f6lkerung zur Rechenschaft zu ziehen und ihren internationalen Menschenrechtsverpflichtungen nachzukommen.<\/p>\n\n\n\n<p>Diese Verurteilung durch die Vereinten Nationen ist das Ergebnis der unerm\u00fcdlichen Bem\u00fchungen von Menschenrechtsorganisationen und Aktivisten weltweit, die sich unerm\u00fcdlich f\u00fcr die Rechte des iranischen Volkes einsetzen.<\/p>\n\n\n\n<p><\/p>","protected":false},"excerpt":{"rendered":"<p>On January 28, 2023, the United Nations adopted a resolution sharply condemning the Iranian regime. The resolution was passed in response to the ongoing human rights violations and brutal repression of protests in Iran. It calls on the Iranian regime to cease its repressive measures and respect the fundamental human rights of its citizens. This [&hellip;]<\/p>\n","protected":false},"author":2,"featured_media":30808,"comment_status":"open","ping_status":"open","sticky":false,"template":"","format":"standard","meta":{"footnotes":""},"categories":[82],"tags":[],"class_list":["post-30597","post","type-post","status-publish","format-standard","has-post-thumbnail","hentry","category-international-human-rights-advocacy"],"_links":{"self":[{"href":"https:\/\/vereinwelle.ch\/de\/wp-json\/wp\/v2\/posts\/30597","targetHints":{"allow":["GET"]}}],"collection":[{"href":"https:\/\/vereinwelle.ch\/de\/wp-json\/wp\/v2\/posts"}],"about":[{"href":"https:\/\/vereinwelle.ch\/de\/wp-json\/wp\/v2\/types\/post"}],"author":[{"embeddable":true,"href":"https:\/\/vereinwelle.ch\/de\/wp-json\/wp\/v2\/users\/2"}],"replies":[{"embeddable":true,"href":"https:\/\/vereinwelle.ch\/de\/wp-json\/wp\/v2\/comments?post=30597"}],"version-history":[{"count":0,"href":"https:\/\/vereinwelle.ch\/de\/wp-json\/wp\/v2\/posts\/30597\/revisions"}],"wp:featuredmedia":[{"embeddable":true,"href":"https:\/\/vereinwelle.ch\/de\/wp-json\/wp\/v2\/media\/30808"}],"wp:attachment":[{"href":"https:\/\/vereinwelle.ch\/de\/wp-json\/wp\/v2\/media?parent=30597"}],"wp:term":[{"taxonomy":"category","embeddable":true,"href":"https:\/\/vereinwelle.ch\/de\/wp-json\/wp\/v2\/categories?post=30597"},{"taxonomy":"post_tag","embeddable":true,"href":"https:\/\/vereinwelle.ch\/de\/wp-json\/wp\/v2\/tags?post=30597"}],"curies":[{"name":"wp","href":"https:\/\/api.w.org\/{rel}","templated":true}]}}