{"id":30764,"date":"2024-10-18T09:30:00","date_gmt":"2024-10-18T07:30:00","guid":{"rendered":"https:\/\/vereinwelle.ch\/?p=30764"},"modified":"2024-10-23T11:20:34","modified_gmt":"2024-10-23T09:20:34","slug":"eine-stimme-fur-gerechtigkeit-die-nicht-zum-schweigen-gebracht-wird","status":"publish","type":"post","link":"https:\/\/vereinwelle.ch\/de\/a-voice-for-justice-that-will-not-be-silenced\/","title":{"rendered":"Aktivistin k\u00e4mpft trotz Repression f\u00fcr Menschenrechte"},"content":{"rendered":"<p>Maryam Akbari Monfared, eine der am l\u00e4ngsten inhaftierten politischen Gefangenen im Iran, ist ein Symbol f\u00fcr Unverw\u00fcstlichkeit und unersch\u00fctterlichen Mut in ihrem Kampf f\u00fcr Gerechtigkeit. Obwohl sie ihre 15-j\u00e4hrige Haftstrafe verb\u00fc\u00dft hat, bleibt sie hinter Gittern. Am 12. Oktober 2024, dem Tag, an dem sie eigentlich freigelassen werden sollte, erhielt sie ein neues Urteil, das ihre Haftzeit um zwei weitere Jahre verl\u00e4ngerte. Seit 15 Jahren wird Akbari Monfared verweigert, ihre Familie zu besuchen, und ihr wird die medizinische Versorgung verweigert.<\/p>\n\n\n\n<h2 class=\"wp-block-heading\">Menschenrechtsaktivist und politischer Gefangener<\/h2>\n\n\n\n<p>Maryam Akbari Monfared, eine prominente Gefangene aus Gewissensgr\u00fcnden, wurde wegen ihres Engagements f\u00fcr die Menschenrechte und ihrer Proteste gegen die politische Unterdr\u00fcckung im Iran inhaftiert. Als Mutter von vier Kindern wurde sie von ihrer j\u00fcngsten Tochter Sara getrennt, die bei ihrer Verhaftung gerade einmal drei Jahre alt war. Ihre Kinder sind ohne die Anwesenheit ihrer Mutter aufgewachsen und haben sie nur durch die Gitterst\u00e4be des Gef\u00e4ngnisses gesehen.<\/p>\n\n\n\n<p>Maryams einziges \"Verbrechen\" bestand darin, dass sie von den iranischen Beh\u00f6rden Rechenschaft f\u00fcr die Hinrichtung ihrer Geschwister w\u00e4hrend der Massenhinrichtungen in den 1980er Jahren verlangte.<\/p>\n\n\n\n<h2 class=\"wp-block-heading\">Ein Beweis f\u00fcr die Widerstandsf\u00e4higkeit<\/h2>\n\n\n\n<p>Trotz des starken psychischen Drucks, der Drohungen und der zus\u00e4tzlichen Anschuldigungen hat Maryam Akbari Monfared nie aufgegeben, nach der Wahrheit zu suchen. Ihr Mut ist mit einem hohen Preis verbunden: Exil, strenge Einschr\u00e4nkungen und die Verl\u00e4ngerung ihrer Haftzeit. Ihr Fall ist ein Zeugnis f\u00fcr die Widerstandsf\u00e4higkeit von Frauen, die sich nicht von systematischer Ungerechtigkeit zum Schweigen bringen lassen. Maryam Akbari Monfared ist ein Symbol des Widerstands, ihr Licht leuchtet trotz der unerbittlichen Bem\u00fchungen, es auszul\u00f6schen, weiter.<\/p>\n\n\n\n<h2 class=\"wp-block-heading\">Beteiligen Sie sich an der Kampagne zur Befreiung von Menschenrechtsaktivisten<\/h2>\n\n\n\n<p>Wir laden Sie ein, sich unserer Kampagne zur Unterst\u00fctzung der Freilassung von Menschenrechtsaktivisten wie Maryam Akbari Monfared anzuschlie\u00dfen. Erheben Sie Ihre Stimme f\u00fcr Gerechtigkeit und tragen Sie dazu bei, dass die Welt von der anhaltenden Unterdr\u00fcckung von Aktivistinnen im Iran erf\u00e4hrt.<\/p>\n\n\n\n<p>Ihre Unterst\u00fctzung kann dazu beitragen, das weltweite Bewusstsein zu sch\u00e4rfen und Druck auf die iranischen Beh\u00f6rden auszu\u00fcben, damit sie politische Gefangene wie Maryam freilassen. Gemeinsam k\u00f6nnen wir f\u00fcr Freiheit und Menschenrechte k\u00e4mpfen und <strong>Justiz<\/strong>.<\/p>","protected":false},"excerpt":{"rendered":"<p>Maryam Akbari Monfared, one of Iran&#8217;s longest-serving political prisoners, is a symbol of resilience and unwavering courage in her fight for justice. Despite completing her 15-year sentence, she remains behind bars. On October 12, 2024, the day she was supposed to be released, she was given a new sentence, adding two more years to her [&hellip;]<\/p>\n","protected":false},"author":2,"featured_media":30765,"comment_status":"open","ping_status":"open","sticky":false,"template":"","format":"standard","meta":{"footnotes":""},"categories":[84],"tags":[],"class_list":["post-30764","post","type-post","status-publish","format-standard","has-post-thumbnail","hentry","category-story-of-resilience-news"],"_links":{"self":[{"href":"https:\/\/vereinwelle.ch\/de\/wp-json\/wp\/v2\/posts\/30764","targetHints":{"allow":["GET"]}}],"collection":[{"href":"https:\/\/vereinwelle.ch\/de\/wp-json\/wp\/v2\/posts"}],"about":[{"href":"https:\/\/vereinwelle.ch\/de\/wp-json\/wp\/v2\/types\/post"}],"author":[{"embeddable":true,"href":"https:\/\/vereinwelle.ch\/de\/wp-json\/wp\/v2\/users\/2"}],"replies":[{"embeddable":true,"href":"https:\/\/vereinwelle.ch\/de\/wp-json\/wp\/v2\/comments?post=30764"}],"version-history":[{"count":0,"href":"https:\/\/vereinwelle.ch\/de\/wp-json\/wp\/v2\/posts\/30764\/revisions"}],"wp:featuredmedia":[{"embeddable":true,"href":"https:\/\/vereinwelle.ch\/de\/wp-json\/wp\/v2\/media\/30765"}],"wp:attachment":[{"href":"https:\/\/vereinwelle.ch\/de\/wp-json\/wp\/v2\/media?parent=30764"}],"wp:term":[{"taxonomy":"category","embeddable":true,"href":"https:\/\/vereinwelle.ch\/de\/wp-json\/wp\/v2\/categories?post=30764"},{"taxonomy":"post_tag","embeddable":true,"href":"https:\/\/vereinwelle.ch\/de\/wp-json\/wp\/v2\/tags?post=30764"}],"curies":[{"name":"wp","href":"https:\/\/api.w.org\/{rel}","templated":true}]}}