{"id":30784,"date":"2022-03-23T09:00:00","date_gmt":"2022-03-23T08:00:00","guid":{"rendered":"https:\/\/vereinwelle.ch\/?p=30784"},"modified":"2024-10-30T16:38:17","modified_gmt":"2024-10-30T15:38:17","slug":"freiheit-nach-mehr-als-18-jahren-freiheitsentzug-2","status":"publish","type":"post","link":"https:\/\/vereinwelle.ch\/de\/freedom-after-more-than-18-years-of-imprisonment-2\/","title":{"rendered":"Freiheit nach mehr als 18 Jahren Freiheitsentzug"},"content":{"rendered":"<p>Nach mehr als 18 Jahren Haft ist ein politischer Gefangener endlich freigelassen worden, was einen bedeutenden Sieg f\u00fcr die Menschenrechtsverteidiger darstellt. Dies ist ein bedeutender Sieg f\u00fcr die Menschenrechtsverteidiger. Dieser Erfolg ist das Ergebnis beharrlicher Bem\u00fchungen und internationaler Kampagnen, die darauf abzielen, die Freiheit der politischen Gefangenen im Iran zu sichern.<\/p>\n\n\n\n<p>Der ehemalige H\u00e4ftling wurde urspr\u00fcnglich wegen seines politischen Engagements und seines Einsatzes f\u00fcr die Menschenrechte verhaftet. Seine lange Inhaftierung unter unmenschlichen Bedingungen l\u00f6ste internationale Emp\u00f6rung aus, und zahlreiche Menschenrechtsorganisationen setzten sich im Laufe der Jahre unerm\u00fcdlich f\u00fcr seine Freilassung ein.<\/p>\n\n\n\n<p>Dieser Erfolg ist ein starkes Symbol der Hoffnung und des fortgesetzten Kampfes f\u00fcr Gerechtigkeit und Menschenrechte im Iran. Wir danken allen, die zu diesem Ergebnis beigetragen haben, von ganzem Herzen.<\/p>\n\n\n\n<p><\/p>","protected":false},"excerpt":{"rendered":"<p>After more than 18 years of imprisonment, a political prisoner has finally been released, marking a significant victory for human rights advocates. This success comes after persistent efforts and international campaigns aimed at securing the freedom of political prisoners in Iran. The former prisoner was originally arrested for his political activism and defense of human [&hellip;]<\/p>\n","protected":false},"author":2,"featured_media":30812,"comment_status":"open","ping_status":"open","sticky":false,"template":"","format":"standard","meta":{"footnotes":""},"categories":[83],"tags":[],"class_list":["post-30784","post","type-post","status-publish","format-standard","has-post-thumbnail","hentry","category-human-rights-success-stories"],"_links":{"self":[{"href":"https:\/\/vereinwelle.ch\/de\/wp-json\/wp\/v2\/posts\/30784","targetHints":{"allow":["GET"]}}],"collection":[{"href":"https:\/\/vereinwelle.ch\/de\/wp-json\/wp\/v2\/posts"}],"about":[{"href":"https:\/\/vereinwelle.ch\/de\/wp-json\/wp\/v2\/types\/post"}],"author":[{"embeddable":true,"href":"https:\/\/vereinwelle.ch\/de\/wp-json\/wp\/v2\/users\/2"}],"replies":[{"embeddable":true,"href":"https:\/\/vereinwelle.ch\/de\/wp-json\/wp\/v2\/comments?post=30784"}],"version-history":[{"count":0,"href":"https:\/\/vereinwelle.ch\/de\/wp-json\/wp\/v2\/posts\/30784\/revisions"}],"wp:featuredmedia":[{"embeddable":true,"href":"https:\/\/vereinwelle.ch\/de\/wp-json\/wp\/v2\/media\/30812"}],"wp:attachment":[{"href":"https:\/\/vereinwelle.ch\/de\/wp-json\/wp\/v2\/media?parent=30784"}],"wp:term":[{"taxonomy":"category","embeddable":true,"href":"https:\/\/vereinwelle.ch\/de\/wp-json\/wp\/v2\/categories?post=30784"},{"taxonomy":"post_tag","embeddable":true,"href":"https:\/\/vereinwelle.ch\/de\/wp-json\/wp\/v2\/tags?post=30784"}],"curies":[{"name":"wp","href":"https:\/\/api.w.org\/{rel}","templated":true}]}}