{"id":30878,"date":"2024-11-11T14:00:00","date_gmt":"2024-11-11T13:00:00","guid":{"rendered":"https:\/\/vereinwelle.ch\/?p=30878"},"modified":"2025-06-12T13:45:04","modified_gmt":"2025-06-12T11:45:04","slug":"10-bahai-frauen-in-isfahan-zu-langen-haftstrafen-und-hohen-busgeldern-verurteilt","status":"publish","type":"post","link":"https:\/\/vereinwelle.ch\/de\/10-bahai-women-in-isfahan-sentenced-to-lengthy-prison-terms-and-heavy-fines\/","title":{"rendered":"Zehn Bahai-Frauen in Isfahan zu harten Strafen verurteilt"},"content":{"rendered":"<p>In einer Zeit, in der Glaubensfreiheit und friedliche Koexistenz globale Ideale sind, offenbaren Berichte aus dem Iran eine beunruhigende Realit\u00e4t f\u00fcr religi\u00f6se Minderheiten. K\u00fcrzlich wurden zehn Bah\u00e1'\u00ed-Frauen in Isfahan vom Revolutionsgericht zu insgesamt 90 Jahren Gef\u00e4ngnis und Geldstrafen in H\u00f6he von 900 Millionen Toman verurteilt. Die Frauen - Yeganeh Agahi, Neda Badakhsh, Parastoo Hakim, Negin Khademi, Yeganeh Rouhbaksh, Arezoo Sobhanian, Mojgan Shahrazai, Shana Shoghi-Far, Neda Emadi und Bahareh Lotfi - wurden verurteilt, weil sie sich an gemeinschaftsbezogenen Aktivit\u00e4ten wie der Organisation von Kunst-, Sport- und Bildungsworkshops f\u00fcr Kinder und Jugendliche, auch afghanischer Herkunft, beteiligt hatten. Diese Bem\u00fchungen, die in vielen Teilen der Welt als f\u00f6rderlich und wichtig angesehen werden, wurden als kriminelle Handlungen unter dem Vorwurf \"erzieherische Aktivit\u00e4ten und Propaganda gegen das heilige islamische Gesetz\" eingestuft.<\/p>\n\n\n\n<p>Die Verurteilung umfasste nicht nur Haft- und hohe Geldstrafen, sondern auch die Konfiszierung von pers\u00f6nlichem Eigentum und strenge Einschr\u00e4nkungen bei der Nutzung sozialer Medien und bei Reisen. Trotz einer soliden Verteidigung durch die Frauen und ihre Anw\u00e4lte, die beteuerten, dass ihre Aktivit\u00e4ten - wie Musikunterricht, Yoga und Ausfl\u00fcge in die Natur - rechtm\u00e4\u00dfig waren und sich auf die Unterst\u00fctzung der Gemeinschaft konzentrierten, stufte das Revolutionsgericht diese Bem\u00fchungen als schwere Straftaten ein und verh\u00e4ngte die Urteile im Geheimen.<\/p>\n\n\n\n<p>Dieser Fall hat die Aufmerksamkeit erneut auf die seit langem bestehenden Herausforderungen gelenkt, mit denen religi\u00f6se Minderheiten im Iran konfrontiert sind, insbesondere die Bah\u00e1'\u00ed, die die gr\u00f6\u00dfte nicht-muslimische Religionsgemeinschaft des Landes darstellen. Seit Jahrzehnten werden die Bah\u00e1'\u00ed systematisch diskriminiert, in sozialen, wirtschaftlichen und rechtlichen Bereichen behindert und vieler ihrer B\u00fcrgerrechte beraubt.<\/p>","protected":false},"excerpt":{"rendered":"<p>In an era where freedom of belief and peaceful coexistence are global ideals, reports from Iran reveal a troubling reality for religious minorities. Recently, 10 Bah\u00e1&#8217;\u00ed women in Isfahan were sentenced by the Revolutionary Court to a combined total of 90 years in prison and fines amounting to 900 million tomans. The women\u2014Yeganeh Agahi, Neda [&hellip;]<\/p>\n","protected":false},"author":2,"featured_media":30879,"comment_status":"open","ping_status":"open","sticky":false,"template":"","format":"standard","meta":{"footnotes":""},"categories":[30,74,75],"tags":[],"class_list":["post-30878","post","type-post","status-publish","format-standard","has-post-thumbnail","hentry","category-news","category-saving-peaceful-protesters","category-supporting-courageous-women"],"_links":{"self":[{"href":"https:\/\/vereinwelle.ch\/de\/wp-json\/wp\/v2\/posts\/30878","targetHints":{"allow":["GET"]}}],"collection":[{"href":"https:\/\/vereinwelle.ch\/de\/wp-json\/wp\/v2\/posts"}],"about":[{"href":"https:\/\/vereinwelle.ch\/de\/wp-json\/wp\/v2\/types\/post"}],"author":[{"embeddable":true,"href":"https:\/\/vereinwelle.ch\/de\/wp-json\/wp\/v2\/users\/2"}],"replies":[{"embeddable":true,"href":"https:\/\/vereinwelle.ch\/de\/wp-json\/wp\/v2\/comments?post=30878"}],"version-history":[{"count":1,"href":"https:\/\/vereinwelle.ch\/de\/wp-json\/wp\/v2\/posts\/30878\/revisions"}],"predecessor-version":[{"id":31523,"href":"https:\/\/vereinwelle.ch\/de\/wp-json\/wp\/v2\/posts\/30878\/revisions\/31523"}],"wp:featuredmedia":[{"embeddable":true,"href":"https:\/\/vereinwelle.ch\/de\/wp-json\/wp\/v2\/media\/30879"}],"wp:attachment":[{"href":"https:\/\/vereinwelle.ch\/de\/wp-json\/wp\/v2\/media?parent=30878"}],"wp:term":[{"taxonomy":"category","embeddable":true,"href":"https:\/\/vereinwelle.ch\/de\/wp-json\/wp\/v2\/categories?post=30878"},{"taxonomy":"post_tag","embeddable":true,"href":"https:\/\/vereinwelle.ch\/de\/wp-json\/wp\/v2\/tags?post=30878"}],"curies":[{"name":"wp","href":"https:\/\/api.w.org\/{rel}","templated":true}]}}