{"id":31064,"date":"2025-01-01T10:15:00","date_gmt":"2025-01-01T09:15:00","guid":{"rendered":"https:\/\/vereinwelle.ch\/?p=31064"},"modified":"2025-06-12T13:16:45","modified_gmt":"2025-06-12T11:16:45","slug":"erklarung-von-haftlingen-gegen-menschliche-tragodien-wie-die-steinigung-im-iran","status":"publish","type":"post","link":"https:\/\/vereinwelle.ch\/de\/prisoners-statement-against-human-tragedies-such-as-stoning-in-iran\/","title":{"rendered":"Iranische H\u00e4ftlinge verurteilen Steinigungen"},"content":{"rendered":"<p>Die Kampagne \"Dienstags gegen die Todesstrafe\" l\u00e4uft nun schon seit 49 Wochen. Diese Erkl\u00e4rung bezieht sich auf die schockierende Trag\u00f6die, die sich im Iran abspielt, und wir rufen mit der Ver\u00f6ffentlichung dieser Erkl\u00e4rung die internationale Gemeinschaft auf, maximalen Druck auf das iranische Regime auszu\u00fcben:<\/p>\n\n\n\n<p>\"Das Schweigen angesichts solcher Trag\u00f6dien ist eine Form der Komplizenschaft mit ihnen\".<\/p>\n\n\n\n<p>Die 49. Woche der Kampagne \"Dienstags Nein zu Hinrichtungen\" wurde in 28 verschiedenen Gef\u00e4ngnissen fortgesetzt.<\/p>\n\n\n\n<p>In den Tagen, in denen die Stimmen der Menschen und Aktivisten gegen die Todesstrafe lauter denn je geworden sind, haben die Hinrichtungen und Repressionen nicht nur nicht abgenommen, sondern die autorit\u00e4re Regierung hat sie sogar noch verst\u00e4rkt. In den letzten Tagen hat die Justiz die Amputation von K\u00f6rperteilen (Armen und Beinen) bei Personen, die des Diebstahls und der Kriegsverbrechen beschuldigt werden, genehmigt, um ihre brutalen Verbrechen zu normalisieren und mit diesen repressiven Methoden Angst und Unterdr\u00fcckung in der Gesellschaft zu verbreiten.  Viele dieser mutma\u00dflichen Diebe sind Opfer der strukturellen Korruption, der Klassendiskriminierung, des Diebstahls und der astronomischen Veruntreuung durch die Machthaber und die mit der Regierung verbundenen Unternehmen.<\/p>\n\n\n\n<p>Die frauenfeindliche Regierung des Iran, die ihre Unterdr\u00fcckung fortsetzt, hat eine Reihe von weiblichen Gefangenen im Gef\u00e4ngnis von Qarchak wegen unerlaubter Beziehungen zur mittelalterlichen Strafe der \"Steinigung\" verurteilt, die im optimistischsten Fall in den Tod durch Steinigung anstelle des Feuertodes umgewandelt werden kann. Wir sind der Meinung, dass Schweigen angesichts solcher Trag\u00f6dien als Mitschuld gilt, und wir m\u00fcssen gegen diese Grausamkeit und Barbarei aufstehen.<\/p>\n\n\n\n<p>In den ersten zehn Januartagen wurden mindestens 41 Menschen hingerichtet, 23 in nur drei Tagen, und das in einer Regierung, die t\u00e4glich Zeugen zahlreicher Hinrichtungen in verschiedenen Gef\u00e4ngnissen ist. Und eine gro\u00dfe Zahl der in verschiedenen Gef\u00e4ngnissen zum Tode Verurteilten wurde zur Verb\u00fc\u00dfung ihrer Strafe in Einzelhaft verlegt.<\/p>\n\n\n\n<p>Das Revolutionsgericht von Ahwaz hat das Todesurteil gegen den politischen Gefangenen Mujahid Korkor, der seit mehr als zwei Jahren inhaftiert ist, zum zweiten Mal best\u00e4tigt, und sein Leben ist in gro\u00dfer Gefahr.<\/p>\n\n\n\n<p>&nbsp;In letzter Zeit hat die autorit\u00e4re Regierung des Obersten F\u00fchrers Druck ausge\u00fcbt und gedroht, unabh\u00e4ngige und ehrenhafte Anw\u00e4lte zu verhaften, die versuchen, die F\u00e4lle von politischen Gefangenen und zum Tode Verurteilten zu \u00fcbernehmen. Dieses Vorgehen, das wir in den letzten Jahren mehrfach beobachten konnten, hat dazu gef\u00fchrt, dass einige Anw\u00e4lte inhaftiert wurden, nur weil sie ihre Mandanten verteidigt haben. Diese ehrenwerten und unabh\u00e4ngigen Anw\u00e4lte m\u00fcssen verteidigt werden.<\/p>\n\n\n\n<p>In den letzten Tagen haben wir eine breite Unterst\u00fctzung f\u00fcr diese Kampagne von Aktivisten innerhalb und au\u00dferhalb des Landes erfahren. Wir sind allen aufrichtig dankbar und glauben, dass die Ablehnung der Todesstrafe die Ablehnung jeder Art von Hinrichtung und die Unterst\u00fctzung jeder zum Tode verurteilten Person bedeuten sollte.<\/p>\n\n\n\n<p>Die Kampagne \"No to Death Penalty Tuesdays\" verurteilt die repressiven und unmenschlichen Ma\u00dfnahmen der Regierung, die eine grobe Verletzung der Menschenrechte darstellen, und ruft alle Aktivisten in diesem Bereich auf, gegen die Repression und die Hinrichtungen im Iran vorzugehen.<\/p>\n\n\n\n<p>&nbsp;Wir rufen auch das iranische Volk und die Gefangenen auf, diese Kampagne zur Abschaffung der Todesstrafe im Iran zu unterst\u00fctzen und sich ihr anzuschlie\u00dfen. Durch Solidarit\u00e4t und gemeinsames Handeln k\u00f6nnen wir die Ursache f\u00fcr Hinrichtungen beseitigen und ein Land frei von Gewalt und Hinrichtungen aufbauen. Wir vergessen nicht, dass die Urheber dieser Hinrichtungen, T\u00f6tungen und Repressionen die gr\u00f6\u00dften Verbrecher gegen die Menschlichkeit sind, die f\u00fcr ihre sch\u00e4ndlichen Taten vor einem Volksgerichtshof zur Rechenschaft gezogen werden m\u00fcssen. Zweifellos sind die T\u00e4ter vieler dieser Verbrechen die unterdr\u00fcckerischen Herrscher, die die Macht und die Regierung zu ihrem eigenen Vorteil an sich gerissen haben und gegen jede Form von Freiheit und Gleichheit sind.<\/p>\n\n\n\n<p>Am Dienstag, den 1. Januar 2024, in der 49. Woche, werden die Mitglieder der Kampagne \"Dienstags Nein zu Hinrichtungen\" in 28 Gef\u00e4ngnissen in den Hungerstreik treten.<\/p>","protected":false},"excerpt":{"rendered":"<p>The &#8220;Tuesdays Against Death Penalty&#8221; Campaign has continued for 49 weeks. This statement refers to the shocking tragedy that is happening in Iran, and we, by publishing this statement, call on the international community to put maximum pressure on the Iranian regime: &#8220;Silence in the face of such tragedies is a form of complicity with [&hellip;]<\/p>\n","protected":false},"author":2,"featured_media":31065,"comment_status":"open","ping_status":"open","sticky":false,"template":"","format":"standard","meta":{"footnotes":""},"categories":[30],"tags":[],"class_list":["post-31064","post","type-post","status-publish","format-standard","has-post-thumbnail","hentry","category-news"],"_links":{"self":[{"href":"https:\/\/vereinwelle.ch\/de\/wp-json\/wp\/v2\/posts\/31064","targetHints":{"allow":["GET"]}}],"collection":[{"href":"https:\/\/vereinwelle.ch\/de\/wp-json\/wp\/v2\/posts"}],"about":[{"href":"https:\/\/vereinwelle.ch\/de\/wp-json\/wp\/v2\/types\/post"}],"author":[{"embeddable":true,"href":"https:\/\/vereinwelle.ch\/de\/wp-json\/wp\/v2\/users\/2"}],"replies":[{"embeddable":true,"href":"https:\/\/vereinwelle.ch\/de\/wp-json\/wp\/v2\/comments?post=31064"}],"version-history":[{"count":2,"href":"https:\/\/vereinwelle.ch\/de\/wp-json\/wp\/v2\/posts\/31064\/revisions"}],"predecessor-version":[{"id":31502,"href":"https:\/\/vereinwelle.ch\/de\/wp-json\/wp\/v2\/posts\/31064\/revisions\/31502"}],"wp:featuredmedia":[{"embeddable":true,"href":"https:\/\/vereinwelle.ch\/de\/wp-json\/wp\/v2\/media\/31065"}],"wp:attachment":[{"href":"https:\/\/vereinwelle.ch\/de\/wp-json\/wp\/v2\/media?parent=31064"}],"wp:term":[{"taxonomy":"category","embeddable":true,"href":"https:\/\/vereinwelle.ch\/de\/wp-json\/wp\/v2\/categories?post=31064"},{"taxonomy":"post_tag","embeddable":true,"href":"https:\/\/vereinwelle.ch\/de\/wp-json\/wp\/v2\/tags?post=31064"}],"curies":[{"name":"wp","href":"https:\/\/api.w.org\/{rel}","templated":true}]}}