{"id":31149,"date":"2025-02-28T15:13:33","date_gmt":"2025-02-28T14:13:33","guid":{"rendered":"https:\/\/vereinwelle.ch\/?p=31149"},"modified":"2025-03-08T21:04:57","modified_gmt":"2025-03-08T20:04:57","slug":"mahnwache-in-genf-macht-auf-die-drohende-hinrichtung-im-iran-aufmerksam","status":"publish","type":"post","link":"https:\/\/vereinwelle.ch\/de\/vigil-in-geneva-highlights-the-imminent-execution-threat-in-iran\/","title":{"rendered":"Mahnwache in Genf, Stoppt Exekutionen im Iran"},"content":{"rendered":"<p>Auf <strong>Februar 24<\/strong>, Freiwillige aus <strong>Verein Welle<\/strong> und freiheitsliebende Exil-Iraner hielten eine <strong>Mahnwache und Menschenrechtsausstellung<\/strong> unter <strong>Place des Nations vor dem Sitz der Vereinten Nationen in Genf<\/strong>. Diese Veranstaltung war Teil einer <strong>weltweite Kampagne<\/strong> Hinrichtungen im Iran zu stoppen und die Aufmerksamkeit auf die <strong>drohende Hinrichtungen<\/strong> konfrontiert mit <strong>Behrouz Ehsani und <a href=\"https:\/\/vereinwelle.ch\/de\/dringende-verhinderung-der-hinrichtung-von-politischen-gefangenen-im-iran\/\">Mehdi Hassan<\/a>i<\/strong>zusammen mit vielen anderen inhaftierten Menschenrechtsaktivisten, die von der iranischen Regierung zum Tode verurteilt wurden. <strong>brutales klerikales Regime<\/strong>.<\/p>\n\n\n\n<p>Die Genfer Mahnwache war <strong>eine von vielen Demonstrationen weltweit<\/strong>als Aktivisten, Menschenrechtsorganisationen und iranische Gemeinden in ganz Europa. <strong>Europa, Nordamerika und dar\u00fcber hinaus<\/strong> haben ihre Kr\u00e4fte geb\u00fcndelt, um eine einzigartige Botschaft zu verbreiten:<\/p>\n\n\n\n<figure class=\"wp-block-image size-full\"><img fetchpriority=\"high\" decoding=\"async\" width=\"970\" height=\"550\" src=\"https:\/\/vereinwelle.ch\/wp-content\/uploads\/2025\/02\/photo_2025-02-27_15-10-12.jpg\" alt=\"Exekutionen im Iran\" class=\"wp-image-31151\" srcset=\"https:\/\/vereinwelle.ch\/wp-content\/uploads\/2025\/02\/photo_2025-02-27_15-10-12.jpg 970w, https:\/\/vereinwelle.ch\/wp-content\/uploads\/2025\/02\/photo_2025-02-27_15-10-12-300x170.jpg 300w, https:\/\/vereinwelle.ch\/wp-content\/uploads\/2025\/02\/photo_2025-02-27_15-10-12-768x435.jpg 768w, https:\/\/vereinwelle.ch\/wp-content\/uploads\/2025\/02\/photo_2025-02-27_15-10-12-18x10.jpg 18w\" sizes=\"(max-width: 970px) 100vw, 970px\" \/><\/figure>\n\n\n\n<p>Von <strong>Berlin nach London, Paris<\/strong>wurden Stimmen laut, die <strong>Solidarit\u00e4t mit den iranischen politischen Gefangenen<\/strong>. Die Demonstranten auf der ganzen Welt forderten ihre Regierungen, die <strong>Vereinte Nationen und internationale Institutionen<\/strong> zum Mitnehmen <strong>sofortiges und entschlossenes Handeln<\/strong> gegen die staatlich sanktionierten T\u00f6tungen im Iran.<\/p>\n\n\n\n<p>Bei der Mahnwache in Genf wurde ein <strong>starke Ausstellung<\/strong> Bilder fr\u00fcherer Hinrichtungsopfer neben Portr\u00e4ts von H\u00e4ftlingen gezeigt <strong>derzeit vor dem Galgen<\/strong>. <strong>Bijan<\/strong>ein \u00dcberlebender des <strong>Massaker im Iran 1988<\/strong>teilte sein ersch\u00fctterndes Zeugnis \u00fcber die <strong>die anhaltenden Menschenrechtsverletzungen des Regimes<\/strong> und \u00fcbergab die gemeinsame Forderung der Mahnwachen-Teilnehmer an die UN:<\/p>\n\n\n\n<figure class=\"wp-block-image size-large\"><img decoding=\"async\" width=\"1024\" height=\"577\" src=\"https:\/\/vereinwelle.ch\/wp-content\/uploads\/2025\/02\/WhatsApp-Image-2025-02-24-at-16.21.10_59ea1da8-1024x577.jpg\" alt=\"\" class=\"wp-image-31152\" srcset=\"https:\/\/vereinwelle.ch\/wp-content\/uploads\/2025\/02\/WhatsApp-Image-2025-02-24-at-16.21.10_59ea1da8-1024x577.jpg 1024w, https:\/\/vereinwelle.ch\/wp-content\/uploads\/2025\/02\/WhatsApp-Image-2025-02-24-at-16.21.10_59ea1da8-300x169.jpg 300w, https:\/\/vereinwelle.ch\/wp-content\/uploads\/2025\/02\/WhatsApp-Image-2025-02-24-at-16.21.10_59ea1da8-768x432.jpg 768w, https:\/\/vereinwelle.ch\/wp-content\/uploads\/2025\/02\/WhatsApp-Image-2025-02-24-at-16.21.10_59ea1da8-1536x865.jpg 1536w, https:\/\/vereinwelle.ch\/wp-content\/uploads\/2025\/02\/WhatsApp-Image-2025-02-24-at-16.21.10_59ea1da8-18x10.jpg 18w, https:\/\/vereinwelle.ch\/wp-content\/uploads\/2025\/02\/WhatsApp-Image-2025-02-24-at-16.21.10_59ea1da8.jpg 1600w\" sizes=\"(max-width: 1024px) 100vw, 1024px\" \/><\/figure>\n\n\n\n<h2 class=\"wp-block-heading\"><strong>Ein Weckruf f\u00fcr die Genfer B\u00fcrgerinnen und B\u00fcrger<\/strong><\/h2>\n\n\n\n<p>Als die Menschen durch <strong>Platz der Nationen<\/strong>Viele blieben stehen, sichtlich ersch\u00fcttert von der <strong>Die ersch\u00fctternde Realit\u00e4t der Menschenrechtskrise in Iran<\/strong>. <strong>Genfer B\u00fcrgerinnen und B\u00fcrger brachten ihre tiefe Solidarit\u00e4t zum Ausdruck<\/strong>mit Aktivisten in Kontakt treten, Petitionen unterzeichnen und ihre Unterst\u00fctzung f\u00fcr folgende Themen zum Ausdruck bringen <strong>ein Ende der Hinrichtungen und der Diktatur im Iran<\/strong>.<\/p>\n\n\n\n<p>Die <strong>weltweite Kampagne<\/strong> gegen Hinrichtungen, gest\u00e4rkt durch st\u00e4ndige Mahnwachen wie die in Genf, gew\u00e4hrleistet, dass <strong>Irans Verbrechen bleiben im internationalen Rampenlicht<\/strong>. Diese Bem\u00fchungen <strong><a href=\"https:\/\/www.ohchr.org\/en\/special-procedures\/sr-iran\" data-type=\"link\" data-id=\"https:\/\/www.ohchr.org\/en\/special-procedures\/sr-iran\" target=\"_blank\" rel=\"noopener\">Druck auf UN-Institutionen und weltweit f\u00fchrende Politiker aus\u00fcben<\/a><\/strong> zum Mitnehmen <strong>sinnvolles Vorgehen<\/strong>.<\/p>\n\n\n\n<p>Mit <strong>unerm\u00fcdliche Lobbyarbeit und breite \u00f6ffentliche Aufmerksamkeit<\/strong>Der Verein Welle setzt sich weiterhin f\u00fcr die <strong>Vertreter der Vereinten Nationen und internationaler Organisationen<\/strong> ihrer Verantwortung gerecht zu werden und <strong>fordern ein Ende der staatlich sanktionierten T\u00f6tungen im Iran<\/strong>.<\/p>\n\n\n\n<p>\ud83d\udea8 <strong>Behrouz Ehsani und Mehdi Hassani befinden sich in unmittelbarer Gefahr.<\/strong> Ihre <strong>Die Todesurteile wurden best\u00e4tigt.<\/strong> von Irans <strong>Oberstes Gericht<\/strong>und ihre Hinrichtung k\u00f6nnte jeden Moment erfolgen.<\/p>\n\n\n\n<p>Als Antwort darauf, am <strong>Februar 26<\/strong>hat der Verein Welle eine <strong>dringender Appell<\/strong> zu <strong>Volker T\u00fcrk, der UN-Hochkommissar f\u00fcr Menschenrechte,<\/strong> und andere wichtige UN-Institutionen. Der Appell fordert <strong>sofortiges Eingreifen<\/strong> zu <strong>die Hinrichtungen zu stoppen<\/strong> und das iranische Regime unter Druck zu setzen <strong>Achtung der grundlegenden Menschenrechte<\/strong>.<\/p>\n\n\n\n<h3 class=\"wp-block-heading\"><strong>Eine weltweite Bewegung f\u00fcr Gerechtigkeit<\/strong><\/h3>\n\n\n\n<p>Diese <strong>Globale Kampagne gegen Hinrichtungen im Iran<\/strong> ist ein Zeugnis f\u00fcr die <strong>die Kraft der internationalen Solidarit\u00e4t<\/strong>. Von den Stra\u00dfen von Genf bis <strong>Hauptst\u00e4dte in der ganzen Welt<\/strong>Die Aktivisten weigern sich, diese Verbrechen unbemerkt zu lassen.<\/p>\n\n\n\n<p><\/p>","protected":false},"excerpt":{"rendered":"<p>On February 24, volunteers from Verein Welle and freedom-loving exiled Iranians held a vigil and human rights exhibition at Place des Nations in front of the United Nations headquarters in Geneva. This event was part of a worldwide campaign to stop executions in Iran, drawing attention to the imminent execution threats faced by Behrouz Ehsani [&hellip;]<\/p>\n","protected":false},"author":3,"featured_media":31150,"comment_status":"open","ping_status":"open","sticky":false,"template":"","format":"standard","meta":{"footnotes":""},"categories":[32,77,82,78,1],"tags":[],"class_list":["post-31149","post","type-post","status-publish","format-standard","has-post-thumbnail","hentry","category-activities","category-human-right-and-international-reporting","category-international-human-rights-advocacy","category-international-human-rights-conferences","category-uncategorized"],"_links":{"self":[{"href":"https:\/\/vereinwelle.ch\/de\/wp-json\/wp\/v2\/posts\/31149","targetHints":{"allow":["GET"]}}],"collection":[{"href":"https:\/\/vereinwelle.ch\/de\/wp-json\/wp\/v2\/posts"}],"about":[{"href":"https:\/\/vereinwelle.ch\/de\/wp-json\/wp\/v2\/types\/post"}],"author":[{"embeddable":true,"href":"https:\/\/vereinwelle.ch\/de\/wp-json\/wp\/v2\/users\/3"}],"replies":[{"embeddable":true,"href":"https:\/\/vereinwelle.ch\/de\/wp-json\/wp\/v2\/comments?post=31149"}],"version-history":[{"count":3,"href":"https:\/\/vereinwelle.ch\/de\/wp-json\/wp\/v2\/posts\/31149\/revisions"}],"predecessor-version":[{"id":31196,"href":"https:\/\/vereinwelle.ch\/de\/wp-json\/wp\/v2\/posts\/31149\/revisions\/31196"}],"wp:featuredmedia":[{"embeddable":true,"href":"https:\/\/vereinwelle.ch\/de\/wp-json\/wp\/v2\/media\/31150"}],"wp:attachment":[{"href":"https:\/\/vereinwelle.ch\/de\/wp-json\/wp\/v2\/media?parent=31149"}],"wp:term":[{"taxonomy":"category","embeddable":true,"href":"https:\/\/vereinwelle.ch\/de\/wp-json\/wp\/v2\/categories?post=31149"},{"taxonomy":"post_tag","embeddable":true,"href":"https:\/\/vereinwelle.ch\/de\/wp-json\/wp\/v2\/tags?post=31149"}],"curies":[{"name":"wp","href":"https:\/\/api.w.org\/{rel}","templated":true}]}}