{"id":31170,"date":"2025-03-08T12:55:57","date_gmt":"2025-03-08T11:55:57","guid":{"rendered":"https:\/\/vereinwelle.ch\/?p=31170"},"modified":"2025-06-12T13:00:14","modified_gmt":"2025-06-12T11:00:14","slug":"familien-iranischer-gefangener-protestieren-im-evin-gefangnis","status":"publish","type":"post","link":"https:\/\/vereinwelle.ch\/de\/families-of-iranian-prisoners-protesting-at-evin-prison\/","title":{"rendered":"Familien protestieren im Evin-Gef\u00e4ngnis f\u00fcr Gerechtigkeit"},"content":{"rendered":"<p>Am 8. M\u00e4rz 2025 versammelten sich Familien von zum Tode verurteilten iranischen Gefangenen mutig zu einer Protestkundgebung vor dem ber\u00fcchtigten Evin-Gef\u00e4ngnis in Teheran und forderten die Aufhebung der ungerechten und unmenschlichen Hinrichtungsurteile. Diese Demonstration fiel mit der 58. Woche des Hungerstreiks in Folge zusammen, der im Rahmen der landesweiten Kampagne \"Nein zum Hinrichtungsdienstag\" in iranischen Gef\u00e4ngnissen organisiert wurde. Die Familien dieser iranischen Gefangenen trugen Transparente mit dem Slogan \"Nein zur Hinrichtung\" und Fotos von politischen Gefangenen.<a href=\"https:\/\/www.ohchr.org\/en\/press-releases\/2025\/01\/iran-rise-executions-deeply-troubling-un-human-rights-chief\" data-type=\"link\" data-id=\"https:\/\/www.ohchr.org\/en\/press-releases\/2025\/01\/iran-rise-executions-deeply-troubling-un-human-rights-chief\" target=\"_blank\" rel=\"noopener\"> vor der Hinrichtung<\/a>Darunter Vahid Bani Amerian, Pouya Ghobadi und Ali Akbar Daneshvarkar, <a href=\"https:\/\/vereinwelle.ch\/de\/dringende-verhinderung-der-hinrichtung-von-politischen-gefangenen-im-iran\/\" data-type=\"link\" data-id=\"https:\/\/vereinwelle.ch\/urgent-preventing-the-execution-of-political-prisoners-in-iran\/\">Behrouz Ehsani Eslamloo, Mehdi Hassani,<\/a> Mohammad Javad Vafaie Sani und Abolhassan Montazer.<\/p>\n\n\n\n<p>Wir begr\u00fc\u00dfen und w\u00fcrdigen den au\u00dfergew\u00f6hnlichen Mut dieser Familien, die mit ihrem mutigen Handeln unter gro\u00dfem pers\u00f6nlichen Risiko ein deutliches Zeichen des Widerstands gegen das repressive iranische Regime und seine grausame Anwendung der Todesstrafe setzen. Dieses Treffen findet statt, nachdem k\u00fcrzlich bekannt wurde, dass die iranische Justiz die Todesurteile gegen mehrere dieser Gefangenen aufrechterhalten hat, was die Dringlichkeit und den Mut des anhaltenden Widerstands der Familien unterstreicht.<\/p>\n\n\n\n<h2 class=\"wp-block-heading\">Hintergrund: Dienstags \"Nein zu Hinrichtungen\"<\/h2>\n\n\n\n<h3 class=\"wp-block-heading\">Ein w\u00f6chentlicher Schrei nach Gerechtigkeit und Menschenw\u00fcrde<\/h3>\n\n\n\n<p>Dienstags \"Nein zu Hinrichtungen\" ist ein w\u00f6chentlicher Akt des Trotzes und der Solidarit\u00e4t, der von Gefangenen und ihren Familien im Iran initiiert wurde und darauf abzielt, die unterdr\u00fcckerische und weit verbreitete Anwendung der Todesstrafe zu beenden. Jeden Dienstag schlie\u00dfen sich Gefangene, Familien und Menschenrechtsaktivisten zu einem kollektiven Hungerstreik, Protesten und Online-Aktionen zusammen, um auf die st\u00e4ndigen Menschenrechtsverletzungen des Regimes hinzuweisen und sich f\u00fcr die Abschaffung der Hinrichtungen im gesamten Iran einzusetzen.<\/p>\n\n\n\n<h3 class=\"wp-block-heading\">Wie das dienst\u00e4gliche \"Nein zu Hinrichtungen\" begann<\/h3>\n\n\n\n<p>Diese einflussreiche Bewegung entstand als Reaktion auf die aggressive und systematische Anwendung der Todesstrafe durch das iranische Regime gegen politische Gefangene und Randgruppen. Der Iran geh\u00f6rt zu den L\u00e4ndern mit den h\u00f6chsten Hinrichtungsraten weltweit, und die iranische Justiz setzt Todesurteile h\u00e4ufig als politische Waffe ein, um abweichende Meinungen zum Schweigen zu bringen, Minderheiten zu unterdr\u00fccken und die Bev\u00f6lkerung einzusch\u00fcchtern und zu unterwerfen. Als Reaktion darauf hat sich die Initiative \"Nein zu Hinrichtungen\" zu einem starken Symbol der Einheit und des Widerstands entwickelt, das sich direkt gegen die Brutalit\u00e4t der Todesstrafe wendet und die Achtung des menschlichen Lebens und der Menschenw\u00fcrde fordert.<\/p>\n\n\n\n<figure class=\"wp-block-image size-full is-resized\"><img fetchpriority=\"high\" decoding=\"async\" width=\"1920\" height=\"1080\" src=\"https:\/\/vereinwelle.ch\/wp-content\/uploads\/2024\/10\/1.jpg\" alt=\"Dienstag gegen die Todesstrafe im Iran\" class=\"wp-image-31048\" style=\"width:800px;height:auto\" srcset=\"https:\/\/vereinwelle.ch\/wp-content\/uploads\/2024\/10\/1.jpg 1920w, https:\/\/vereinwelle.ch\/wp-content\/uploads\/2024\/10\/1-300x169.jpg 300w, https:\/\/vereinwelle.ch\/wp-content\/uploads\/2024\/10\/1-1024x576.jpg 1024w, https:\/\/vereinwelle.ch\/wp-content\/uploads\/2024\/10\/1-768x432.jpg 768w, https:\/\/vereinwelle.ch\/wp-content\/uploads\/2024\/10\/1-1536x864.jpg 1536w, https:\/\/vereinwelle.ch\/wp-content\/uploads\/2024\/10\/1-18x10.jpg 18w\" sizes=\"(max-width: 1920px) 100vw, 1920px\" \/><\/figure>\n\n\n\n<h3 class=\"wp-block-heading\">Familien an der Spitze der Bewegung<\/h3>\n\n\n\n<p>Im Mittelpunkt der Dienstagsbewegung \"Nein zu Hinrichtungen\" stehen die mutigen Familien von Gefangenen, die zum Tode verurteilt wurden. Jede Woche versammeln sich diese Familien mutig vor den Gef\u00e4ngnissen, insbesondere vor dem ber\u00fcchtigten Evin-Gef\u00e4ngnis in Teheran, halten Transparente mit dem Slogan \"Nein zur Hinrichtung\" hoch und zeigen Fotos ihrer zum Tode verurteilten Angeh\u00f6rigen. Trotz anhaltender Einsch\u00fcchterungen, Drohungen und der Gefahr, selbst inhaftiert zu werden, bleiben M\u00fctter, V\u00e4ter, Schwestern, Br\u00fcder und Kinder politischer Gefangener entschlossen und verleihen ihren Forderungen nach Gerechtigkeit und humaner Behandlung Nachdruck.<\/p>\n\n\n\n<p>In j\u00fcngster Zeit haben Familien zahlreiche Proteste vor dem Evin-Gef\u00e4ngnis veranstaltet, um \u00f6ffentlich gegen ungerechte Urteile gegen politische Gefangene zu protestieren und auf die verheerenden menschlichen Folgen der iranischen Hinrichtungspolitik hinzuweisen. Die Standhaftigkeit dieser Familien \u00fcbt nicht nur Druck auf die iranischen Beh\u00f6rden aus, sondern inspiriert auch die weltweite Anwaltschaft und lenkt die internationale Aufmerksamkeit auf die Menschenrechtskrise, die sich hinter den Gef\u00e4ngnismauern abspielt.<\/p>\n\n\n\n<h3 class=\"wp-block-heading\">Globale Auswirkungen und internationale Unterst\u00fctzung<\/h3>\n\n\n\n<p>Die Tapferkeit dieser Familien ist international nicht unbemerkt geblieben. Menschenrechtsorganisationen und Aktivisten auf der ganzen Welt haben sich mit den iranischen Familien solidarisiert, ihre Botschaft \u00fcber Medienplattformen verbreitet und von den iranischen Beh\u00f6rden Rechenschaft gefordert. Diese weltweite Aufmerksamkeit wird immer wichtiger, insbesondere nachdem k\u00fcrzlich best\u00e4tigt wurde, dass das iranische Regime die Hinrichtungsbefehle f\u00fcr mehrere politische Gefangene aufrechterhalten hat, was die Dringlichkeit dieser Menschenrechtskrise noch verst\u00e4rkt.<\/p>\n\n\n\n<h3 class=\"wp-block-heading\">Das Verm\u00e4chtnis und die Auswirkungen des Aufstands von 2022<\/h3>\n\n\n\n<p>Die Wirkung und die Inspiration der Dienstags-Kampagne \"Nein zu Hinrichtungen\" wurden durch den landesweiten Aufstand im Iran im Jahr 2022, der vor allem von mutigen iranischen Frauen und Jugendlichen angef\u00fchrt wurde, noch erheblich verst\u00e4rkt. Frauen spielten eine zentrale Rolle bei der Initiierung und Unterst\u00fctzung der landesweiten Proteste, die ein wichtiges Kapitel im anhaltenden Kampf des Landes gegen Unterdr\u00fcckung darstellen. Ihre Opfer, darunter viele, die zu M\u00e4rtyrern f\u00fcr die Freiheit wurden, haben das weltweite Bewusstsein gesch\u00e4rft und die Forderungen nach Ver\u00e4nderung, Gerechtigkeit und einem Ende der Hinrichtungen verst\u00e4rkt.<\/p>\n\n\n\n<h3 class=\"wp-block-heading\">Solidarit\u00e4t mit den tapferen Familien Irans<\/h3>\n\n\n\n<p>Heute ist die Dienstagskampagne \"Nein zu Hinrichtungen\" eine eindrucksvolle Erinnerung an die Widerstandsf\u00e4higkeit und den Mut iranischer Familien, die alles riskieren, um f\u00fcr das Leben ihrer Liebsten zu k\u00e4mpfen. Jeder Akt des Widerstands hallt \u00fcber die Gef\u00e4ngnismauern hinaus und erreicht ein internationales Publikum, das entschlossen ist, ihr Streben nach Gerechtigkeit zu unterst\u00fctzen. Ihre Stimmen hallen laut und signalisieren dem iranischen Regime - und der Welt - deutlich, dass der Kampf gegen Hinrichtungen andauert, unnachgiebig und wichtiger denn je ist.<\/p>","protected":false},"excerpt":{"rendered":"<p>On 8 March 2025, families of Iranian prisoners sentenced to death courageously gathered in protest outside Tehran&#8217;s notorious Evin prison, demanding the cancellation of unjust and inhumane execution sentences. This demonstration coincided with the 58th consecutive week of hunger strikes organised as part of the nationwide &#8216;No to Execution Tuesdays&#8217; campaign in Iranian prisons. The [&hellip;]<\/p>\n","protected":false},"author":3,"featured_media":31177,"comment_status":"open","ping_status":"open","sticky":false,"template":"","format":"standard","meta":{"footnotes":""},"categories":[32,77,81,30,80,74],"tags":[34,35,88,46],"class_list":["post-31170","post","type-post","status-publish","format-standard","has-post-thumbnail","hentry","category-activities","category-human-right-and-international-reporting","category-human-rights-violations-in-iran","category-news","category-protests-et-human-right","category-saving-peaceful-protesters","tag-human-rights","tag-iran","tag-iran-executions","tag-protest"],"_links":{"self":[{"href":"https:\/\/vereinwelle.ch\/de\/wp-json\/wp\/v2\/posts\/31170","targetHints":{"allow":["GET"]}}],"collection":[{"href":"https:\/\/vereinwelle.ch\/de\/wp-json\/wp\/v2\/posts"}],"about":[{"href":"https:\/\/vereinwelle.ch\/de\/wp-json\/wp\/v2\/types\/post"}],"author":[{"embeddable":true,"href":"https:\/\/vereinwelle.ch\/de\/wp-json\/wp\/v2\/users\/3"}],"replies":[{"embeddable":true,"href":"https:\/\/vereinwelle.ch\/de\/wp-json\/wp\/v2\/comments?post=31170"}],"version-history":[{"count":6,"href":"https:\/\/vereinwelle.ch\/de\/wp-json\/wp\/v2\/posts\/31170\/revisions"}],"predecessor-version":[{"id":31497,"href":"https:\/\/vereinwelle.ch\/de\/wp-json\/wp\/v2\/posts\/31170\/revisions\/31497"}],"wp:featuredmedia":[{"embeddable":true,"href":"https:\/\/vereinwelle.ch\/de\/wp-json\/wp\/v2\/media\/31177"}],"wp:attachment":[{"href":"https:\/\/vereinwelle.ch\/de\/wp-json\/wp\/v2\/media?parent=31170"}],"wp:term":[{"taxonomy":"category","embeddable":true,"href":"https:\/\/vereinwelle.ch\/de\/wp-json\/wp\/v2\/categories?post=31170"},{"taxonomy":"post_tag","embeddable":true,"href":"https:\/\/vereinwelle.ch\/de\/wp-json\/wp\/v2\/tags?post=31170"}],"curies":[{"name":"wp","href":"https:\/\/api.w.org\/{rel}","templated":true}]}}