{"id":31258,"date":"2025-05-12T21:57:03","date_gmt":"2025-05-12T19:57:03","guid":{"rendered":"https:\/\/vereinwelle.ch\/?p=31258"},"modified":"2025-05-12T21:57:05","modified_gmt":"2025-05-12T19:57:05","slug":"5-tage-genfer-sit-in-senden-eine-hoffnungsvolle-botschaft-an-die-welt","status":"publish","type":"post","link":"https:\/\/vereinwelle.ch\/de\/5-days-geneva-sit-in-sends-a-hopeful-message-to-the-world\/","title":{"rendered":"5 Tage Sit-in in Genf senden eine hoffnungsvolle Botschaft an die Welt"},"content":{"rendered":"<p><strong> Stoppt die Hinrichtungen im Iran - Ein Licht der Hoffnung f\u00fcr die Gefangenen<\/strong><\/p>\n\n\n\n<p>In der vergangenen Woche fand in Genf vor dem B\u00fcro der Vereinten Nationen eine eindrucksvolle f\u00fcnft\u00e4gige Sitzblockade statt. Diese Versammlung, die aus Protest gegen die Hinrichtungswelle im Iran stattfand, fiel mit der weltweiten Kampagne \"Dienstags gegen die Hinrichtung\" zusammen und erinnerte die internationale Gemeinschaft einmal mehr daran, dass der Kampf f\u00fcr Leben und Gerechtigkeit im Iran noch lange nicht vorbei ist.<\/p>\n\n\n\n<p>Der friedliche Protest wurde von Menschenrechtsverteidigern, Exil-Iranern und besorgten B\u00fcrgern angef\u00fchrt, die sich zusammenfanden, um ihre Stimme f\u00fcr diejenigen zu erheben, die hinter Gittern zum Schweigen gebracht werden. Das Sit-in machte auf die dringende Notwendigkeit aufmerksam, Todesurteile im Iran zu stoppen - insbesondere solche, die sich gegen politische Gefangene, Frauen, ethnische Minderheiten und junge Menschen richten.<\/p>\n\n\n\n<p><a href=\"https:\/\/vereinwelle.ch\/de\/teil-2-der-satz-der-sharifehs-seele-gefror-lasst-uns-ihr-helfen\/\" data-type=\"link\" data-id=\"https:\/\/vereinwelle.ch\/part-2-the-sentence-that-froze-sharifeh-soul-lets-help-her\/\">Fotos von Opfern<\/a>Plakate und handgeschriebene Botschaften verwandelten den Raum in ein visuelles Mahnmal und ein lebendiges Zeugnis des Widerstands. Das Sit-in war mehr als nur ein symbolischer Akt, es wurde zu einer echten Quelle der Ermutigung f\u00fcr die Menschen innerhalb der Gef\u00e4ngnismauern.<\/p>\n\n\n\n<h3 class=\"wp-block-heading\"><strong>Botschaften aus iranischen Gef\u00e4ngnissen: \"Ihr gebt uns Hoffnung\"<\/strong><\/h3>\n\n\n\n<p>Was diese Aktion wirklich au\u00dfergew\u00f6hnlich machte, waren die Botschaften, die w\u00e4hrend der Protestwoche aus den iranischen Gef\u00e4ngnissen geschmuggelt wurden. Mehrere H\u00e4ftlinge, von denen einige in der Todeszelle sitzen, schickten Briefe und Sprachnachrichten an die Organisatoren.<\/p>\n\n\n\n<p>Ein H\u00e4ftling schrieb:<\/p>\n\n\n\n<blockquote class=\"wp-block-quote is-layout-flow wp-block-quote-is-layout-flow\">\n<p>\"Wenn wir die Bilder eures Protestes sehen, wenn wir eure Worte lesen und eure Solidarit\u00e4t sp\u00fcren, wissen wir, dass wir nicht allein sind. Ihr seid unsere Hoffnung.\"<\/p>\n<\/blockquote>\n\n\n\n<p>Solche Botschaften sind eine herzzerrei\u00dfende Erinnerung daran, dass die Aufmerksamkeit der Welt einen echten Unterschied machen kann. Diese Sitzstreiks sind nicht nur symbolische Gesten. Sie retten Leben. Sie sind Lebensadern f\u00fcr diejenigen, die in einem brutalen System gefangen sind, das Hinrichtungen als Mittel der Angst und Unterdr\u00fcckung einsetzt.<\/p>\n\n\n\n<figure class=\"wp-block-gallery has-nested-images columns-default is-cropped wp-block-gallery-1 is-layout-flex wp-block-gallery-is-layout-flex\">\n<figure class=\"wp-block-image size-large\"><img fetchpriority=\"high\" decoding=\"async\" width=\"1024\" height=\"577\" data-id=\"31261\" src=\"https:\/\/vereinwelle.ch\/wp-content\/uploads\/2025\/05\/day4-1024x577.jpg\" alt=\"\" class=\"wp-image-31261\" srcset=\"https:\/\/vereinwelle.ch\/wp-content\/uploads\/2025\/05\/day4-1024x577.jpg 1024w, https:\/\/vereinwelle.ch\/wp-content\/uploads\/2025\/05\/day4-300x169.jpg 300w, https:\/\/vereinwelle.ch\/wp-content\/uploads\/2025\/05\/day4-768x433.jpg 768w, https:\/\/vereinwelle.ch\/wp-content\/uploads\/2025\/05\/day4-18x10.jpg 18w, https:\/\/vereinwelle.ch\/wp-content\/uploads\/2025\/05\/day4.jpg 1280w\" sizes=\"(max-width: 1024px) 100vw, 1024px\" \/><\/figure>\n<\/figure>\n\n\n\n<h3 class=\"wp-block-heading\"><strong>Frauen im Zentrum des Widerstands<\/strong><\/h3>\n\n\n\n<p>Zu den Gesichtern, die w\u00e4hrend des Protests zu sehen waren, geh\u00f6rten viele <a href=\"https:\/\/vereinwelle.ch\/de\/frauen-mutig-freiheit-im-iran-das-leben-von-frauen-ist-im-iran-in-gefahr\/\" data-type=\"link\" data-id=\"https:\/\/vereinwelle.ch\/women-bravery-freedom-in-iran-lives-of-women-are-in-danger-in-iran\/\">Frauen - politische Gefangene,<\/a> M\u00fctter der Hingerichteten und junge Aktivistinnen. Das iranische Regime nutzt weiterhin Hinrichtungen und harte Gef\u00e4ngnisstrafen, um Frauen einzusch\u00fcchtern, die es wagen, ihre Meinung zu sagen. Aber die Stimmen des Widerstands werden immer lauter, und das Sit-in in Genf hat diesen Mut gew\u00fcrdigt.<\/p>\n\n\n\n<p>Auf einem der Protesttransparente war zu lesen:<\/p>\n\n\n\n<blockquote class=\"wp-block-quote is-layout-flow wp-block-quote-is-layout-flow\">\n<p>\"Stoppt die Exekutionen im Iran\".<\/p>\n<\/blockquote>\n\n\n\n<p>Dieser Slogan hallte in Genf wider und erinnerte die Welt daran, dass der Kampf gegen Hinrichtungen untrennbar mit dem Kampf f\u00fcr die Rechte der Frauen im Iran verbunden ist.<\/p>\n\n\n\n<h3 class=\"wp-block-heading\"><strong>Warum diese Proteste wichtig sind<\/strong><\/h3>\n\n\n\n<p>Der Iran weist eine der h\u00f6chsten Hinrichtungsraten der Welt auf und vollstreckt Todesurteile h\u00e4ufig nach unfairen Gerichtsverfahren oder aufgrund von durch Folter erzwungenen Gest\u00e4ndnissen. In den letzten Monaten haben Menschenrechtsgruppen Alarm geschlagen wegen einer neuen Welle politisch motivierter <a href=\"https:\/\/deathpenaltyinfo.org\/iran-sees-75-increase-in-executions-during-first-four-months-of-2025-over-2024\" data-type=\"link\" data-id=\"https:\/\/deathpenaltyinfo.org\/iran-sees-75-increase-in-executions-during-first-four-months-of-2025-over-2024\" target=\"_blank\" rel=\"noopener\">Todesurteile<\/a>.<\/p>\n\n\n\n<p>Internationaler Druck wirkt. In der Vergangenheit hat die \u00d6ffentlichkeit <a href=\"https:\/\/vereinwelle.ch\/de\/familien-iranischer-gefangener-protestieren-im-evin-gefangnis\/\" data-type=\"link\" data-id=\"https:\/\/vereinwelle.ch\/families-of-iranian-prisoners-protesting-at-evin-prison\/\">Proteste<\/a>Kampagnen und Petitionen ist es gelungen, Hinrichtungen im letzten Moment zu stoppen. Die Anwesenheit engagierter Menschen vor globalen Institutionen wie der UNO signalisiert dem iranischen Regime, dass die Welt zuschaut.<\/p>\n\n\n\n<p>Jedes Foto, das geteilt wird, jede Stimme, die erhoben wird, und jede Minute, die bei einem solchen Protest verbracht wird, wird zu einer Barriere zwischen einem Gefangenen und der Hinrichtungskammer.<\/p>\n\n\n\n<h3 class=\"wp-block-heading\"><strong>Machen Sie mit - Seien Sie eine Stimme f\u00fcr die Stimmlosen<\/strong><\/h3>\n\n\n\n<p>Unsere Organisation hat dieses f\u00fcnft\u00e4gige Sit-in mit Stolz unterst\u00fctzt, und wir sind entschlossen, diesen Kampf fortzusetzen. Aber wir k\u00f6nnen es nicht allein tun.<\/p>\n\n\n\n<p><\/p>","protected":false},"excerpt":{"rendered":"<p>Stop Executions in Iran \u2013 A Light of Hope for Prisoners Last week, a powerful five-day sit-in took place in Geneva, right in front of the United Nations Office. This gathering, held in protest against the wave of executions in Iran, coincided with the global campaign \u201cTuesdays Against Execution,\u201d and once again reminded the international [&hellip;]<\/p>\n","protected":false},"author":3,"featured_media":31262,"comment_status":"open","ping_status":"open","sticky":false,"template":"","format":"standard","meta":{"footnotes":""},"categories":[30,32,77],"tags":[34,35,46,41],"class_list":["post-31258","post","type-post","status-publish","format-standard","has-post-thumbnail","hentry","category-news","category-activities","category-human-right-and-international-reporting","tag-human-rights","tag-iran","tag-protest","tag-womens-rights"],"_links":{"self":[{"href":"https:\/\/vereinwelle.ch\/de\/wp-json\/wp\/v2\/posts\/31258","targetHints":{"allow":["GET"]}}],"collection":[{"href":"https:\/\/vereinwelle.ch\/de\/wp-json\/wp\/v2\/posts"}],"about":[{"href":"https:\/\/vereinwelle.ch\/de\/wp-json\/wp\/v2\/types\/post"}],"author":[{"embeddable":true,"href":"https:\/\/vereinwelle.ch\/de\/wp-json\/wp\/v2\/users\/3"}],"replies":[{"embeddable":true,"href":"https:\/\/vereinwelle.ch\/de\/wp-json\/wp\/v2\/comments?post=31258"}],"version-history":[{"count":1,"href":"https:\/\/vereinwelle.ch\/de\/wp-json\/wp\/v2\/posts\/31258\/revisions"}],"predecessor-version":[{"id":31264,"href":"https:\/\/vereinwelle.ch\/de\/wp-json\/wp\/v2\/posts\/31258\/revisions\/31264"}],"wp:featuredmedia":[{"embeddable":true,"href":"https:\/\/vereinwelle.ch\/de\/wp-json\/wp\/v2\/media\/31262"}],"wp:attachment":[{"href":"https:\/\/vereinwelle.ch\/de\/wp-json\/wp\/v2\/media?parent=31258"}],"wp:term":[{"taxonomy":"category","embeddable":true,"href":"https:\/\/vereinwelle.ch\/de\/wp-json\/wp\/v2\/categories?post=31258"},{"taxonomy":"post_tag","embeddable":true,"href":"https:\/\/vereinwelle.ch\/de\/wp-json\/wp\/v2\/tags?post=31258"}],"curies":[{"name":"wp","href":"https:\/\/api.w.org\/{rel}","templated":true}]}}