{"id":31576,"date":"2025-06-18T10:19:50","date_gmt":"2025-06-18T08:19:50","guid":{"rendered":"https:\/\/vereinwelle.ch\/?p=31576"},"modified":"2025-06-19T21:09:23","modified_gmt":"2025-06-19T19:09:23","slug":"gefangene-fordern-freilassung-wahrend-des-krieges","status":"publish","type":"post","link":"https:\/\/vereinwelle.ch\/de\/prisoners-demand-release-during-war\/","title":{"rendered":"Gefangene fordern Freilassung w\u00e4hrend des Krieges"},"content":{"rendered":"<p><strong>Evin-Gef\u00e4ngnis, Oktober 2022<\/strong> - Ein t\u00f6dliches Feuer brach w\u00e4hrend einer Razzia gegen H\u00e4ftlinge in der Einrichtung aus. Bei dem Vorfall kamen mehrere H\u00e4ftlinge ums Leben oder wurden verletzt, und es wurden weit verbreitete Vorw\u00fcrfe der staatlichen Vertuschung und Fahrl\u00e4ssigkeit laut. Dem Bericht zufolge verhinderte das iranische Regime die Einfahrt von Krankenwagen, und Dutzende wurden durch Sch\u00fcsse get\u00f6tet.<\/p>\n\n\n\n<p>Politische Gefangene, die in den Gef\u00e4ngnissen von Evin, Gro\u00dfteheran und Qarchak inhaftiert sind, haben einen <strong>dringende gemeinsame Erkl\u00e4rung<\/strong>und beruft sich dabei auf Artikel 211 der Kriegsrichtlinie der Islamischen Republik. Die w\u00e4hrend des iranisch-irakischen Krieges erlassene Vorschrift erlaubt die vor\u00fcbergehende Freilassung von nicht gef\u00e4hrlichen H\u00e4ftlingen in Notf\u00e4llen, um Menschenleben zu sch\u00fctzen. Angesichts der zunehmenden Bedrohung durch eine milit\u00e4rische Eskalation und Evakuierungswarnungen f\u00fcr Teheran fordern die H\u00e4ftlinge die sofortige Umsetzung dieses Gesetzes. Sie warnen, dass <strong>Die fortgesetzte Inhaftierung in unsicheren, \u00fcberf\u00fcllten Gef\u00e4ngnissen unter Kriegsdrohung kommt einem Todesurteil gleich.<\/strong>.<\/p>\n\n\n\n<h2 class=\"wp-block-heading\"><strong>Die wichtigsten Forderungen in der Erkl\u00e4rung<\/strong><\/h2>\n\n\n\n<ul class=\"wp-block-list\">\n<li><strong>Unmittelbare Freigabe<\/strong> von politischen Gefangenen und Gefangenen aus Gewissensgr\u00fcnden nach dem Kriegsrecht<br><\/li>\n\n\n\n<li><strong>Evakuierung aus Hochrisiko-Gef\u00e4ngnisabteilungen<\/strong>insbesondere solche, die nicht \u00fcber Brandschutz und Notausg\u00e4nge verf\u00fcgen<br><\/li>\n\n\n\n<li><strong>Wiederherstellung des Telefonkontakts<\/strong> mit Familien und gesetzlichen Vertretern<br><\/li>\n<\/ul>\n\n\n\n<p><strong>Internationale Intervention<\/strong> um eine drohende humanit\u00e4re Katastrophe zu verhindern<\/p>\n\n\n\n<p>Die Gefangenen zitieren die <strong>die j\u00fcngsten t\u00f6dlichen Ereignisse in <a href=\"https:\/\/vereinwelle.ch\/de\/leben-von-gefangenen-in-kermanshah-in-groser-gefahr\/\" data-type=\"link\" data-id=\"https:\/\/vereinwelle.ch\/lives-of-prisoners-in-kermanshah-at-grave-risk\/\">Dizel-Abad-Gef\u00e4ngnis <\/a>(Kermanshah)<\/strong> als abschreckendes Beispiel daf\u00fcr, was in anderen Einrichtungen folgen k\u00f6nnte.<\/p>\n\n\n\n<p>Nach strukturellen Sch\u00e4den, die durch nahe gelegene Explosionen verursacht wurden, versuchten die Insassen, in sicherere Bereiche innerhalb des Gel\u00e4ndes zu fliehen. Als Reaktion darauf, <strong>Gef\u00e4ngnisw\u00e4rter er\u00f6ffneten das Feuer<\/strong>, was zu <strong>mindestens 15 Gefangene get\u00f6tet<\/strong> und Dutzende von Verwundeten, wie unabh\u00e4ngige Quellen berichten.<\/p>\n\n\n\n<p>Diese Aussage erinnert auch an zwei ber\u00fcchtigte Pr\u00e4zedenzf\u00e4lle:<\/p>\n\n\n\n<ul class=\"wp-block-list\">\n<li><strong>Das Gef\u00e4ngnismassaker von 1988<\/strong>als Tausende von politischen Gefangenen, von denen viele in Evin festgehalten wurden, hinter verschlossenen T\u00fcren hingerichtet wurden.<br><\/li>\n\n\n\n<li><strong>Der Brand in Evin im Oktober 2022<\/strong>Dort wurde das Ausma\u00df der Toten und Verletzten nach einem Brand und einer bewaffneten Razzia in der Einrichtung von offizieller Seite vertuscht.<br><\/li>\n<\/ul>\n\n\n\n<p>\"Diese Ereignisse beweisen, dass das Regime diejenigen, die es gefangen h\u00e4lt, nicht sch\u00fctzt. Wenn der Krieg Teheran erreicht, werden die Gefangenen verbrannt oder unter Tr\u00fcmmern begraben\", hei\u00dft es in der Erkl\u00e4rung.<\/p>\n\n\n\n<h2 class=\"wp-block-heading\"><strong>Ein Anruf von hinter den Mauern<\/strong><\/h2>\n\n\n\n<p>Die Familien der politischen Gefangenen sind zutiefst beunruhigt und fordern dringend internationalen Druck, um die <strong>sofortige und bedingungslose Entlassung aus dem Krieg<\/strong> von H\u00e4ftlingen - bevor sich eine weitere unumkehrbare Trag\u00f6die ereignet.<\/p>\n\n\n\n<p>\"Bomben erkennen keine Unschuld. Die Welt muss handeln, bevor sich die Geschichte im Stillen wiederholt.<\/p>","protected":false},"excerpt":{"rendered":"<p>Evin Prison, October 2022 \u2013 A deadly fire broke out during a crackdown on inmates inside the facility. The incident left multiple prisoners dead or injured amid widespread accusations of a state cover-up and negligence. According to the report, the Iranian regime prevented ambulances from entering, and dozens were killed by gunfire Political prisoners held [&hellip;]<\/p>\n","protected":false},"author":1,"featured_media":31577,"comment_status":"open","ping_status":"open","sticky":false,"template":"","format":"standard","meta":{"footnotes":""},"categories":[30],"tags":[],"class_list":["post-31576","post","type-post","status-publish","format-standard","has-post-thumbnail","hentry","category-news"],"_links":{"self":[{"href":"https:\/\/vereinwelle.ch\/de\/wp-json\/wp\/v2\/posts\/31576","targetHints":{"allow":["GET"]}}],"collection":[{"href":"https:\/\/vereinwelle.ch\/de\/wp-json\/wp\/v2\/posts"}],"about":[{"href":"https:\/\/vereinwelle.ch\/de\/wp-json\/wp\/v2\/types\/post"}],"author":[{"embeddable":true,"href":"https:\/\/vereinwelle.ch\/de\/wp-json\/wp\/v2\/users\/1"}],"replies":[{"embeddable":true,"href":"https:\/\/vereinwelle.ch\/de\/wp-json\/wp\/v2\/comments?post=31576"}],"version-history":[{"count":3,"href":"https:\/\/vereinwelle.ch\/de\/wp-json\/wp\/v2\/posts\/31576\/revisions"}],"predecessor-version":[{"id":31594,"href":"https:\/\/vereinwelle.ch\/de\/wp-json\/wp\/v2\/posts\/31576\/revisions\/31594"}],"wp:featuredmedia":[{"embeddable":true,"href":"https:\/\/vereinwelle.ch\/de\/wp-json\/wp\/v2\/media\/31577"}],"wp:attachment":[{"href":"https:\/\/vereinwelle.ch\/de\/wp-json\/wp\/v2\/media?parent=31576"}],"wp:term":[{"taxonomy":"category","embeddable":true,"href":"https:\/\/vereinwelle.ch\/de\/wp-json\/wp\/v2\/categories?post=31576"},{"taxonomy":"post_tag","embeddable":true,"href":"https:\/\/vereinwelle.ch\/de\/wp-json\/wp\/v2\/tags?post=31576"}],"curies":[{"name":"wp","href":"https:\/\/api.w.org\/{rel}","templated":true}]}}