{"id":31752,"date":"2025-09-04T15:16:03","date_gmt":"2025-09-04T13:16:03","guid":{"rendered":"https:\/\/vereinwelle.ch\/?p=31752"},"modified":"2025-10-07T19:18:58","modified_gmt":"2025-10-07T17:18:58","slug":"babak-shahbazi-droht-die-hinrichtung","status":"publish","type":"post","link":"https:\/\/vereinwelle.ch\/de\/babak-shahbazi-at-risk-of-execution\/","title":{"rendered":"Die Todesstrafe f\u00fcr einen unschuldig Verurteilten"},"content":{"rendered":"<p><em><strong>Update<\/strong>: Die iranischen Staatsmedien haben am 17. September \u00fcber die Hinrichtung von Babak Shahbazi berichtet, der wegen Moharebeh (Feindschaft gegen Gott) und Efsad-fil-arz (Korruption auf Erden) wegen angeblicher Spionage f\u00fcr Israel zum Tode verurteilt worden war. Nach Ansicht von Menschenrechtsgruppen st\u00fctzte sich die Verurteilung auf Gest\u00e4ndnisse, die unter Folter erpresst wurden, und wurde Shahbazi ein faires Verfahren und ein ordnungsgem\u00e4\u00dfer Prozess verweigert.<\/em><\/p>\n\n\n\n<p>Die Welle hat die Hinrichtung auf das Sch\u00e4rfste verurteilt und sowohl die Zivilgesellschaft als auch die internationale Gemeinschaft aufgefordert, auf diesen kriminellen Akt zu reagieren.<\/p>\n\n\n\n<p>Babak Shahbazi, ein politischer Gefangener und zweifacher Familienvater, droht im Iran inmitten einer neuen Welle von Massenverhaftungen und schweren Repressionen die Hinrichtung. Sein Fall ist zu einem deutlichen Symbol f\u00fcr die systematischen Menschenrechtsverletzungen des klerikalen Regimes geworden, das die dringende Notwendigkeit einer internationalen Intervention unterstreicht.<\/p>\n\n\n\n<p>Nach den j\u00fcngsten Krisen haben die Sicherheitskr\u00e4fte des Regimes gro\u00df angelegte Razzien durchgef\u00fchrt, bei denen Hunderte von B\u00fcrgern unter unmenschlichen Bedingungen inhaftiert wurden und ihnen h\u00e4ufig der Rechtsbeistand verweigert wurde. Die Vereinte Welle hat immer wieder internationale Kampagnen und Appelle organisiert, um das Leben von Gefangenen zu retten, die von diesem brutalen Vorgehen betroffen sind.<\/p>\n\n\n\n<h2 class=\"wp-block-heading\">Der grausame Angriff auf eine Familie<\/h2>\n\n\n\n<p>Die Geschichte von Babak Shahbazi verdeutlicht die tiefe Ungerechtigkeit der Situation. Er ist Vater eines jungen Sohnes und einer Tochter, deren Leben durch seine Verhaftung ersch\u00fcttert wurde. In einem abschreckenden Akt psychologischer Folter sagten die Vernehmungsbeamten zu seinem kleinen Sohn:<\/p>\n\n\n\n<p><em>\"Verabschiede dich von deinem Vater, wir werden ihn hinrichten.\"<\/em><\/p>\n\n\n\n<p>Dieser grausame Akt ist nicht nur ein Angriff auf die Familie eines Gefangenen, sondern auch ein eklatanter Versto\u00df gegen die <strong>\u00dcbereinkommen der Vereinten Nationen \u00fcber die Rechte des Kindes<\/strong>die der Iran unterzeichnet hat. Sie offenbart die Bereitschaft des Regimes, selbst den Schw\u00e4chsten tiefe psychologische Traumata zuzuf\u00fcgen.<\/p>\n\n\n\n<h2 class=\"wp-block-heading\">Hinrichtung als Mittel der politischen Unterdr\u00fcckung<\/h2>\n\n\n\n<p>Das klerikale Regime setzt seit langem die Todesstrafe als politisches Mittel ein, um Andersdenkende zum Schweigen zu bringen, wie die Massenhinrichtungen in den 1980er Jahren gezeigt haben. Heute werden Babak Shahbazi und viele andere nicht wegen Verbrechen verfolgt, sondern weil sie Freiheit und Gerechtigkeit fordern.<\/p>\n\n\n\n<p>Internationale Menschenrechtsorganisationen und UN-Sonderberichterstatter haben dieses Vorgehen scharf verurteilt und betont, dass es sich dabei um grobe Verst\u00f6\u00dfe gegen das Recht auf Leben und das Recht auf ein faires Verfahren handelt.<\/p>\n\n\n\n<h2 class=\"wp-block-heading\">Ein dringender Aufruf zum internationalen Handeln<\/h2>\n\n\n\n<p>Das Schweigen angesichts solcher Gr\u00e4ueltaten ermutigt das klerikale Regime nur. Die internationale Gemeinschaft kann nicht tatenlos zusehen, wie unschuldige Leben bedroht werden. Der Fall Babak Shahbazi ist ein entscheidender Aufruf zum Handeln f\u00fcr alle, denen die Menschenw\u00fcrde wichtig ist.<\/p>\n\n\n\n<p>Wir fordern demokratische Regierungen, internationale Gremien und Menschenrechtsverteidiger auf:<\/p>\n\n\n\n<ul class=\"wp-block-list\">\n<li><strong>Fordern Sie einen sofortigen Stopp:<\/strong> Fordern Sie \u00f6ffentlich die Einstellung der Hinrichtung von Babak Shahbazi und aller politischen Gefangenen im Iran.<\/li>\n\n\n\n<li><strong>Durchsetzung der Rechenschaftspflicht:<\/strong> Einsatz von diplomatischem Druck und internationalen Rechenschaftsmechanismen, um die T\u00e4ter zur Verantwortung zu ziehen.<\/li>\n\n\n\n<li><strong>Verst\u00e4rken Sie die Stimmen:<\/strong> Verbreiten Sie diese Geschichten, damit die Welt von den menschlichen Kosten der Unterdr\u00fcckung im Iran erf\u00e4hrt.<\/li>\n<\/ul>\n\n\n\n<p>Die Rettung des Lebens von Babak Shahbazi ist ein Kampf gegen die Todesmaschinerie des Regimes und eine Verteidigung des allgemeinen Rechts auf Leben. Jeder Tag der Verz\u00f6gerung bringt mehr Leben in Gefahr.<\/p>\n\n\n\n<p><\/p>","protected":false},"excerpt":{"rendered":"<p>Update: Iranian state media on September 17th has reported the execution of Babak Shahbazi, who had been sentenced to death on charges of moharebeh (enmity against God) and efsad-fil-arz (corruption on earth) for alleged espionage on behalf of Israel. Rights groups say the conviction relied on confessions extracted under torture and that Shahbazi was denied [&hellip;]<\/p>\n","protected":false},"author":1,"featured_media":31753,"comment_status":"open","ping_status":"open","sticky":false,"template":"","format":"standard","meta":{"footnotes":""},"categories":[30],"tags":[],"class_list":["post-31752","post","type-post","status-publish","format-standard","has-post-thumbnail","hentry","category-news"],"_links":{"self":[{"href":"https:\/\/vereinwelle.ch\/de\/wp-json\/wp\/v2\/posts\/31752","targetHints":{"allow":["GET"]}}],"collection":[{"href":"https:\/\/vereinwelle.ch\/de\/wp-json\/wp\/v2\/posts"}],"about":[{"href":"https:\/\/vereinwelle.ch\/de\/wp-json\/wp\/v2\/types\/post"}],"author":[{"embeddable":true,"href":"https:\/\/vereinwelle.ch\/de\/wp-json\/wp\/v2\/users\/1"}],"replies":[{"embeddable":true,"href":"https:\/\/vereinwelle.ch\/de\/wp-json\/wp\/v2\/comments?post=31752"}],"version-history":[{"count":3,"href":"https:\/\/vereinwelle.ch\/de\/wp-json\/wp\/v2\/posts\/31752\/revisions"}],"predecessor-version":[{"id":31803,"href":"https:\/\/vereinwelle.ch\/de\/wp-json\/wp\/v2\/posts\/31752\/revisions\/31803"}],"wp:featuredmedia":[{"embeddable":true,"href":"https:\/\/vereinwelle.ch\/de\/wp-json\/wp\/v2\/media\/31753"}],"wp:attachment":[{"href":"https:\/\/vereinwelle.ch\/de\/wp-json\/wp\/v2\/media?parent=31752"}],"wp:term":[{"taxonomy":"category","embeddable":true,"href":"https:\/\/vereinwelle.ch\/de\/wp-json\/wp\/v2\/categories?post=31752"},{"taxonomy":"post_tag","embeddable":true,"href":"https:\/\/vereinwelle.ch\/de\/wp-json\/wp\/v2\/tags?post=31752"}],"curies":[{"name":"wp","href":"https:\/\/api.w.org\/{rel}","templated":true}]}}