{"id":31807,"date":"2025-10-10T12:08:01","date_gmt":"2025-10-10T10:08:01","guid":{"rendered":"https:\/\/vereinwelle.ch\/?p=31807"},"modified":"2025-10-10T12:08:03","modified_gmt":"2025-10-10T10:08:03","slug":"3-tagiges-sit-in-am-welttag-gegen-die-todesstrafe","status":"publish","type":"post","link":"https:\/\/vereinwelle.ch\/de\/3-day-sit-in-on-world-day-against-the-death-penalty\/","title":{"rendered":"3-t\u00e4giges Sit-in am Welttag gegen die Todesstrafe"},"content":{"rendered":"<p><strong>Genf - Oktober 2025<\/strong><\/p>\n\n\n\n<p>Die diesj\u00e4hrige <strong>Welttag gegen die Todesstrafe<\/strong> war von Stimmen gepr\u00e4gt, die lauter waren als je zuvor - Stimmen, die von Genf bis Teheran widerhallten. W\u00e4hrend die internationale Gemeinschaft an diesem Tag zusammenkam, um die Todesstrafe zu verurteilen, hat eine Gruppe von freien Iranern und Freiwilligen der <strong>Verein Welle<\/strong> Vereinigung eine dreit\u00e4gige Sitzblockade im Herzen von Genf ab. Ihre Aktion erregte gro\u00dfe Aufmerksamkeit und wurde zu einer wirkungsvollen Plattform, um auf die weltweite Forderung nach der Abschaffung von Hinrichtungen hinzuweisen.<\/p>\n\n\n\n<p>Zuverl\u00e4ssigen Angaben zufolge <strong>Menschenrechtsberichte<\/strong>die <strong>Iranisches Regime<\/strong> ist nach wie vor Weltrekordhalter bei den Hinrichtungen im Verh\u00e4ltnis zur Bev\u00f6lkerungszahl. Allein im letzten Jahr wurden mehr als <strong>800 Menschen wurden hingerichtet<\/strong>-eine erschreckende Zahl, die zeigt, wie das Regime die Todesstrafe nicht nur als Repressionsmittel einsetzt, sondern auch in gro\u00dfem Umfang Leben ausl\u00f6scht. Exekutionen im Iran werden unverh\u00e4ltnism\u00e4\u00dfig h\u00e4ufig an <strong>politischen Gefangenen und Menschenrechtsaktivisten, die unrechtm\u00e4ssig in verschiedenen Gef\u00e4ngnissen des Landes festgehalten, misshandelt und gefoltert werden.<\/strong>, Aktivisten der Zivilgesellschaft und sogar Minderj\u00e4hrige.<\/p>\n\n\n\n<h2 class=\"wp-block-heading\">Eine Botschaft des Schmerzes und der Resilienz<\/h2>\n\n\n\n<p>Das dreit\u00e4gige Sit-in in Genf brachte diese Anliegen auf den Punkt. Durch Reden, die Ausstellung von Bildern der Opfer und die direkte Ansprache von Passanten vermittelte das Sit-in eine starke menschliche und politische Botschaft: Der Kampf gegen Hinrichtungen ist eine globale Verantwortung.<\/p>\n\n\n\n<p>Einer der bewegendsten Momente war, als die Stimmen der <strong>M\u00fctter von zum Tode verurteilten H\u00e4ftlingen<\/strong> geh\u00f6rt wurden. Trotz Drohungen und Repressionen stehen diese mutigen M\u00fctter an der Spitze des Kampfes und fordern Gerechtigkeit und das Recht auf Leben f\u00fcr ihre Kinder. Ihre Botschaft wurde in Genf von Freiwilligen der Vereinten Welle in verschiedenen Sprachen vorgelesen, damit die \u00d6ffentlichkeit den Schmerz und die Widerstandsf\u00e4higkeit von Familien, die unter st\u00e4ndiger Angst leben, sp\u00fcren konnte. Ihre Worte waren einfach und doch tiefgr\u00fcndig: \"Wir wollen Leben, nicht Tod. Wir wollen Gerechtigkeit und nicht Rache.\"<\/p>\n\n\n\n<h2 class=\"wp-block-heading\">Dringender Aufruf zum Handeln<\/h2>\n\n\n\n<p>Die Dringlichkeit ihrer Botschaft k\u00f6nnte nicht deutlicher sein. Zumindest derzeit <strong>siebzehn politische Gefangene im Iran<\/strong> droht ihnen die Hinrichtung. Ihre Namen und Gesichter wurden w\u00e4hrend des Sitzstreiks auf Transparenten und Plakaten ver\u00f6ffentlicht, um die Welt daran zu erinnern, dass jede Stunde z\u00e4hlt. Das Genfer Sit-in verwandelte diese Sorge in einen Aufruf zum Handeln, der die Weltgemeinschaft aufforderte, nicht zu schweigen.<\/p>\n\n\n\n<p>Die \u00f6ffentliche Resonanz in Genf war bemerkenswert. Einheimische blieben stehen und h\u00f6rten zu, stellten Fragen \u00fcber <strong>Hinrichtungen im Iran<\/strong>und viele unterzeichneten Petitionen zur Unterst\u00fctzung der Abschaffung. Die Medien berichteten \u00fcber die Veranstaltung, und in Gespr\u00e4chen mit B\u00fcrgern zeigte sich ein tiefes Gef\u00fchl der Solidarit\u00e4t. \"Wenn ich sehe, dass irgendwo auf der Welt immer noch Menschenleben so gnadenlos get\u00f6tet werden, kann ich nicht gleichg\u00fcltig bleiben. Das ist ein Kampf f\u00fcr uns alle\", sagte ein Schweizer B\u00fcrger, der sich dem Sit-in angeschlossen hatte.<\/p>\n\n\n\n<h2 class=\"wp-block-heading\">Das letzte Wort: ein Pl\u00e4doyer f\u00fcr Gerechtigkeit<\/h2>\n\n\n\n<p>Die unerbittliche Anwendung der Todesstrafe durch das iranische Regime ist keine Gerechtigkeit, sondern ein systematisches und politisches Verbrechen. Durch die Hinrichtung von Demonstranten, Frauen, religi\u00f6sen Minderheiten und jungen Menschen versucht das Regime, Angst einzufl\u00f6\u00dfen und jeden Ruf nach Freiheit zu ersticken. Diese Realit\u00e4t spiegelte sich in dem dreit\u00e4gigen Sitzstreik anschaulich wider.<\/p>\n\n\n\n<p>Die Abschlusserkl\u00e4rung des Sitzstreiks enthielt eine klare und kraftvolle Botschaft: \"Am Welttag gegen die Todesstrafe bekr\u00e4ftigen wir die Unantastbarkeit des menschlichen Lebens. Wir verurteilen die Todesstrafe in jeder Form und an jedem Ort... Wir fordern dringende Ma\u00dfnahmen, um ihr Leben zu retten und die Todesstrafe vollst\u00e4ndig abzuschaffen - im Iran und weltweit.\"<\/p>\n\n\n\n<h2 class=\"wp-block-heading\">Schlie\u00dfen Sie sich unserem Kampf an: Unterst\u00fctzen Sie die Kampagne gegen Hinrichtungen im Iran<\/h2>\n\n\n\n<p>Der Kampf um die Rettung von Menschenleben im Iran geht weiter. Ihre Stimme und Ihre Unterst\u00fctzung k\u00f6nnen etwas bewirken. Unterst\u00fctzen Sie die Verein Welle bei ihrer Aufgabe, das weltweite Bewusstsein f\u00fcr Menschenrechtsverletzungen und den Kampf gegen die Todesstrafe zu sch\u00e4rfen. Indem Sie unsere Arbeit unterst\u00fctzen, tragen Sie dazu bei, den Stimmen derer Geh\u00f6r zu verschaffen, die zum Schweigen gebracht wurden, und sich f\u00fcr eine Welt einzusetzen, in der Gerechtigkeit herrscht. Gemeinsam k\u00f6nnen wir uns daf\u00fcr einsetzen, den Kreislauf der Gewalt zu durchbrechen und Leben zu retten.<\/p>","protected":false},"excerpt":{"rendered":"<p>Geneva \u2013 October 2025 This year\u2019s World Day Against the Death Penalty was marked with voices louder than ever before\u2014voices that echoed from Geneva to Tehran. While the international community came together on this day to condemn capital punishment, a group of free Iranians and volunteers of the Verein Welle association held a three-day sit-in [&hellip;]<\/p>\n","protected":false},"author":1,"featured_media":31808,"comment_status":"open","ping_status":"open","sticky":false,"template":"","format":"standard","meta":{"footnotes":""},"categories":[30],"tags":[],"class_list":["post-31807","post","type-post","status-publish","format-standard","has-post-thumbnail","hentry","category-news"],"_links":{"self":[{"href":"https:\/\/vereinwelle.ch\/de\/wp-json\/wp\/v2\/posts\/31807","targetHints":{"allow":["GET"]}}],"collection":[{"href":"https:\/\/vereinwelle.ch\/de\/wp-json\/wp\/v2\/posts"}],"about":[{"href":"https:\/\/vereinwelle.ch\/de\/wp-json\/wp\/v2\/types\/post"}],"author":[{"embeddable":true,"href":"https:\/\/vereinwelle.ch\/de\/wp-json\/wp\/v2\/users\/1"}],"replies":[{"embeddable":true,"href":"https:\/\/vereinwelle.ch\/de\/wp-json\/wp\/v2\/comments?post=31807"}],"version-history":[{"count":1,"href":"https:\/\/vereinwelle.ch\/de\/wp-json\/wp\/v2\/posts\/31807\/revisions"}],"predecessor-version":[{"id":31809,"href":"https:\/\/vereinwelle.ch\/de\/wp-json\/wp\/v2\/posts\/31807\/revisions\/31809"}],"wp:featuredmedia":[{"embeddable":true,"href":"https:\/\/vereinwelle.ch\/de\/wp-json\/wp\/v2\/media\/31808"}],"wp:attachment":[{"href":"https:\/\/vereinwelle.ch\/de\/wp-json\/wp\/v2\/media?parent=31807"}],"wp:term":[{"taxonomy":"category","embeddable":true,"href":"https:\/\/vereinwelle.ch\/de\/wp-json\/wp\/v2\/categories?post=31807"},{"taxonomy":"post_tag","embeddable":true,"href":"https:\/\/vereinwelle.ch\/de\/wp-json\/wp\/v2\/tags?post=31807"}],"curies":[{"name":"wp","href":"https:\/\/api.w.org\/{rel}","templated":true}]}}