{"id":31839,"date":"2025-11-14T10:26:35","date_gmt":"2025-11-14T09:26:35","guid":{"rendered":"https:\/\/vereinwelle.ch\/?p=31839"},"modified":"2025-11-17T10:31:57","modified_gmt":"2025-11-17T09:31:57","slug":"iranische-kultur-menschenrechte-zurich","status":"publish","type":"post","link":"https:\/\/vereinwelle.ch\/de\/iranian-culture-human-rights-zurich\/","title":{"rendered":"Abschlussbericht \u00fcber ein kulturelles Menschenrechtsprojekt: Treffen von Vereinsfreunden"},"content":{"rendered":"<p><strong>1. Oktober 2025, Z\u00fcrich -<\/strong> Zu diesem Datum, <strong>Verein Welle<\/strong> den offiziellen Abschluss eines monatelangen Projekts, das der Verbindung von <strong>Iranische Kultur<\/strong> mit der F\u00f6rderung von <strong>menschenrechte<\/strong>. Die Projektergebnisse wurden bei einem \u00f6ffentlichen Freundschaftstreffen vorgestellt, bei dem die kulturelle Identit\u00e4t, das historische Bewusstsein und das Eintreten f\u00fcr die Menschenrechte im Vordergrund standen.<\/p>\n\n\n\n<p>Die Veranstaltung, die mit dem Duft von frisch gebr\u00fchtem persischem Tee begann, war bewusst so aufgebaut, dass Kultur und Menschenrechte nicht als getrennte, sondern als miteinander verbundene Bereiche dargestellt wurden. Die Teilnehmer - darunter Aktivisten, ehemalige politische Gefangene, K\u00fcnstler und Unterst\u00fctzer - verk\u00f6rperten diese Verbindung von Anfang an deutlich.<\/p>\n\n\n\n<h2 class=\"wp-block-heading\">Kunstausstellung: Verbindung von vergangenem Erbe und gegenw\u00e4rtigem Kampf<\/h2>\n\n\n\n<p>Ein zentrales Element der Abschlussveranstaltung war eine umfangreiche Ausstellung, die erstmals in ihrer Gesamtheit pr\u00e4sentiert wurde. Sie umfasste:<\/p>\n\n\n\n<ul class=\"wp-block-list\">\n<li>Zeitgen\u00f6ssische <strong>Iranische Kunstwerke<\/strong>Dazu geh\u00f6ren Kalligrafien, Fotografien historischer St\u00e4dte und visuelle Darstellungen des iranischen Alltagslebens.<\/li>\n\n\n\n<li>Eine thematische Pr\u00e4sentation historischer Artefakte und Motive aus dem alten Iran, inspiriert von archaischen Symbolen, Relikten und Kunsttraditionen aus der elamitischen, ach\u00e4menidischen, parthischen und sassanidischen Epoche.<\/li>\n<\/ul>\n\n\n\n<p>Die Ausstellung war so konzipiert, dass traditionelle und moderne Elemente einander gegen\u00fcbergestellt wurden. Die Ausstellung historischer Objekte sollte die lange kulturelle Kontinuit\u00e4t und die zivilisatorische Bedeutung des Irans veranschaulichen. Im Mittelpunkt standen dokumentarische Berichte \u00fcber die aktuelle <strong>Menschenrechtslage im Iran<\/strong> wurden in diese Kulturg\u00fcter integriert, wodurch ein bewusster Kontrast zwischen einem reichen historischen Erbe und zeitgen\u00f6ssischer staatlicher Unterdr\u00fcckung geschaffen wurde.<\/p>\n\n\n\n<h2 class=\"wp-block-heading\">P\u00e4dagogische Projektmodule und Reden<\/h2>\n\n\n\n<p>Nach der offiziellen Begr\u00fc\u00dfung wurden die Bildungsmodule des Projekts vorgestellt. Neda, eine Freiwillige der Vereinten Welle und erfahrene Menschenrechtsaktivistin, sprach \u00fcber ihre Arbeit bei den Vereinten Nationen und ihre Beteiligung an einer internationalen Kampagne zur Rettung des Lebens von inhaftierten Frauen und <strong>Menschenrechtsaktivisten in Iran<\/strong>.<\/p>\n\n\n\n<p>Sie erkl\u00e4rte, wie individuelle Berichte und dokumentierte Solidarit\u00e4t internationale Mechanismen aktivieren k\u00f6nnen. \"Wenn Menschen in Freiheit ihre Stimme erheben, kann das Leben retten - auch hinter Gef\u00e4ngnismauern\", erkl\u00e4rte sie.<\/p>\n\n\n\n<h2 class=\"wp-block-heading\">Augenzeugenberichte: Dokumentation der Resilienz<\/h2>\n\n\n\n<p>Ein weiterer wichtiger Schwerpunkt des Projekts war die systematische Einbeziehung von Augenzeugen. Ali, der sieben Jahre lang in <strong>Iranische Gef\u00e4ngnisse<\/strong>schilderte seine Erfahrungen und konzentrierte sich dabei auf die kollektiven Widerstandsstrategien der Gefangenen. Sein Beitrag wird als Modul \u00fcber Resilienz und Bewusstseinsbildung in die abschlie\u00dfende Projektdokumentation einflie\u00dfen.<\/p>\n\n\n\n<p>Mehrere andere <strong>ehemalige politische H\u00e4ftlinge<\/strong> stellten sich ebenfalls vor und schilderten die Dauer ihrer Inhaftierung. Dieser bewegende Teil der Veranstaltung wurde gefilmt und in das Dossier des Abschlussberichts aufgenommen.<\/p>\n\n\n\n<h2 class=\"wp-block-heading\">Multimedia- und Medienkompetenzkomponenten<\/h2>\n\n\n\n<p>Es wurde eine Filmreportage vorgestellt, in der Frauen- und Menschenrechtsaktivisten portr\u00e4tiert werden, die aufgrund internationaler Interventionen freigelassen wurden. Dieses Video ist Teil des Medienarchivs des Projekts und soll in Zukunft der \u00d6ffentlichkeit zug\u00e4nglich gemacht werden.<\/p>\n\n\n\n<p>Ein junger Freiwilliger der Vereinten Welle berichtete \u00fcber die Zusammenarbeit des Vereins mit einem unabh\u00e4ngigen 24-Stunden-Satellitensender. Er erl\u00e4uterte, wie im Rahmen des Projekts Medienkompetenztrainings entwickelt wurden, um den Zugang zu unabh\u00e4ngigen Informationen zu verbessern - insbesondere f\u00fcr Frauen und Jugendliche im Iran, die systematischer Zensur ausgesetzt sind.<\/p>\n\n\n\n<h2 class=\"wp-block-heading\">Kultureller Abschluss und sozialer Austausch<\/h2>\n\n\n\n<p>Im Kulturteil spielte Maestro Taherzadeh - begleitet von einem Tonbak-Spieler - traditionelle Musikst\u00fccke auf der Setar und der Geige. Diese musikalische Darbietung war als \"kulturelle Br\u00fccke\" gedacht und wurde als dokumentiertes Element des Projektabschlusses aufgezeichnet.<\/p>\n\n\n\n<p>Das anschlie\u00dfende gemeinsame Abendessen mit traditionellen persischen Gerichten bot Raum f\u00fcr Austausch, Networking und die informelle Bewertung der einzelnen Projektkomponenten.<\/p>\n\n\n\n<h2 class=\"wp-block-heading\">Join Verein Welle: Kultur und Menschenrechte verbinden<\/h2>\n\n\n\n<p>Der erfolgreiche Abschluss dieses Projekts zeigt, welch wichtige Rolle Kultur und Geschichtsbewusstsein bei der Unterst\u00fctzung der Menschenrechtsarbeit spielen.<\/p>\n\n\n\n<p><strong>Unterst\u00fctzen Sie den Verein Welle bei seiner Aufgabe, das kulturelle Erbe als Plattform f\u00fcr die weltweite Sensibilisierung f\u00fcr die Menschenrechte und die Solidarit\u00e4t mit dem iranischen Volk zu nutzen.<\/strong><\/p>\n\n\n\n<p><\/p>","protected":false},"excerpt":{"rendered":"<p>October 1, 2025, Zurich \u2013 On this date, Verein Welle presented the official conclusion of a months-long project dedicated to connecting Iranian culture with the promotion of human rights. The project results were showcased at a public friends&#8217; meeting, emphasizing cultural identity, historical awareness, and human rights advocacy. The event, which began with the aroma [&hellip;]<\/p>\n","protected":false},"author":1,"featured_media":31843,"comment_status":"open","ping_status":"open","sticky":false,"template":"","format":"standard","meta":{"footnotes":""},"categories":[30],"tags":[],"class_list":["post-31839","post","type-post","status-publish","format-standard","has-post-thumbnail","hentry","category-news"],"_links":{"self":[{"href":"https:\/\/vereinwelle.ch\/de\/wp-json\/wp\/v2\/posts\/31839","targetHints":{"allow":["GET"]}}],"collection":[{"href":"https:\/\/vereinwelle.ch\/de\/wp-json\/wp\/v2\/posts"}],"about":[{"href":"https:\/\/vereinwelle.ch\/de\/wp-json\/wp\/v2\/types\/post"}],"author":[{"embeddable":true,"href":"https:\/\/vereinwelle.ch\/de\/wp-json\/wp\/v2\/users\/1"}],"replies":[{"embeddable":true,"href":"https:\/\/vereinwelle.ch\/de\/wp-json\/wp\/v2\/comments?post=31839"}],"version-history":[{"count":1,"href":"https:\/\/vereinwelle.ch\/de\/wp-json\/wp\/v2\/posts\/31839\/revisions"}],"predecessor-version":[{"id":31840,"href":"https:\/\/vereinwelle.ch\/de\/wp-json\/wp\/v2\/posts\/31839\/revisions\/31840"}],"wp:featuredmedia":[{"embeddable":true,"href":"https:\/\/vereinwelle.ch\/de\/wp-json\/wp\/v2\/media\/31843"}],"wp:attachment":[{"href":"https:\/\/vereinwelle.ch\/de\/wp-json\/wp\/v2\/media?parent=31839"}],"wp:term":[{"taxonomy":"category","embeddable":true,"href":"https:\/\/vereinwelle.ch\/de\/wp-json\/wp\/v2\/categories?post=31839"},{"taxonomy":"post_tag","embeddable":true,"href":"https:\/\/vereinwelle.ch\/de\/wp-json\/wp\/v2\/tags?post=31839"}],"curies":[{"name":"wp","href":"https:\/\/api.w.org\/{rel}","templated":true}]}}