{"id":31930,"date":"2025-11-19T09:18:00","date_gmt":"2025-11-19T08:18:00","guid":{"rendered":"https:\/\/vereinwelle.ch\/?p=31930"},"modified":"2025-12-03T17:48:07","modified_gmt":"2025-12-03T16:48:07","slug":"verurteilung-des-iran-und-strenge-warnung-von-mai-satos","status":"publish","type":"post","link":"https:\/\/vereinwelle.ch\/de\/un-condemnation-of-iran-and-mai-satos-strong-warning\/","title":{"rendered":"UN-Verurteilung des Iran und Mai Satos eindringliche Warnung"},"content":{"rendered":"<h2 class=\"wp-block-heading\">Ein historischer Durchbruch f\u00fcr die Gerechtigkeit im Zusammenhang mit dem Massaker von 1988 und den heutigen Gefangenen<\/h2>\n\n\n\n<p>In einer wegweisenden Entwicklung haben die Vereinten Nationen eine neue Resolution verabschiedet, in der sie die <strong>Iranisches Regime<\/strong> wegen seiner systematischen und schweren Menschenrechtsverletzungen \u2013 w\u00e4hrend es zum ersten Mal offiziell die <strong>1988 Massenhinrichtung politischer Gefangener<\/strong> als Teil dieser Missbr\u00e4uche.<\/p>\n\n\n\n<p>Dieser Moment stellt einen gro\u00dfen Sieg f\u00fcr \u00dcberlebende, Familienangeh\u00f6rige der Opfer und die globale Gemeinschaft dar. <strong>Menschenrechtsbewegung<\/strong> nach Jahrzehnten der Suche nach Wahrheit und Verantwortlichkeit.<\/p>\n\n\n\n<h2 class=\"wp-block-heading\">Mai Satos Antwort: eine klare Warnung vor einer m\u00f6glichen Wiederholung von 1988<\/h2>\n\n\n\n<figure class=\"wp-block-image aligncenter size-large\"><img fetchpriority=\"high\" decoding=\"async\" width=\"1024\" height=\"665\" src=\"https:\/\/vereinwelle.ch\/wp-content\/uploads\/2025\/12\/VW-03-12-2025-2-1024x665.png\" alt=\"\" class=\"wp-image-31932\" srcset=\"https:\/\/vereinwelle.ch\/wp-content\/uploads\/2025\/12\/VW-03-12-2025-2-1024x665.png 1024w, https:\/\/vereinwelle.ch\/wp-content\/uploads\/2025\/12\/VW-03-12-2025-2-300x195.png 300w, https:\/\/vereinwelle.ch\/wp-content\/uploads\/2025\/12\/VW-03-12-2025-2-768x499.png 768w, https:\/\/vereinwelle.ch\/wp-content\/uploads\/2025\/12\/VW-03-12-2025-2-18x12.png 18w, https:\/\/vereinwelle.ch\/wp-content\/uploads\/2025\/12\/VW-03-12-2025-2.png 1500w\" sizes=\"(max-width: 1024px) 100vw, 1024px\" \/><\/figure>\n\n\n\n<p>Nach der Verurteilung durch die UNO, <strong>Mai Sato<\/strong>, der UN-Sonderberichterstatter f\u00fcr die Lage der <strong>Menschenrechte im Iran<\/strong>, gab eine der bislang sch\u00e4rfsten Einsch\u00e4tzungen zur sich verschlechternden Menschenrechtslage im Land ab. In ihren offiziellen Erkl\u00e4rungen und ver\u00f6ffentlichten Korrespondenzen mit den iranischen Beh\u00f6rden warnte sie:<\/p>\n\n\n\n<ul class=\"wp-block-list\">\n<li><strong>Hinrichtungen im Iran<\/strong> haben den h\u00f6chsten Stand seit Jahrzehnten erreicht.<\/li>\n\n\n\n<li>Dutzende von <strong>politischen Gefangenen und Menschenrechtsaktivisten, die unrechtm\u00e4ssig in verschiedenen Gef\u00e4ngnissen des Landes festgehalten, misshandelt und gefoltert werden.<\/strong> stehen vor der unmittelbar bevorstehenden Hinrichtung.<\/li>\n\n\n\n<li>Die aktuellen Muster der Unterdr\u00fcckung weisen alarmierende \u00c4hnlichkeiten mit den Vorbereitungen auf den <strong>Massaker von 1988<\/strong>.<\/li>\n\n\n\n<li>Viele Inhaftierte wurden nach nur wenige Minuten dauernden Gerichtsverfahren, durch Folter erzwungenen Gest\u00e4ndnissen und offensichtlich unfairen Gerichtsverfahren verurteilt.<\/li>\n<\/ul>\n\n\n\n<p>Mai Sato betonte, dass die internationale Gemeinschaft jetzt handeln m\u00fcsse, \u201cbevor es zu sp\u00e4t ist\u201d, und beschrieb die Situation als dringend, eskalierend und potenziell katastrophal. Durch die Ver\u00f6ffentlichung ihrer Briefe sorgte sie f\u00fcr vollst\u00e4ndige Transparenz und lenkte die weltweite Aufmerksamkeit auf die drohende Gefahr.<\/p>\n\n\n\n<h2 class=\"wp-block-heading\">Warum dieser Moment ein historischer Durchbruch ist<\/h2>\n\n\n\n<h3 class=\"wp-block-heading\">Das Massaker von 1988 ist nun offiziell in einer Resolution der Vereinten Nationen anerkannt.<\/h3>\n\n\n\n<p>Jahrzehntelang hat das iranische Regime diese Gr\u00e4ueltat geleugnet oder verschwiegen. Die neue Resolution durchbricht diese Mauer des Schweigens und \u00f6ffnet die T\u00fcr zu <strong>internationale Ermittlungen<\/strong>, Mechanismen zur Wahrheitsfindung und Rechenschaftspflicht f\u00fcr die an den Hinrichtungen Beteiligten.<\/p>\n\n\n\n<h3 class=\"wp-block-heading\">Eine globale Warnung vor der Gefahr eines weiteren Massenmords<\/h3>\n\n\n\n<p>Angesichts der zunehmenden Anwendung der Todesstrafe durch das Regime und der offenen Lobpreisung der \u201cerfolgreichen Erfahrungen von 1988\u201d durch die regierungsnahen Medien ist diese Ma\u00dfnahme der Vereinten Nationen ein wichtiger Weckruf.<\/p>\n\n\n\n<h3 class=\"wp-block-heading\">Ein leistungsstarkes Instrument f\u00fcr internationale Interessenvertretung<\/h3>\n\n\n\n<p>Menschenrechtsorganisationen, darunter <strong>Verein Welle<\/strong>, kann sich nun verlassen auf:<\/p>\n\n\n\n<ul class=\"wp-block-list\">\n<li>Die offizielle Anerkennung des Massakers von 1988 durch die Vereinten Nationen.<\/li>\n\n\n\n<li>Mai Satos dokumentierte Warnungen.<\/li>\n\n\n\n<li>Die wachsende Zahl von Beweisen f\u00fcr die heutigen Hinrichtungen.<\/li>\n<\/ul>\n\n\n\n<p>Diese Beweise k\u00f6nnen genutzt werden, um dringenden internationalen Druck, die Einrichtung einer unabh\u00e4ngigen Untersuchung und den sofortigen Schutz gef\u00e4hrdeter Gefangener zu fordern.<\/p>\n\n\n\n<h3 class=\"wp-block-heading\">Ein entscheidender Schlag gegen die jahrzehntelange Leugnungskampagne des Regimes<\/h3>\n\n\n\n<p>Jahrelange Zerst\u00f6rung von Massengr\u00e4bern, Einsch\u00fcchterung von Familien und Unterdr\u00fcckung von Informationen k\u00f6nnen das Gewicht der offiziellen UN-Dokumentation nicht l\u00e4nger au\u00dfer Kraft setzen.<\/p>\n\n\n\n<h2 class=\"wp-block-heading\">Ein Wendepunkt f\u00fcr die Gerechtigkeit<\/h2>\n\n\n\n<figure class=\"wp-block-image aligncenter size-large\"><img decoding=\"async\" width=\"1024\" height=\"682\" src=\"https:\/\/vereinwelle.ch\/wp-content\/uploads\/2025\/12\/VW-03-12-2025-3-1024x682.jpg\" alt=\"\" class=\"wp-image-31933\" srcset=\"https:\/\/vereinwelle.ch\/wp-content\/uploads\/2025\/12\/VW-03-12-2025-3-1024x682.jpg 1024w, https:\/\/vereinwelle.ch\/wp-content\/uploads\/2025\/12\/VW-03-12-2025-3-300x200.jpg 300w, https:\/\/vereinwelle.ch\/wp-content\/uploads\/2025\/12\/VW-03-12-2025-3-768x511.jpg 768w, https:\/\/vereinwelle.ch\/wp-content\/uploads\/2025\/12\/VW-03-12-2025-3-1536x1022.jpg 1536w, https:\/\/vereinwelle.ch\/wp-content\/uploads\/2025\/12\/VW-03-12-2025-3-18x12.jpg 18w, https:\/\/vereinwelle.ch\/wp-content\/uploads\/2025\/12\/VW-03-12-2025-3.jpg 1600w\" sizes=\"(max-width: 1024px) 100vw, 1024px\" \/><\/figure>\n\n\n\n<p>Die Kombination aus der historischen Verurteilung durch die UNO und Mai Satos eindringlicher Warnung markiert die st\u00e4rkste internationale Haltung seit 35 Jahren in Bezug auf Gerechtigkeit f\u00fcr die Opfer des <strong>Massaker von 1988<\/strong>\u2014und zum Schutz <strong>politischen Gefangenen und Menschenrechtsaktivisten, die unrechtm\u00e4ssig in verschiedenen Gef\u00e4ngnissen des Landes festgehalten, misshandelt und gefoltert werden.<\/strong> der heute hingerichtet wird.<\/p>\n\n\n\n<p>Dieser Moment ist nicht nur symbolisch. Er schafft die Grundlage f\u00fcr echte Rechenschaftspflicht, internationales Handeln und neue Hoffnung f\u00fcr die Familien, die seit Jahrzehnten auf Anerkennung und Wahrheit warten.<\/p>\n\n\n\n<h2 class=\"wp-block-heading\">Aufruf zum Handeln: Unterst\u00fctzung der Rechenschaftspflicht f\u00fcr die Verbrechen des Iran<\/h2>\n\n\n\n<p>Die UN-Resolution ist ein Meilenstein, aber ihre Wirkung h\u00e4ngt von konkreten Ma\u00dfnahmen ab. <strong>Schlie\u00dfen Sie sich dem Verein Welle an, um diese historische Verurteilung zu nutzen.<\/strong><\/p>\n\n\n\n<p>Verst\u00e4rken Sie die Forderung nach internationalen Ermittlungen zum Massaker von 1988 und sch\u00fctzen Sie das Leben politischer Gefangener, denen heute die Hinrichtung droht. Ihre Unterst\u00fctzung hilft dabei, UN-Resolutionen in reale Rechenschaftspflicht umzusetzen.<\/p>","protected":false},"excerpt":{"rendered":"<p>A historic breakthrough for justice on the 1988 massacre and today\u2019s prisoners In a landmark development, the United Nations has adopted a new resolution condemning the Iranian regime for its systemic and grave human rights violations\u2014while, for the first time, formally recognizing the 1988 mass execution of political prisoners as part of these abuses. This [&hellip;]<\/p>\n","protected":false},"author":1,"featured_media":31931,"comment_status":"open","ping_status":"open","sticky":false,"template":"","format":"standard","meta":{"footnotes":""},"categories":[30],"tags":[],"class_list":["post-31930","post","type-post","status-publish","format-standard","has-post-thumbnail","hentry","category-news"],"_links":{"self":[{"href":"https:\/\/vereinwelle.ch\/de\/wp-json\/wp\/v2\/posts\/31930","targetHints":{"allow":["GET"]}}],"collection":[{"href":"https:\/\/vereinwelle.ch\/de\/wp-json\/wp\/v2\/posts"}],"about":[{"href":"https:\/\/vereinwelle.ch\/de\/wp-json\/wp\/v2\/types\/post"}],"author":[{"embeddable":true,"href":"https:\/\/vereinwelle.ch\/de\/wp-json\/wp\/v2\/users\/1"}],"replies":[{"embeddable":true,"href":"https:\/\/vereinwelle.ch\/de\/wp-json\/wp\/v2\/comments?post=31930"}],"version-history":[{"count":1,"href":"https:\/\/vereinwelle.ch\/de\/wp-json\/wp\/v2\/posts\/31930\/revisions"}],"predecessor-version":[{"id":31934,"href":"https:\/\/vereinwelle.ch\/de\/wp-json\/wp\/v2\/posts\/31930\/revisions\/31934"}],"wp:featuredmedia":[{"embeddable":true,"href":"https:\/\/vereinwelle.ch\/de\/wp-json\/wp\/v2\/media\/31931"}],"wp:attachment":[{"href":"https:\/\/vereinwelle.ch\/de\/wp-json\/wp\/v2\/media?parent=31930"}],"wp:term":[{"taxonomy":"category","embeddable":true,"href":"https:\/\/vereinwelle.ch\/de\/wp-json\/wp\/v2\/categories?post=31930"},{"taxonomy":"post_tag","embeddable":true,"href":"https:\/\/vereinwelle.ch\/de\/wp-json\/wp\/v2\/tags?post=31930"}],"curies":[{"name":"wp","href":"https:\/\/api.w.org\/{rel}","templated":true}]}}