{"id":32024,"date":"2026-01-03T15:51:36","date_gmt":"2026-01-03T14:51:36","guid":{"rendered":"https:\/\/vereinwelle.ch\/?p=32024"},"modified":"2026-01-03T15:51:39","modified_gmt":"2026-01-03T14:51:39","slug":"iranischer-volksaufstand","status":"publish","type":"post","link":"https:\/\/vereinwelle.ch\/de\/irans-nationwide-uprising\/","title":{"rendered":"Der landesweite Aufstand im Iran"},"content":{"rendered":"<p>Der Iran ist in eine <strong>anhaltender landesweiter Aufstand<\/strong>, angeheizt durch eine tiefe Wirtschaftskrise, die schnell zu umfassenden politischen Forderungen f\u00fchrte. Inzwischen, in der zweiten Woche, haben sich die Proteste von den Gro\u00dfst\u00e4dten auf kleinere St\u00e4dte und l\u00e4ndliche Gebiete ausgeweitet, wodurch diese Bewegung zur gr\u00f6\u00dften innenpolitischen Herausforderung f\u00fcr das iranische Regime seit dem<a href=\"https:\/\/vereinwelle.ch\/de\/projekte\/einsatz-fur-die-rechte-der-frauen-im-iran\/\" data-type=\"link\" data-id=\"https:\/\/vereinwelle.ch\/projects\/advocating-for-women-rights-in-iran\/\"> Aufstand 2022<\/a>.<\/p>\n\n\n\n<p>Ausgehend von Unzufriedenheit \u00fcber die Lebenshaltungskosten und den wirtschaftlichen Zusammenbruch hat sich die Bewegung zu einem gr\u00f6\u00dferen Ausdruck der \u00f6ffentlichen Frustration \u00fcber die tief verwurzelte politische Unterdr\u00fcckung und eine Regierung entwickelt, die nach Meinung vieler nicht auf die Bed\u00fcrfnisse der einfachen Bev\u00f6lkerung eingegangen ist. Mindestens <strong>Zehn Demonstranten wurden get\u00f6tet.<\/strong>und <strong>Hunderte festgenommen<\/strong> w\u00e4hrend die Sicherheitskr\u00e4fte versuchen, hart gegen Demonstranten vorzugehen.<a href=\"https:\/\/en.wikipedia.org\/wiki\/2025%E2%80%932026_Iranian_protests?utm_source=chatgpt.com\" target=\"_blank\" rel=\"noreferrer noopener\"><\/a><\/p>\n\n\n\n<blockquote class=\"instagram-media\" data-instgrm-captioned data-instgrm-permalink=\"https:\/\/www.instagram.com\/reel\/DS-6VhrDVm4\/?utm_source=ig_embed&amp;utm_campaign=loading\" data-instgrm-version=\"14\" style=\" background:#FFF; border:0; border-radius:3px; box-shadow:0 0 1px 0 rgba(0,0,0,0.5),0 1px 10px 0 rgba(0,0,0,0.15); margin: 1px; max-width:540px; min-width:326px; padding:0; width:99.375%; width:-webkit-calc(100% - 2px); width:calc(100% - 2px);\"><div style=\"padding:16px;\"> <a href=\"https:\/\/www.instagram.com\/reel\/DS-6VhrDVm4\/?utm_source=ig_embed&amp;utm_campaign=loading\" style=\" background:#FFFFFF; line-height:0; padding:0 0; text-align:center; text-decoration:none; width:100%;\" target=\"_blank\" rel=\"noopener\"> <div style=\" display: flex; flex-direction: row; align-items: center;\"> <div style=\"background-color: #F4F4F4; border-radius: 50%; flex-grow: 0; height: 40px; margin-right: 14px; width: 40px;\"><\/div> <div style=\"display: flex; flex-direction: column; flex-grow: 1; justify-content: center;\"> <div style=\" background-color: #F4F4F4; border-radius: 4px; flex-grow: 0; height: 14px; margin-bottom: 6px; width: 100px;\"><\/div> <div style=\" background-color: #F4F4F4; border-radius: 4px; flex-grow: 0; height: 14px; width: 60px;\"><\/div><\/div><\/div><div style=\"padding: 19% 0;\"><\/div> <div style=\"display:block; height:50px; margin:0 auto 12px; width:50px;\"><svg width=\"50px\" height=\"50px\" viewbox=\"0 0 60 60\" version=\"1.1\" xmlns=\"https:\/\/www.w3.org\/2000\/svg\" xmlns:xlink=\"https:\/\/www.w3.org\/1999\/xlink\"><g stroke=\"none\" stroke-width=\"1\" fill=\"none\" fill-rule=\"evenodd\"><g transform=\"translate(-511.000000, -20.000000)\" fill=\"#000000\"><g><path d=\"M556.869,30.41 C554.814,30.41 553.148,32.076 553.148,34.131 C553.148,36.186 554.814,37.852 556.869,37.852 C558.924,37.852 560.59,36.186 560.59,34.131 C560.59,32.076 558.924,30.41 556.869,30.41 M541,60.657 C535.114,60.657 530.342,55.887 530.342,50 C530.342,44.114 535.114,39.342 541,39.342 C546.887,39.342 551.658,44.114 551.658,50 C551.658,55.887 546.887,60.657 541,60.657 M541,33.886 C532.1,33.886 524.886,41.1 524.886,50 C524.886,58.899 532.1,66.113 541,66.113 C549.9,66.113 557.115,58.899 557.115,50 C557.115,41.1 549.9,33.886 541,33.886 M565.378,62.101 C565.244,65.022 564.756,66.606 564.346,67.663 C563.803,69.06 563.154,70.057 562.106,71.106 C561.058,72.155 560.06,72.803 558.662,73.347 C557.607,73.757 556.021,74.244 553.102,74.378 C549.944,74.521 548.997,74.552 541,74.552 C533.003,74.552 532.056,74.521 528.898,74.378 C525.979,74.244 524.393,73.757 523.338,73.347 C521.94,72.803 520.942,72.155 519.894,71.106 C518.846,70.057 518.197,69.06 517.654,67.663 C517.244,66.606 516.755,65.022 516.623,62.101 C516.479,58.943 516.448,57.996 516.448,50 C516.448,42.003 516.479,41.056 516.623,37.899 C516.755,34.978 517.244,33.391 517.654,32.338 C518.197,30.938 518.846,29.942 519.894,28.894 C520.942,27.846 521.94,27.196 523.338,26.654 C524.393,26.244 525.979,25.756 528.898,25.623 C532.057,25.479 533.004,25.448 541,25.448 C548.997,25.448 549.943,25.479 553.102,25.623 C556.021,25.756 557.607,26.244 558.662,26.654 C560.06,27.196 561.058,27.846 562.106,28.894 C563.154,29.942 563.803,30.938 564.346,32.338 C564.756,33.391 565.244,34.978 565.378,37.899 C565.522,41.056 565.552,42.003 565.552,50 C565.552,57.996 565.522,58.943 565.378,62.101 M570.82,37.631 C570.674,34.438 570.167,32.258 569.425,30.349 C568.659,28.377 567.633,26.702 565.965,25.035 C564.297,23.368 562.623,22.342 560.652,21.575 C558.743,20.834 556.562,20.326 553.369,20.18 C550.169,20.033 549.148,20 541,20 C532.853,20 531.831,20.033 528.631,20.18 C525.438,20.326 523.257,20.834 521.349,21.575 C519.376,22.342 517.703,23.368 516.035,25.035 C514.368,26.702 513.342,28.377 512.574,30.349 C511.834,32.258 511.326,34.438 511.181,37.631 C511.035,40.831 511,41.851 511,50 C511,58.147 511.035,59.17 511.181,62.369 C511.326,65.562 511.834,67.743 512.574,69.651 C513.342,71.625 514.368,73.296 516.035,74.965 C517.703,76.634 519.376,77.658 521.349,78.425 C523.257,79.167 525.438,79.673 528.631,79.82 C531.831,79.965 532.853,80.001 541,80.001 C549.148,80.001 550.169,79.965 553.369,79.82 C556.562,79.673 558.743,79.167 560.652,78.425 C562.623,77.658 564.297,76.634 565.965,74.965 C567.633,73.296 568.659,71.625 569.425,69.651 C570.167,67.743 570.674,65.562 570.82,62.369 C570.966,59.17 571,58.147 571,50 C571,41.851 570.966,40.831 570.82,37.631\"><\/path><\/g><\/g><\/g><\/svg><\/div><div style=\"padding-top: 8px;\"> <div style=\" color:#3897f0; font-family:Arial,sans-serif; font-size:14px; font-style:normal; font-weight:550; line-height:18px;\">Diesen Beitrag auf Instagram anzeigen<\/div><\/div><div style=\"padding: 12.5% 0;\"><\/div> <div style=\"display: flex; flex-direction: row; margin-bottom: 14px; align-items: center;\"><div> <div style=\"background-color: #F4F4F4; border-radius: 50%; height: 12.5px; width: 12.5px; transform: translateX(0px) translateY(7px);\"><\/div> <div style=\"background-color: #F4F4F4; height: 12.5px; transform: rotate(-45deg) translateX(3px) translateY(1px); width: 12.5px; flex-grow: 0; margin-right: 14px; margin-left: 2px;\"><\/div> <div style=\"background-color: #F4F4F4; border-radius: 50%; height: 12.5px; width: 12.5px; transform: translateX(9px) translateY(-18px);\"><\/div><\/div><div style=\"margin-left: 8px;\"> <div style=\" background-color: #F4F4F4; border-radius: 50%; flex-grow: 0; height: 20px; width: 20px;\"><\/div> <div style=\" width: 0; height: 0; border-top: 2px solid transparent; border-left: 6px solid #f4f4f4; border-bottom: 2px solid transparent; transform: translateX(16px) translateY(-4px) rotate(30deg)\"><\/div><\/div><div style=\"margin-left: auto;\"> <div style=\" width: 0px; border-top: 8px solid #F4F4F4; border-right: 8px solid transparent; transform: translateY(16px);\"><\/div> <div style=\" background-color: #F4F4F4; flex-grow: 0; height: 12px; width: 16px; transform: translateY(-4px);\"><\/div> <div style=\" width: 0; height: 0; border-top: 8px solid #F4F4F4; border-left: 8px solid transparent; transform: translateY(-4px) translateX(8px);\"><\/div><\/div><\/div> <div style=\"display: flex; flex-direction: column; flex-grow: 1; justify-content: center; margin-bottom: 24px;\"> <div style=\" background-color: #F4F4F4; border-radius: 4px; flex-grow: 0; height: 14px; margin-bottom: 6px; width: 224px;\"><\/div> <div style=\" background-color: #F4F4F4; border-radius: 4px; flex-grow: 0; height: 14px; width: 144px;\"><\/div><\/div><\/a><p style=\" color:#c9c8cd; font-family:Arial,sans-serif; font-size:14px; line-height:17px; margin-bottom:0; margin-top:8px; overflow:hidden; padding:8px 0 7px; text-align:center; text-overflow:ellipsis; white-space:nowrap;\"><a href=\"https:\/\/www.instagram.com\/reel\/DS-6VhrDVm4\/?utm_source=ig_embed&amp;utm_campaign=loading\" style=\" color:#c9c8cd; font-family:Arial,sans-serif; font-size:14px; font-style:normal; font-weight:normal; line-height:17px; text-decoration:none;\" target=\"_blank\" rel=\"noopener\">Ein Beitrag geteilt von Verein Welle (@vereinwelle)<\/a><\/p><\/div><\/blockquote>\n<script async src=\"\/\/www.instagram.com\/embed.js\"><\/script>\n\n\n\n<h2 class=\"wp-block-heading\"><strong>Die wirtschaftlichen Ursachen des Aufstands<\/strong><\/h2>\n\n\n\n<p>Im Zentrum der Unruhen steht ein <strong>schwere Wirtschaftskrise<\/strong> die die Haushaltseinkommen gedr\u00fcckt und das Vertrauen der \u00d6ffentlichkeit untergraben hat. Jahrelange Misswirtschaft, versch\u00e4rft durch versch\u00e4rfte internationale Sanktionen und geopolitische Spannungen, haben die Inflation auf Rekordh\u00f6hen und den iranischen Rial auf historische Tiefstst\u00e4nde getrieben.<\/p>\n\n\n\n<p>Bis Ende Dezember 2025 brach der Rial auf etwa <strong>1,4\u20131,45 Millionen gegen\u00fcber dem US-Dollar<\/strong>, gegen\u00fcber einem Bruchteil dieses Wertes nur wenige Monate zuvor. Die Haushalte, die bereits durch steigende Kosten f\u00fcr Lebensmittel und lebensnotwendige G\u00fcter belastet waren, brachen unter dem Druck zusammen. Die Inflation war in die H\u00f6he geschossen. <strong>40 Prozent<\/strong>, und Grundbed\u00fcrfnisse wurden f\u00fcr gro\u00dfe Teile der Bev\u00f6lkerung zunehmend unerschwinglich.<\/p>\n\n\n\n<p>Die Proteste <strong>begann mit Kaufleuten und Ladenbesitzern<\/strong> im historischen Gro\u00dfen Basar von Teheran \u2013 einem Gebiet, das historisch mit der politischen Mobilisierung im Iran verbunden ist \u2013, die ihre Gesch\u00e4fte aus Protest gegen den wirtschaftlichen Zusammenbruch und das Versagen der Regierung, die M\u00e4rkte zu stabilisieren, geschlossen hatten. Im Laufe der Woche schlossen sich Studenten, Arbeiter, Hausfrauen und andere, die mit ihren Lebensbedingungen unzufrieden waren, den Demonstrationen an.<\/p>\n\n\n\n<h2 class=\"wp-block-heading\">Von Gesch\u00e4ften zu Stra\u00dfen<\/h2>\n\n\n\n<p>Was als lokale Schlie\u00dfungen und Widerstand in Teheran begann, entwickelte sich schnell zu einer <strong>landesweite Bewegung, die \u00fcber Provinzgrenzen hinweggeht<\/strong>. Es wurde \u00fcber Proteste in gro\u00dfen st\u00e4dtischen Zentren wie Teheran, Isfahan, Shiraz, Mashhad, Hamadan und Tabriz sowie in kleineren St\u00e4dten und Ortschaften in den westlichen, zentralen und s\u00fcdlichen Provinzen berichtet. Zu den Demonstrationen geh\u00f6rten <strong>Streiks, Demonstrationen und Stra\u00dfenblockaden<\/strong>.<\/p>\n\n\n\n<p>Die Teilnehmer der Bewegung repr\u00e4sentieren einen breiten Querschnitt der iranischen Gesellschaft:<\/p>\n\n\n\n<ul class=\"wp-block-list\">\n<li><strong>Basarh\u00e4ndler und Kaufleute<\/strong>, die zuvor um lokale wirtschaftliche Interessen organisiert waren, sind zu zentralen Stimmen des Widerstands geworden.<\/li>\n\n\n\n<li><strong>Studenten und Jugendliche<\/strong>, in denen nicht nur wirtschaftliche Missst\u00e4nde, sondern auch seit langem bestehende Forderungen nach mehr sozialen Freiheiten und politischer Mitsprache zum Ausdruck gebracht werden.<\/li>\n\n\n\n<li><strong>Frauen und Familien<\/strong>, um auf die Auswirkungen der Inflation auf das t\u00e4gliche Leben aufmerksam zu machen und sich f\u00fcr systemische Reformen einzusetzen.<\/li>\n\n\n\n<li><strong>Arbeiter und einkommensschwache Bev\u00f6lkerungsgruppen<\/strong>, deren Lebensgrundlage durch steigende Kosten und stagnierende L\u00f6hne zerst\u00f6rt wurde.<\/li>\n<\/ul>\n\n\n\n<p>Die Symbole und Slogans der Bewegung haben sich im Laufe der Zeit ver\u00e4ndert. W\u00e4hrend sich die fr\u00fchen Forderungen auf <strong>wirtschaftliches \u00dcberleben<\/strong>, sp\u00e4tere Demonstrationen signalisieren <strong>politische Ambitionen<\/strong>, darunter Forderungen nach grundlegenden Ver\u00e4nderungen und Widerstand gegen die theokratische Herrschaft. In den sozialen Medien skandierten die Demonstranten Parolen wie \u201cFreiheit\u201d und \u201cNieder mit dem Diktator\u201d, was ein breiteres politisches Bewusstsein widerspiegelt.<\/p>\n\n\n\n<h2 class=\"wp-block-heading\"><strong>Eskalation und Reaktion des Staates<\/strong><\/h2>\n\n\n\n<p>Die iranischen Beh\u00f6rden haben mit einer Mischung aus <strong>Gewalt, Rhetorik und begrenztes politisches Engagement<\/strong>. Sicherheitskr\u00e4fte, darunter Bereitschaftspolizei und Einheiten der paramilit\u00e4rischen Basij, wurden eingesetzt, um Versammlungen aufzul\u00f6sen und gro\u00dfe Demonstrationen zu verhindern. Berichten zufolge wurden in einigen Gebieten scharfe Munition, Tr\u00e4nengas und Massenverhaftungen eingesetzt.<\/p>\n\n\n\n<p>Laut unabh\u00e4ngiger \u00dcberwachung und Medien\u00fcberpr\u00fcfung mindestens <strong>Zehn Demonstranten wurden get\u00f6tet.<\/strong> bei Zusammenst\u00f6\u00dfen mit Sicherheitskr\u00e4ften und <strong>Hunderte wurden festgenommen.<\/strong> in mehreren St\u00e4dten.<\/p>\n\n\n\n<h2 class=\"wp-block-heading\"><strong>Internationale Aufmerksamkeit und regionale Auswirkungen<\/strong><\/h2>\n\n\n\n<p>Die Proteste haben weltweit gro\u00dfe Aufmerksamkeit erregt. Internationale Medien haben ausf\u00fchrlich \u00fcber die Unruhen berichtet und sie als die schwersten innenpolitischen Unruhen seit den Bewegungen von 2022 nach dem Tod von <a href=\"https:\/\/vereinwelle.ch\/de\/iranische-frauen-und-ihr-endloser-schrei-nach-freiheit-am-8-marz\/\" data-type=\"link\" data-id=\"https:\/\/vereinwelle.ch\/iranian-women-and-their-endless-cry-for-freedom-on-march-8th\/\">Mahsa Amini<\/a>. Beobachter stellen fest, dass die Vermischung wirtschaftlicher und politischer Missst\u00e4nde ein Spiegelbild der <strong>allgemeine Vertrauenskrise<\/strong> in den Regierungsstrukturen des Iran.<\/p>\n\n\n\n<h2 class=\"wp-block-heading\"><strong>Stimmen von der Stra\u00dfe, eine Generation ohne Zukunft<\/strong><\/h2>\n\n\n\n<p>Stra\u00dfeninterviews und Erfahrungsberichte in sozialen Medien zeigen tiefgreifende <strong>Verzweiflung und Dringlichkeit<\/strong> unter den Demonstranten. Viele junge Iraner sagen, dass sie aufgrund der tiefen wirtschaftlichen Ungleichheit und der politischen Unterdr\u00fcckung das Gef\u00fchl haben, unter dem derzeitigen System \u201ckeine Zukunft\u201d zu haben \u2013 ein emotionaler Refrain, der in zahlreichen Protestvideos und Zeugenaussagen wiederholt wird. F\u00fcr viele geht es nicht nur um das wirtschaftliche \u00dcberleben, sondern auch um W\u00fcrde, Gerechtigkeit und politische Teilhabe.<\/p>\n\n\n\n<p>Diese Stimmungen spiegeln historische Muster im Iran wider, wo wirtschaftliche Missst\u00e4nde regelm\u00e4\u00dfig politische Umw\u00e4lzungen ausgel\u00f6st haben. Aber der Umfang und die Intensit\u00e4t der aktuellen Bewegung lassen vermuten, dass <strong>neue Stufe kollektiver Frustration<\/strong> die Klassen-, ethnische und regionale Unterschiede \u00fcberwindet.<\/p>\n\n\n\n<h3 class=\"wp-block-heading\"><strong>Eskalierende Repression und t\u00f6dliche Gewaltanwendung<\/strong><\/h3>\n\n\n\n<p>Glaubw\u00fcrdige Berichte aus dem Iran best\u00e4tigen, dass die staatlichen Sicherheitskr\u00e4fte auf den landesweiten Aufstand mit <strong>t\u00f6dliche und unverh\u00e4ltnism\u00e4\u00dfige Gewalt<\/strong>. Bereitschaftspolizei, Spezialeinheiten und paramilit\u00e4rische Kr\u00e4fte haben eingesetzt <strong>Scharfe Munition, direktes Schie\u00dfen auf Demonstranten, Metallgeschosse, Tr\u00e4nengas, Schlagst\u00f6cke und Massenverhaftungen<\/strong> Demonstrationen zu unterdr\u00fccken. In mehreren St\u00e4dten dokumentieren Augenzeugenberichte und Videoaufnahmen <strong>Sicherheitskr\u00e4fte schie\u00dfen direkt auf Menschenmengen und Einzelpersonen<\/strong>, anstatt Ma\u00dfnahmen zur Kontrolle der Menschenmenge einzusetzen. Demonstranten wurden aus n\u00e4chster N\u00e4he erschossen, viele weitere erlitten lebensbedrohliche Verletzungen. Es wurde auch \u00fcber willk\u00fcrliche Verhaftungen, gewaltsame Schl\u00e4ge w\u00e4hrend der Haft und Verschleppungen berichtet. Solche Methoden spiegeln ein systematisches Muster der Unterdr\u00fcckung wider, das nicht auf die Wiederherstellung der \u00f6ffentlichen Ordnung abzielt, sondern darauf, Angst zu sch\u00fcren und Dissens um jeden Preis zu unterdr\u00fccken \u2013 wodurch das Leben der inhaftierten Demonstranten und derjenigen, die sich noch auf den Stra\u00dfen befinden, in Gefahr gebracht wird. <strong>akute und unmittelbare Gefahr<\/strong>.<\/p>\n\n\n\n<p><strong>Machen Sie mit:<\/strong><\/p>\n\n\n\n<p><a href=\"https:\/\/www.instagram.com\/vereinwelle\/\" data-type=\"link\" data-id=\"https:\/\/www.instagram.com\/vereinwelle\/\" target=\"_blank\" rel=\"noopener\">Teilen und folgen Sie uns in den sozialen Medien<\/a><\/p>\n\n\n\n<p><a href=\"https:\/\/vereinwelle.ch\/de\/eine-spende-machen\/\" data-type=\"link\" data-id=\"https:\/\/vereinwelle.ch\/make-a-donation\/\">Eine Spende machen<\/a><\/p>\n\n\n\n<p><\/p>","protected":false},"excerpt":{"rendered":"<p>Iran has entered a sustained nationwide uprising, fueled by a deep economic crisis that quickly evolved into broad political demands. Now into its second week, protests have spread from major cities to smaller towns and rural areas, making this movement the most widespread domestic challenge the Iranian Regime has faced since the 2022 uprising. Initially [&hellip;]<\/p>\n","protected":false},"author":3,"featured_media":32025,"comment_status":"open","ping_status":"open","sticky":false,"template":"","format":"standard","meta":{"footnotes":""},"categories":[32,81,82,74],"tags":[34,35,98],"class_list":["post-32024","post","type-post","status-publish","format-standard","has-post-thumbnail","hentry","category-activities","category-human-rights-violations-in-iran","category-international-human-rights-advocacy","category-saving-peaceful-protesters","tag-human-rights","tag-iran","tag-stop-executions-in-iran"],"_links":{"self":[{"href":"https:\/\/vereinwelle.ch\/de\/wp-json\/wp\/v2\/posts\/32024","targetHints":{"allow":["GET"]}}],"collection":[{"href":"https:\/\/vereinwelle.ch\/de\/wp-json\/wp\/v2\/posts"}],"about":[{"href":"https:\/\/vereinwelle.ch\/de\/wp-json\/wp\/v2\/types\/post"}],"author":[{"embeddable":true,"href":"https:\/\/vereinwelle.ch\/de\/wp-json\/wp\/v2\/users\/3"}],"replies":[{"embeddable":true,"href":"https:\/\/vereinwelle.ch\/de\/wp-json\/wp\/v2\/comments?post=32024"}],"version-history":[{"count":1,"href":"https:\/\/vereinwelle.ch\/de\/wp-json\/wp\/v2\/posts\/32024\/revisions"}],"predecessor-version":[{"id":32026,"href":"https:\/\/vereinwelle.ch\/de\/wp-json\/wp\/v2\/posts\/32024\/revisions\/32026"}],"wp:featuredmedia":[{"embeddable":true,"href":"https:\/\/vereinwelle.ch\/de\/wp-json\/wp\/v2\/media\/32025"}],"wp:attachment":[{"href":"https:\/\/vereinwelle.ch\/de\/wp-json\/wp\/v2\/media?parent=32024"}],"wp:term":[{"taxonomy":"category","embeddable":true,"href":"https:\/\/vereinwelle.ch\/de\/wp-json\/wp\/v2\/categories?post=32024"},{"taxonomy":"post_tag","embeddable":true,"href":"https:\/\/vereinwelle.ch\/de\/wp-json\/wp\/v2\/tags?post=32024"}],"curies":[{"name":"wp","href":"https:\/\/api.w.org\/{rel}","templated":true}]}}