{"id":32068,"date":"2026-01-15T13:43:35","date_gmt":"2026-01-15T12:43:35","guid":{"rendered":"https:\/\/vereinwelle.ch\/?p=32068"},"modified":"2026-02-03T17:17:29","modified_gmt":"2026-02-03T16:17:29","slug":"verurteilung-der-menschenrechtsverletzungen-im-iran","status":"publish","type":"post","link":"https:\/\/vereinwelle.ch\/de\/condemnation-human-right-violations-iran\/","title":{"rendered":"Wachsende internationale Verurteilung der Unterdr\u00fcckung und der Menschenrechtsverletzungen im Iran"},"content":{"rendered":"<p>Als Berichte \u00fcber gewaltsame Repression, <a href=\"https:\/\/vereinwelle.ch\/de\/iran-proteste-todesfalle-bestatigt-aktualisiert\/\" data-type=\"link\" data-id=\"https:\/\/vereinwelle.ch\/iran-protests-confirmed-deaths-updated\/\">Massent\u00f6tung<\/a> und Massenverhaftungen, sowie t\u00f6dliche Gewalt gegen <a href=\"https:\/\/vereinwelle.ch\/de\/projekte\/iran-proteste-internationaler-aufruf-zur-unterstutzung\/\" data-type=\"link\" data-id=\"https:\/\/vereinwelle.ch\/projects\/iran-protest-international-call-for-support\/\">friedliche Demonstranten <\/a>auftauchen, hat eine beispiellose Welle internationaler Verurteilung eingesetzt. Von Vertretern der Vereinten Nationen bis hin zu Nobelpreistr\u00e4gern sendet die Weltgemeinschaft eine klare Botschaft: Die systematische Verletzung grundlegender Menschenrechte im Iran ist nicht l\u00e4nger eine \u201cinterne Angelegenheit\u201d, sondern eine Krise von globaler Bedeutung.<\/p>\n\n\n\n<h2 class=\"wp-block-heading\">Die Vereinten Nationen: Warnung vor der \u201cBewaffnung\u201d des Todes<\/h2>\n\n\n\n<p>Hochrangige UN-Beamte und unabh\u00e4ngige Experten haben eindringlich vor der Verschlechterung der Lage gewarnt. Die <strong><a href=\"https:\/\/news.un.org\/en\/story\/2026\/01\/1166733\" data-type=\"link\" data-id=\"https:\/\/news.un.org\/en\/story\/2026\/01\/1166733\" target=\"_blank\" rel=\"noopener\">Amt des Oberb\u00fcrgermeisters<\/a> Kommissar f\u00fcr Menschenrechte (OHCHR)<\/strong> hat den Einsatz von scharfer Munition gegen Demonstranten und die Zunahme willk\u00fcrlicher Verhaftungen ausdr\u00fccklich verurteilt.<\/p>\n\n\n\n<p>\u201cDie Hinrichtung von Demonstranten oder die Androhung der Todesstrafe stellt eine schwerwiegende Verletzung des Rechts auf Leben dar und bedeutet den Einsatz von Angst als Mittel der politischen Unterdr\u00fcckung\u201d.\u201d<\/p>\n\n\n\n<p>-<a href=\"https:\/\/www.ohchr.org\/en\/press-releases\/2026\/01\/experts-urge-iran-break-cycle-violence-create-space-dialogue\" data-type=\"link\" data-id=\"https:\/\/www.ohchr.org\/en\/press-releases\/2026\/01\/experts-urge-iran-break-cycle-violence-create-space-dialogue\" target=\"_blank\" rel=\"noopener\"> <strong>Mai Sato<\/strong><\/a>, UN-Sonderberichterstatter f\u00fcr Menschenrechte im Iran.<\/p>\n\n\n\n<p>Dr. Sato hat betont, dass es keine rechtliche oder moralische Rechtfertigung f\u00fcr die Verh\u00e4ngung von Todesurteilen gegen Personen gibt, die ihre Grundrechte aus\u00fcben.<\/p>\n\n\n\n<ul class=\"wp-block-list\">\n<li><strong>Hauptanliegen:<\/strong> Die Instrumentalisierung der Todesstrafe, um Andersdenkende zum Schweigen zu bringen.<\/li>\n\n\n\n<li><strong>Nachfrage:<\/strong> Sofortige Einstellung der Hinrichtungen und Freilassung derjenigen, die wegen friedlicher Versammlungen inhaftiert sind.<\/li>\n<\/ul>\n\n\n\n<h2 class=\"wp-block-heading\">Weltm\u00e4chte fordern sofortige Rechenschaftspflicht<\/h2>\n\n\n\n<p>Wichtige demokratische Regierungen sind \u00fcber die blo\u00dfe Besorgnis hinausgegangen und haben konkrete diplomatische und politische Konsequenzen f\u00fcr das Vorgehen des klerikalen Regimes gefordert.<\/p>\n\n\n\n<h3 class=\"wp-block-heading\">Frankreich und die Europ\u00e4ische Union: inakzeptable Repression<\/h3>\n\n\n\n<p>Pr\u00e4sident <a href=\"https:\/\/www.swissinfo.ch\/ger\/massenproteste-im-iran-am-zweiten-abend-in-folge\/90752319\" data-type=\"link\" data-id=\"https:\/\/www.swissinfo.ch\/ger\/massenproteste-im-iran-am-zweiten-abend-in-folge\/90752319\" target=\"_blank\" rel=\"noopener\">Emmanuel Macron<\/a> hat das harte Durchgreifen als \u201cinakzeptabel\u201d bezeichnet und die Beh\u00f6rden aufgefordert, das V\u00f6lkerrecht einzuhalten. Die EU hat ihre Bereitschaft bekr\u00e4ftigt, restriktive Ma\u00dfnahmen und zus\u00e4tzliche Sanktionen gegen die f\u00fcr diese Gr\u00e4ueltaten verantwortlichen Personen zu ergreifen, und betont, dass der Dialog - und nicht die Gewalt - die einzig legitime Antwort ist.<\/p>\n\n\n\n<h3 class=\"wp-block-heading\">Das Vereinigte K\u00f6nigreich: \u201cBrutale T\u00f6tung von Demonstranten\u201d<\/h3>\n\n\n\n<p>London hat einige der bisher sch\u00e4rfsten offiziellen Verurteilungen ausgesprochen und den iranischen Botschafter einbestellt, um offiziell gegen die \u201cbrutalen T\u00f6tungen\u201d von B\u00fcrgern zu protestieren. Britische Beamte haben signalisiert, dass weitere gezielte Sanktionen vorbereitet werden, um die F\u00fchrung des Regimes direkt zur Verantwortung zu ziehen.<\/p>\n\n\n\n<h3 class=\"wp-block-heading\">Die Vereinigten Staaten: Verurteilung des systematischen Missbrauchs<\/h3>\n\n\n\n<p>Washington hat die alarmierende Zunahme der Hinrichtungen und die systematische Verweigerung eines ordentlichen Verfahrens angeprangert. Die US-Beh\u00f6rden fordern weiterhin die Wiederherstellung des Internetzugangs und die sofortige Freilassung aller politischen Gefangenen.<\/p>\n\n\n\n<h2 class=\"wp-block-heading\">Der moralische Standpunkt: 37 Nobelpreistr\u00e4ger melden sich zu Wort<\/h2>\n\n\n\n<p>In einer der bedeutendsten moralischen Interventionen, die es bisher gab, <strong>37 Nobelpreistr\u00e4gerinnen und -preistr\u00e4ger<\/strong> gaben eine gemeinsame Erkl\u00e4rung zur Solidarit\u00e4t mit dem iranischen Volk ab. Ihre Botschaft unterstreicht einen entscheidenden Wandel in der Darstellung:<\/p>\n\n\n\n<ul class=\"wp-block-list\">\n<li><strong>Resilienz:<\/strong> Sie stellten fest, dass trotz \u201cbrutaler und schamloser Unterdr\u00fcckung\u201d die Bewegung der Freiheitssuchenden ungebrochen ist.<\/li>\n\n\n\n<li><strong>Vision:<\/strong> Die Preistr\u00e4ger betonten, dass die Demonstranten eine <strong>demokratische, pluralistische und korruptionsfreie Republik<\/strong>, und lehnt jede Form von Diktatur ab.<\/li>\n\n\n\n<li><strong>Aufruf zum Handeln:<\/strong> Sie forderten die demokratischen Regierungen auf, den Kampf des iranischen Volkes um seine W\u00fcrde nicht nur mit Worten, sondern aktiv zu unterst\u00fctzen.<\/li>\n<\/ul>\n\n\n\n<h2 class=\"wp-block-heading\">Die Wahrheit dokumentieren: NGOs und globale Medien<\/h2>\n\n\n\n<p>Internationale Menschenrechtsorganisationen dokumentieren nach wie vor weit verbreiteten Staatsterror, unter anderem:<\/p>\n\n\n\n<ul class=\"wp-block-list\">\n<li>Ungesetzliche T\u00f6tungen und Folter.<\/li>\n\n\n\n<li>Verweigerung der medizinischen Versorgung von verletzten Demonstranten.<\/li>\n\n\n\n<li>Todesurteile nach Scheinprozessen.<\/li>\n<\/ul>\n\n\n\n<p>Die Rolle der globalen Medien ist nach wie vor entscheidend. Indem sie die Geschichten derjenigen verbreiten, die im Iran zum Schweigen gebracht werden, sorgt der investigative Journalismus daf\u00fcr, dass die Handlungen des Regimes weiterhin von der Welt\u00f6ffentlichkeit beobachtet werden.<\/p>\n\n\n\n<h2 class=\"wp-block-heading\">Eine entscheidende Verschiebung des globalen Drucks<\/h2>\n\n\n\n<p>Die H\u00e4ufung dieser Reaktionen markiert einen Wendepunkt. Die Botschaft der UN-Experten, der europ\u00e4ischen Pr\u00e4sidenten und der moralischen F\u00fchrer ist einheitlich: <strong>Das Recht auf Leben und Freiheit ist universell.<\/strong><\/p>\n\n\n\n<p>Die internationale Gemeinschaft muss diese Verurteilung nun in anhaltenden Druck umsetzen. Wir m\u00fcssen weiterhin ein Ende der Hinrichtungen, den Schutz der Demonstranten und einen klaren Weg zur Rechenschaftspflicht f\u00fcr diejenigen fordern, die schwere Menschenrechtsverletzungen begangen haben.<\/p>","protected":false},"excerpt":{"rendered":"<p>As reports of violent repression, mass killing and mass arrests, and lethal force against peaceful protesters continue to surface, an unprecedented wave of international condemnation has taken shape. From United Nations officials to Nobel Prize laureates, the global community is sending a clear message: the systematic violation of fundamental human rights in Iran is no [&hellip;]<\/p>\n","protected":false},"author":1,"featured_media":32086,"comment_status":"open","ping_status":"open","sticky":false,"template":"","format":"standard","meta":{"footnotes":""},"categories":[81,77,79,30],"tags":[34,35,46],"class_list":["post-32068","post","type-post","status-publish","format-standard","has-post-thumbnail","hentry","category-human-rights-violations-in-iran","category-human-right-and-international-reporting","category-international-womens-rights-and-solidarity","category-news","tag-human-rights","tag-iran","tag-protest"],"_links":{"self":[{"href":"https:\/\/vereinwelle.ch\/de\/wp-json\/wp\/v2\/posts\/32068","targetHints":{"allow":["GET"]}}],"collection":[{"href":"https:\/\/vereinwelle.ch\/de\/wp-json\/wp\/v2\/posts"}],"about":[{"href":"https:\/\/vereinwelle.ch\/de\/wp-json\/wp\/v2\/types\/post"}],"author":[{"embeddable":true,"href":"https:\/\/vereinwelle.ch\/de\/wp-json\/wp\/v2\/users\/1"}],"replies":[{"embeddable":true,"href":"https:\/\/vereinwelle.ch\/de\/wp-json\/wp\/v2\/comments?post=32068"}],"version-history":[{"count":3,"href":"https:\/\/vereinwelle.ch\/de\/wp-json\/wp\/v2\/posts\/32068\/revisions"}],"predecessor-version":[{"id":32074,"href":"https:\/\/vereinwelle.ch\/de\/wp-json\/wp\/v2\/posts\/32068\/revisions\/32074"}],"wp:featuredmedia":[{"embeddable":true,"href":"https:\/\/vereinwelle.ch\/de\/wp-json\/wp\/v2\/media\/32086"}],"wp:attachment":[{"href":"https:\/\/vereinwelle.ch\/de\/wp-json\/wp\/v2\/media?parent=32068"}],"wp:term":[{"taxonomy":"category","embeddable":true,"href":"https:\/\/vereinwelle.ch\/de\/wp-json\/wp\/v2\/categories?post=32068"},{"taxonomy":"post_tag","embeddable":true,"href":"https:\/\/vereinwelle.ch\/de\/wp-json\/wp\/v2\/tags?post=32068"}],"curies":[{"name":"wp","href":"https:\/\/api.w.org\/{rel}","templated":true}]}}