{"id":32121,"date":"2026-02-02T12:36:25","date_gmt":"2026-02-02T11:36:25","guid":{"rendered":"https:\/\/vereinwelle.ch\/?p=32121"},"modified":"2026-02-03T17:15:58","modified_gmt":"2026-02-03T16:15:58","slug":"eu-stuft-die-irgc-als-terroristen-ein","status":"publish","type":"post","link":"https:\/\/vereinwelle.ch\/de\/eu-designates-the-irgc-as-a-terrorist\/","title":{"rendered":"Internationaler Erfolg: EU stuft die IRGC als terroristische Organisation ein"},"content":{"rendered":"<p>In einer Zeit, in der die iranische Geschichte mit atemberaubender Geschwindigkeit und Spannung voranschreitet, markiert der 29. Januar 2026 eine seismische Ver\u00e4nderung. Die Entscheidung der Europ\u00e4ischen Union, die <strong>Korps der Islamischen Revolutionsgarden (IRGC)<\/strong> in die Liste der terroristischen Organisationen aufzunehmen, ist kein zuf\u00e4lliger Schritt. Er ist ein Wendepunkt im Kr\u00e4fteverh\u00e4ltnis zwischen dem iranischen Volk und dem staatlichen Repressionsapparat.<\/p>\n\n\n\n<p>Diese Entscheidung, die die Grundfesten der autorit\u00e4ren Macht ersch\u00fcttert hat, geht weit \u00fcber eine diplomatische Erkl\u00e4rung hinaus. Sie ist vor allem die lang erwartete Anerkennung des jahrzehntelangen Leidens, des Widerstands und der Standhaftigkeit einer Bev\u00f6lkerung, die sich nicht beugen wollte <strong>Menschenrechtsverletzungen im Iran<\/strong>.<\/p>\n\n\n\n<h2 class=\"wp-block-heading\">Das Ende des \u201cAppeasement\u201d<\/h2>\n\n\n\n<p>Jahrelang hing die Politik des \u201cAppeasement\u201d wie ein dunkler Schatten \u00fcber der internationalen Diplomatie. Heute ist klar: Dieser Ansatz ist gescheitert. Mit der Einstufung der IRGC als terroristische Vereinigung hat die EU die \u00c4ra des Schweigens und der Zugest\u00e4ndnisse gegen\u00fcber systematischer Gewalt beendet. Sie sendet damit eine eindeutige Botschaft: Eine normale diplomatische Zusammenarbeit ist mit einer Struktur, die auf Terror, Korruption und Blutvergie\u00dfen aufgebaut ist, nicht m\u00f6glich.<\/p>\n\n\n\n<p>Dieser Wandel ist das unmittelbare Ergebnis der Opfer, die Zehntausende von Opfern gebracht haben, sowie des Mutes der <strong>Demonstranten im Iran<\/strong>, und eine globale Bewegung, die sich erfolgreich gegen die finanziellen Grundlagen der Unterdr\u00fcckung richtete.<\/p>\n\n\n\n<h2 class=\"wp-block-heading\">Warum dieser Schritt ein strategischer Erfolg ist<\/h2>\n\n\n\n<p>Die Bedeutung dieser Bezeichnung kann auf drei entscheidenden Ebenen analysiert werden:<\/p>\n\n\n\n<h3 class=\"wp-block-heading\">1. Wirtschaftliche Isolierung<\/h3>\n\n\n\n<p>Der IRGC ist mehr als nur eine milit\u00e4rische Macht; er ist ein ausgedehntes Wirtschaftsimperium, das einen gro\u00dfen Teil des iranischen Volksverm\u00f6gens kontrolliert. Seine Terroristenliste bedeutet:<\/p>\n\n\n\n<ul class=\"wp-block-list\">\n<li><strong>Bek\u00e4mpfung der Geldw\u00e4sche:<\/strong> Unterbrechung der wichtigsten illegalen Handels- und Finanzkan\u00e4le in Europa.<\/li>\n\n\n\n<li><strong>Sekund\u00e4re Sanktionen:<\/strong> Banken und Unternehmen auf der ganzen Welt m\u00fcssen sich nun entscheiden, ob sie mit IRGC-nahen Firmen zusammenarbeiten oder den Zugang zum europ\u00e4ischen Markt behalten wollen.<\/li>\n<\/ul>\n\n\n\n<h3 class=\"wp-block-heading\">2. Beseitigung der politischen Legitimation<\/h3>\n\n\n\n<p>Durch diesen Schritt verliert der IRGC sein internationales Ansehen. Beamte, die zuvor mit Diplomatenp\u00e4ssen reisten, werden nun als Mitglieder einer terroristischen Struktur betrachtet, so dass sie strafrechtlich verfolgt werden und mit internationalen Reiseverboten belegt werden k\u00f6nnen.<\/p>\n\n\n\n<h3 class=\"wp-block-heading\">3. Erosion der internen Machtstruktur<\/h3>\n\n\n\n<p>Wenn der Repressionsapparat international geschw\u00e4cht ist, beginnt der Zerfall von innen. Wenn das Bild der \u201cUnbesiegbarkeit\u201d schwindet, beginnt die Loyalit\u00e4t der unteren Ebenen zu br\u00f6ckeln, was die Bewegung f\u00fcr den Wandel direkt st\u00e4rkt.<\/p>\n\n\n\n<h2 class=\"wp-block-heading\">Das Verm\u00e4chtnis von Blut, Schmerz und Dokumentation<\/h2>\n\n\n\n<p>Dieser Sieg wurde auf den Stra\u00dfen von <strong>Teheran, Sanandaj, Zahedan und Izeh<\/strong>. Es ist das Verm\u00e4chtnis der jungen Menschen, die bei den Protestwellen von 2019, 2022 und dem anhaltenden Aufstand von 2026 ihr Leben verloren haben.<\/p>\n\n\n\n<p>Eine zentrale Triebkraft f\u00fcr diesen Fortschritt ist die jahrelange akribische Dokumentation der Menschenrechte. Durch die Aufzeichnung jedes Opfers, jeder willk\u00fcrlichen Verhaftung und der Identifizierung der f\u00fcr die Folter verantwortlichen Personen haben die Aktivisten das Leugnen unm\u00f6glich gemacht.<\/p>\n\n\n\n<p>Unter den gegenw\u00e4rtigen Umst\u00e4nden hat <strong>Verein Welle<\/strong>, haben wir aus erster Hand erfahren, wie pr\u00e4zise Berichte \u00fcber <strong>Menschenrechtsverletzungen im Iran<\/strong> entwickelten sich zu umfassenden Dossiers, die schlie\u00dflich auf den Schreibtischen der wichtigsten politischen Entscheidungstr\u00e4ger landeten und diese zum Handeln zwangen.<\/p>\n\n\n\n<h2 class=\"wp-block-heading\">Die Kraft der globalen Solidarit\u00e4t<\/h2>\n\n\n\n<p>Der internationale Druck, den wir heute erleben, wird von Millionen von Iranern in der Diaspora und Menschenrechtsaktivisten in aller Welt ausge\u00fcbt. Durch unerm\u00fcdliche Kampagnen, Konferenzen und Medienarbeit haben sie die IRGC von einer \u201clokalen Angelegenheit\u201d zu einer Angelegenheit der globalen Sicherheit gemacht.<\/p>\n\n\n\n<p>Wir sind \u00fcberzeugt, dass dieser Druck aufrechterhalten werden muss, bis alle politischen Gefangenen frei sind und die Gerechtigkeit vollst\u00e4ndig verwirklicht ist. Das Blut, das auf den Stra\u00dfen vergossen wurde, ist zur Saat eines globalen Bewusstseins geworden. Keine Macht kann auf Dauer verhindern, dass Wahrheit und Rechenschaftspflicht ihren Weg finden.<\/p>","protected":false},"excerpt":{"rendered":"<p>In a moment where Iranian history is moving with breathtaking speed and tension, January 29, 2026, marks a seismic shift. The European Union\u2019s decision to include the Islamic Revolutionary Guard Corps (IRGC) in its list of terrorist organizations is no accidental step. It is a turning point in the balance of power between the Iranian [&hellip;]<\/p>\n","protected":false},"author":1,"featured_media":32125,"comment_status":"open","ping_status":"open","sticky":false,"template":"","format":"standard","meta":{"footnotes":""},"categories":[1],"tags":[],"class_list":["post-32121","post","type-post","status-publish","format-standard","has-post-thumbnail","hentry","category-uncategorized"],"_links":{"self":[{"href":"https:\/\/vereinwelle.ch\/de\/wp-json\/wp\/v2\/posts\/32121","targetHints":{"allow":["GET"]}}],"collection":[{"href":"https:\/\/vereinwelle.ch\/de\/wp-json\/wp\/v2\/posts"}],"about":[{"href":"https:\/\/vereinwelle.ch\/de\/wp-json\/wp\/v2\/types\/post"}],"author":[{"embeddable":true,"href":"https:\/\/vereinwelle.ch\/de\/wp-json\/wp\/v2\/users\/1"}],"replies":[{"embeddable":true,"href":"https:\/\/vereinwelle.ch\/de\/wp-json\/wp\/v2\/comments?post=32121"}],"version-history":[{"count":2,"href":"https:\/\/vereinwelle.ch\/de\/wp-json\/wp\/v2\/posts\/32121\/revisions"}],"predecessor-version":[{"id":32124,"href":"https:\/\/vereinwelle.ch\/de\/wp-json\/wp\/v2\/posts\/32121\/revisions\/32124"}],"wp:featuredmedia":[{"embeddable":true,"href":"https:\/\/vereinwelle.ch\/de\/wp-json\/wp\/v2\/media\/32125"}],"wp:attachment":[{"href":"https:\/\/vereinwelle.ch\/de\/wp-json\/wp\/v2\/media?parent=32121"}],"wp:term":[{"taxonomy":"category","embeddable":true,"href":"https:\/\/vereinwelle.ch\/de\/wp-json\/wp\/v2\/categories?post=32121"},{"taxonomy":"post_tag","embeddable":true,"href":"https:\/\/vereinwelle.ch\/de\/wp-json\/wp\/v2\/tags?post=32121"}],"curies":[{"name":"wp","href":"https:\/\/api.w.org\/{rel}","templated":true}]}}