{"id":32128,"date":"2026-02-20T13:39:50","date_gmt":"2026-02-20T12:39:50","guid":{"rendered":"https:\/\/vereinwelle.ch\/?p=32128"},"modified":"2026-02-20T13:39:52","modified_gmt":"2026-02-20T12:39:52","slug":"internationale-reaktion-menschenrechtsverletzungen-iran-2026","status":"publish","type":"post","link":"https:\/\/vereinwelle.ch\/de\/international-response-human-rights-violations-iran-2026\/","title":{"rendered":"Internationale Reaktion auf die Menschenrechtsverletzungen im Iran seit Dezember 2025"},"content":{"rendered":"<p>Seit dem 28. Dezember 2025 hat die internationale Gemeinschaft mit beispielloser H\u00e4rte auf Berichte \u00fcber ein massives und systematisches Vorgehen gegen landesweite Demonstranten im Iran reagiert. UN-Gremien, die Europ\u00e4ische Union und internationale Rechtsorganisationen haben Ermittlungen eingeleitet und Sanktionen verh\u00e4ngt und fordern die volle rechtliche Verantwortung f\u00fcr das Vorgehen des Regimes.<\/p>\n\n\n\n<h2 class=\"wp-block-heading\">1. UN-Menschenrechtsrat: Beweissicherung f\u00fcr k\u00fcnftige Prozesse<\/h2>\n\n\n\n<p>Am 23. Januar 2026 verabschiedete der UN-Menschenrechtsrat (UNHRC) auf seiner 39. Sondersitzung eine bahnbrechende Resolution zur \u201cVerschlechterung der Menschenrechtslage im Iran\u201d nach den Ende 2025 begonnenen Protesten.<\/p>\n\n\n\n<h3 class=\"wp-block-heading\">Erweiterung des Mandats der Untersuchungsmission<\/h3>\n\n\n\n<p>Die Resolution enth\u00e4lt mehrere kritische rechtliche Ma\u00dfnahmen:<\/p>\n\n\n\n<ul class=\"wp-block-list\">\n<li><strong>Sonderberichterstatter:<\/strong> Verl\u00e4ngert das Mandat von <strong>Mai Sato<\/strong> f\u00fcr ein weiteres Jahr.<\/li>\n\n\n\n<li><strong>Erkundungsmission (FFM):<\/strong> Verl\u00e4ngerte das Mandat der \u201cUnabh\u00e4ngigen Internationalen Untersuchungskommission zum Iran\u201d um zwei Jahre.<\/li>\n\n\n\n<li><strong>Strafrechtliche Beweise:<\/strong> Beauftragung der FFM mit der Untersuchung von schweren <strong>Menschenrechtsverletzungen im Iran<\/strong> und sichern forensische Beweise und Zeugenaussagen.<\/li>\n\n\n\n<li><strong>Universelle Jurisdiktion:<\/strong> Ausdr\u00fcckliches Ziel ist es, diese Beweise in k\u00fcnftigen Strafverfahren zu verwenden, sei es vor nationalen Gerichten (Universelle Jurisdiktion) oder vor internationalen Tribunalen.<\/li>\n<\/ul>\n\n\n\n<h3 class=\"wp-block-heading\">Ziel: Vorbereitung auf die Strafverfolgung<\/h3>\n\n\n\n<p>UN-Hochkommissar <strong>Volker T\u00fcrk<\/strong> erkl\u00e4rte am 23. Januar 2026, dass die Repression anh\u00e4lt und die T\u00e4ter zur Rechenschaft gezogen werden m\u00fcssen. <strong>Zentrale UN-Forderungen:<\/strong><\/p>\n\n\n\n<ol class=\"wp-block-list\">\n<li><strong>Dringende Ermittlungen:<\/strong> Sofortige Untersuchung der Ereignisse seit dem 28. Dezember 2025, insbesondere der Massaker vom 8. und 9. Januar.<\/li>\n\n\n\n<li><strong>Moratorium f\u00fcr die Todesstrafe:<\/strong> Sofortiger Stopp der Hinrichtungen und Freilassung aller willk\u00fcrlich Inhaftierten.<\/li>\n\n\n\n<li><strong>Beenden Sie den Internet-Blackout:<\/strong> Sofortige Wiederherstellung des uneingeschr\u00e4nkten Internetzugangs, damit die Bev\u00f6lkerung Straftaten dokumentieren kann.<\/li>\n<\/ol>\n\n\n\n<h3 class=\"wp-block-heading\">Untersuchung von Verbrechen gegen die Menschlichkeit<\/h3>\n\n\n\n<p>Experten, darunter die Sonderberichterstatterin Mai Sato, haben auf Muster systematischer Gewalt hingewiesen, darunter t\u00f6dliches Feuer auf Menschenmengen und willk\u00fcrliche Massenverhaftungen. Medienberichte, wie zum Beispiel <em>Le Monde<\/em> (Januar 2026) deuten darauf hin, dass die Zahl der Todesopfer deutlich h\u00f6her ist als die offiziellen Zahlen, so dass die Unterdr\u00fcckung nach dem V\u00f6lkerrecht als Verbrechen gegen die Menschlichkeit eingestuft werden k\u00f6nnte.<\/p>\n\n\n\n<h2 class=\"wp-block-heading\">2. Angriffe auf die medizinische Neutralit\u00e4t und die Gesundheitseinrichtungen<\/h2>\n\n\n\n<h3 class=\"wp-block-heading\">Internationale Anwaltskammer: Verletzungen des Rechts auf Gesundheit<\/h3>\n\n\n\n<p>Am 16. Januar 2026 warnte die International Bar Association (IBA), dass Sicherheitskr\u00e4fte in Krankenh\u00e4user eingedrungen sind, um verwundete Demonstranten festzunehmen und medizinisches Personal einzusch\u00fcchtern. Diese Ma\u00dfnahmen versto\u00dfen gegen Artikel 12 des Internationalen Pakts \u00fcber wirtschaftliche, soziale und kulturelle Rechte (ICESCR).<\/p>\n\n\n\n<h3 class=\"wp-block-heading\">WHO berichtet \u00fcber Angriffe auf medizinische Einrichtungen<\/h3>\n\n\n\n<p>Am 30. Januar 2026 wird die <strong>Weltgesundheitsorganisation (WHO)<\/strong> berichteten \u00fcber schwere Gewalt im Imam Khomeini Krankenhaus in Ilam.<\/p>\n\n\n\n<ul class=\"wp-block-list\">\n<li><strong>Schadenersatz:<\/strong> \u00dcber 200 Krankenwagen wurden besch\u00e4digt und 50 Rettungssanit\u00e4ter verletzt.<\/li>\n\n\n\n<li><strong>Erkl\u00e4rung:<\/strong> erkl\u00e4rte die WHO-Generaldirektorin, <em>\u201cDas Gesundheitswesen sollte niemals ein Ziel sein\u201d.\u201d<\/em><\/li>\n<\/ul>\n\n\n\n<h3 class=\"wp-block-heading\">Das BMA \u00fcber \u201cPerfidie\u201d und Verst\u00f6\u00dfe gegen die Genfer Konvention<\/h3>\n\n\n\n<p>Die British Medical Association (BMA) wies am 21. Januar 2026 darauf hin, dass das Regime Krankenwagen f\u00fcr Truppentransporte einsetzt, was einen schweren Versto\u00df (Perfidie) gegen die Genfer Konventionen darstellt. Angriffe auf Kliniken in Ilam (4. Januar) und Isfahan (10. Januar) werden als Kriegsverbrechen in einem internen Konflikt dokumentiert.<\/p>\n\n\n\n<h2 class=\"wp-block-heading\">3. EU-Sanktionen und die Terrorliste der IRGC (Januar 2026)<\/h2>\n\n\n\n<p>Am 29. Januar 2026 verabschiedete der Rat der Europ\u00e4ischen Union ein umfassendes Sanktionspaket.<\/p>\n\n\n\n<h3 class=\"wp-block-heading\">Sanktionierte Justiz und Beamte<\/h3>\n\n\n\n<p>Die EU hat Personen ins Visier genommen, die direkt an den \u201cSammelkammern\u201d und der Hinrichtung von <strong>Demonstranten im Iran<\/strong>:<\/p>\n\n\n\n<ul class=\"wp-block-list\">\n<li><strong>Richterin Iman Afshari:<\/strong> Vorsitzender Richter des Teheraner Revolutionsgerichts, bekannt f\u00fcr drakonische Urteile gegen Studenten.<\/li>\n\n\n\n<li><strong>Eskandar Momeni:<\/strong> Innenminister und Vorsitzender des Nationalen Sicherheitsrates.<\/li>\n\n\n\n<li><strong>Mohammad Movahedi-Azad:<\/strong> Generalstaatsanwalt von Iran.<\/li>\n\n\n\n<li><strong>Seyed Majid Feiz Jafari:<\/strong> Leiter der Polizei f\u00fcr \u00f6ffentliche Sicherheit.<\/li>\n<\/ul>\n\n\n\n<h3 class=\"wp-block-heading\">IRGC steht auf der EU-Terrorliste<\/h3>\n\n\n\n<p>In einem historischen Schritt hat der Rat f\u00fcr Ausw\u00e4rtige Angelegenheiten der EU die <strong>Korps der Islamischen Revolutionsgarden (IRGC)<\/strong> neben Al-Qaida und ISIS in die Liste der terroristischen Organisationen aufgenommen.<\/p>\n\n\n\n<ul class=\"wp-block-list\">\n<li><strong>Kaja Kallas (Leiterin der EU-Au\u00dfenpolitik):<\/strong> <em>\u201cDie Repression darf nicht unbeantwortet bleiben. Jedes Regime, das Tausende seiner eigenen Leute t\u00f6tet, arbeitet auf seinen eigenen Untergang hin\u201d.\u201d<\/em><\/li>\n\n\n\n<li><strong>Die Folgen:<\/strong> Sofortiges Einfrieren aller IRGC-Verm\u00f6genswerte in der EU und ein vollst\u00e4ndiges Verbot der finanziellen oder materiellen Unterst\u00fctzung.<\/li>\n<\/ul>\n\n\n\n<h2 class=\"wp-block-heading\">4. Nationale Strafverfolgung und universelle Gerichtsbarkeit<\/h2>\n\n\n\n<ul class=\"wp-block-list\">\n<li><strong>Europ\u00e4isches Parlament (22. Januar):<\/strong> forderte die strikte Durchsetzung von Sanktionen und die Untersuchung von \u201cschweren Verbrechen nach internationalem Recht\u201d.\u201d<\/li>\n\n\n\n<li><strong>Internationale Juristenkommission (19. Januar):<\/strong> forderte ein \u201cEnde der Straflosigkeit\u201d f\u00fcr das Muster der schweren Menschenrechtsverletzungen.<\/li>\n\n\n\n<li><strong>Global Centre for the Responsibility to Protect:<\/strong> Den Staaten wird empfohlen, die <strong>Universelle Zust\u00e4ndigkeit<\/strong> die Verfolgung iranischer Beamter.<\/li>\n<\/ul>\n\n\n\n<h2 class=\"wp-block-heading\">5. dokumentation: die situation seit dem 28. dezember 2025<\/h2>\n\n\n\n<h3 class=\"wp-block-heading\"><strong>Chronologie des Aufstandes 2026<\/strong><\/h3>\n\n\n\n<ul class=\"wp-block-list\">\n<li><strong>28. Dezember 2025:<\/strong> Die Proteste beginnen auf dem Gro\u00dfen Basar in Teheran.<\/li>\n\n\n\n<li><strong>1. bis 7. Januar 2026:<\/strong> Verbreitung in \u00fcber 100 St\u00e4dten.<\/li>\n\n\n\n<li><strong>8. Januar 2026:<\/strong> <strong>Totaler Internet-Blackout<\/strong> verh\u00e4ngt; Beginn der landesweiten Massaker.<\/li>\n\n\n\n<li><strong>29. Januar 2026:<\/strong> Die IRGC werden von der EU offiziell als Terroristen eingestuft.<\/li>\n<\/ul>\n\n\n\n<figure class=\"wp-block-table\"><table class=\"has-fixed-layout\"><thead><tr><th><strong>Kategorie<\/strong><\/th><th><strong>NGO\/UN-Sch\u00e4tzungen<\/strong><\/th><th><strong>Zahlen zum Regime<\/strong><\/th><\/tr><\/thead><tbody><tr><td><strong>Todesf\u00e4lle insgesamt<\/strong><\/td><td>20.000 bis 36.500<\/td><td>ca. 3.100<\/td><\/tr><tr><td><strong>Get\u00f6tete Kinder<\/strong><\/td><td>500+ (113+ verifiziert)<\/td><td>Keine Daten<\/td><\/tr><tr><td><strong>Festnahmen insgesamt<\/strong><\/td><td>\u00dcber 50.000<\/td><td>\u201cEin paar Tausend\u201d<\/td><\/tr><\/tbody><\/table><\/figure>\n\n\n\n<h3 class=\"wp-block-heading\"><strong>Dokumentierte Straftaten und Unterdr\u00fcckungsmethoden<\/strong><\/h3>\n\n\n\n<ol class=\"wp-block-list\">\n<li><strong>Milit\u00e4rische Gewalt:<\/strong> Einsatz von Scharfsch\u00fctzen auf D\u00e4chern und von Maschinengewehren, die von Jeeps aus in Menschenmengen geschossen werden.<\/li>\n\n\n\n<li><strong>Angriffe auf das Gesundheitswesen:<\/strong> Verwundete werden von Operationstischen geholt; \u00fcber 800 Erblindungen in der Noor-Klinik dokumentiert.<\/li>\n\n\n\n<li><strong>Einzelne F\u00e4lle:<\/strong> Die Todesf\u00e4lle von <strong>Robina Aminian<\/strong> (23) und <strong>Taha Safari<\/strong> (16).<\/li>\n\n\n\n<li><strong>Vertuschungstaktiken:<\/strong> Leichentransporte in K\u00fchltransportern zur anonymen Bestattung; Berichte \u00fcber Verwundete, die <strong>lebendig begraben<\/strong> in Behesht-e Zahra.<\/li>\n\n\n\n<li><strong>\u00dcberwachung:<\/strong> Einsatz der chinesischen KI-Gesichtserkennung (Hikvision\/Tiandy) zur Verfolgung von Aktivisten.<\/li>\n<\/ol>\n\n\n\n<p><strong>\u201cDie \u00c4ra der Straflosigkeit muss ein Ende haben. Die internationale Gemeinschaft sammelt jetzt Beweise f\u00fcr Verbrechen gegen die Menschlichkeit\u201d.\u201d<\/strong> - <em>Eleanor Sanders, britische Botschafterin bei der UNO.<\/em><\/p>","protected":false},"excerpt":{"rendered":"<p>Since December 28, 2025, the international community has responded with unprecedented force to reports of a massive and systematic crackdown on nationwide protesters in Iran. UN bodies, the European Union, and international legal organizations have launched investigations and imposed sanctions, demanding full legal accountability for the regime&#8217;s actions. 1. UN Human Rights council: securing evidence [&hellip;]<\/p>\n","protected":false},"author":1,"featured_media":32129,"comment_status":"open","ping_status":"open","sticky":false,"template":"","format":"standard","meta":{"footnotes":""},"categories":[30,82],"tags":[],"class_list":["post-32128","post","type-post","status-publish","format-standard","has-post-thumbnail","hentry","category-news","category-international-human-rights-advocacy"],"_links":{"self":[{"href":"https:\/\/vereinwelle.ch\/de\/wp-json\/wp\/v2\/posts\/32128","targetHints":{"allow":["GET"]}}],"collection":[{"href":"https:\/\/vereinwelle.ch\/de\/wp-json\/wp\/v2\/posts"}],"about":[{"href":"https:\/\/vereinwelle.ch\/de\/wp-json\/wp\/v2\/types\/post"}],"author":[{"embeddable":true,"href":"https:\/\/vereinwelle.ch\/de\/wp-json\/wp\/v2\/users\/1"}],"replies":[{"embeddable":true,"href":"https:\/\/vereinwelle.ch\/de\/wp-json\/wp\/v2\/comments?post=32128"}],"version-history":[{"count":1,"href":"https:\/\/vereinwelle.ch\/de\/wp-json\/wp\/v2\/posts\/32128\/revisions"}],"predecessor-version":[{"id":32130,"href":"https:\/\/vereinwelle.ch\/de\/wp-json\/wp\/v2\/posts\/32128\/revisions\/32130"}],"wp:featuredmedia":[{"embeddable":true,"href":"https:\/\/vereinwelle.ch\/de\/wp-json\/wp\/v2\/media\/32129"}],"wp:attachment":[{"href":"https:\/\/vereinwelle.ch\/de\/wp-json\/wp\/v2\/media?parent=32128"}],"wp:term":[{"taxonomy":"category","embeddable":true,"href":"https:\/\/vereinwelle.ch\/de\/wp-json\/wp\/v2\/categories?post=32128"},{"taxonomy":"post_tag","embeddable":true,"href":"https:\/\/vereinwelle.ch\/de\/wp-json\/wp\/v2\/tags?post=32128"}],"curies":[{"name":"wp","href":"https:\/\/api.w.org\/{rel}","templated":true}]}}