{"id":32131,"date":"2026-02-20T17:10:07","date_gmt":"2026-02-20T16:10:07","guid":{"rendered":"https:\/\/vereinwelle.ch\/?p=32131"},"modified":"2026-02-20T17:10:09","modified_gmt":"2026-02-20T16:10:09","slug":"das-iranische-regime-verhaftet-anwalte-die-inhaftierte-demonstranten-verteidigen","status":"publish","type":"post","link":"https:\/\/vereinwelle.ch\/de\/the-iranian-regime-arrests-lawyers-defending-detained-protesters\/","title":{"rendered":"Das iranische Regime verhaftet Anw\u00e4lte, die inhaftierte Demonstranten verteidigen"},"content":{"rendered":"<p>Im Iran stehen die lokalen Medien nach wie vor unter starkem Druck der Justiz und der Sicherheitsdienste, was zu einem Zustand des erzwungenen Schweigens f\u00fchrt. Trotz dieser Mediensperre sickern jedoch weiterhin Berichte \u00fcber systematische Menschenrechtsverletzungen in Iran durch. Der Druck auf die Zivilgesellschaft hat einen neuen H\u00f6hepunkt erreicht: Nach Angaben der unabh\u00e4ngigen iranischen Anwaltskammer wurden neun Anw\u00e4lte verhaftet, nur weil sie ihrer gesetzlichen Pflicht nachkamen, Demonstranten in Iran zu verteidigen.<\/p>\n\n\n\n<h2 class=\"wp-block-heading\">\u00dcber 300.000 Augenverletzungen: die brutalen Kosten des Dissenses<\/h2>\n\n\n\n<p>Auch wenn der Internetzugang stark eingeschr\u00e4nkt ist, werden t\u00e4glich erschreckende Details \u00fcber das Vorgehen der Sicherheitskr\u00e4fte bekannt. Die iranische Lehrervereinigung berichtete k\u00fcrzlich, dass <strong>100 Sch\u00fcler und neun Lehrer<\/strong> wurden bei den j\u00fcngsten Unruhen get\u00f6tet und forderten eine dringende internationale Verurteilung.<\/p>\n\n\n\n<p>Auch die medizinische Bilanz ist ersch\u00fctternd. Daten aus spezialisierten Augenkliniken und Interviews mit medizinischen Fachkr\u00e4ften deuten darauf hin, dass <strong>\u00fcber 300.000 Menschen haben Augenverletzungen erlitten<\/strong> die durch die Anwendung von Gewalt durch die Sicherheitskr\u00e4fte verursacht wurden.<\/p>\n\n\n\n<ul class=\"wp-block-list\">\n<li><strong>Systematisches Targeting:<\/strong> Berichten zufolge wurde absichtlich auf die Gesichter der Demonstranten geschossen.<\/li>\n\n\n\n<li><strong>Medizinische Krise:<\/strong> Spezialisierte Zentren sind mit der Zahl der zu operierenden Opfer \u00fcberfordert.<\/li>\n\n\n\n<li><strong>Laufende Verhaftungen:<\/strong> W\u00e4hrend die Menschen medizinische Hilfe suchen, verhaftet die Justiz weiterhin B\u00fcrgerinnen und B\u00fcrger und droht damit, das Verm\u00f6gen derjenigen zu beschlagnahmen, die die Bewegung unterst\u00fctzen.<\/li>\n<\/ul>\n\n\n\n<h2 class=\"wp-block-heading\">Sportler ins Visier nehmen und Verm\u00f6gen abziehen<\/h2>\n\n\n\n<p>Das harte Durchgreifen hat sich auch auf die Sportikonen des Landes ausgeweitet. Es h\u00e4ufen sich Berichte \u00fcber die Verhaftung prominenter Sportler, darunter internationale Medaillengewinner. Derzeit sind ihr Aufenthaltsort und ihr rechtlicher Status noch unbekannt.<\/p>\n\n\n\n<p>Dar\u00fcber hinaus hat die Justiz des Regimes offen ihr Recht erkl\u00e4rt, das Eigentum und den Reichtum von Personen zu konfiszieren, die sich f\u00fcr die Proteste ausgesprochen haben. Diese Strategie der finanziellen \u201cStrangulierung\u201d ist ein klarer Versuch, abweichende Meinungen durch Angst und wirtschaftlichen Ruin zum Schweigen zu bringen.<\/p>\n\n\n\n<h2 class=\"wp-block-heading\">Hoffnung jenseits der islamischen republik<\/h2>\n\n\n\n<p>Trotz der Angst w\u00e4chst eine starke Hoffnung: die Hoffnung auf eine Zukunft ohne das klerikale Regime. Angesichts der j\u00fcngsten Morde und der tief sitzenden Unzufriedenheit der Mehrheit der Bev\u00f6lkerung glauben viele, dass das Regime der Mullahs einen Punkt erreicht hat, an dem es kein Zur\u00fcck mehr gibt. Das iranische Volk fordert nicht mehr nur Reformen - es stellt sich eine neue \u00c4ra der Freiheit und W\u00fcrde vor.<\/p>\n\n\n\n<h2 class=\"wp-block-heading\">Handeln Sie jetzt: Stehen Sie an der Seite des iranischen Volkes<\/h2>\n\n\n\n<p>Die internationale Gemeinschaft kann bei diesen Gr\u00e4ueltaten nicht stillschweigend zusehen. Informationen sind unsere st\u00e4rkste Waffe gegen die Mauer des Schweigens des Regimes.<\/p>\n\n\n\n<ul class=\"wp-block-list\">\n<li><strong>Teilen Sie die Wahrheit:<\/strong> Nutzen Sie Ihre Plattform, um den 300.000 Opfern und den Anw\u00e4lten, die ihr Leben riskiert haben, um sie zu verteidigen, Geh\u00f6r zu verschaffen.<\/li>\n\n\n\n<li><strong>Unterst\u00fctzung der Dokumentation:<\/strong> Helfen Sie Organisationen wie <strong>Verein Welle<\/strong> weiterhin diese Straftaten zu \u00fcberpr\u00fcfen und dar\u00fcber zu berichten, damit sie in Zukunft vor Gericht zur Rechenschaft gezogen werden k\u00f6nnen.<\/li>\n\n\n\n<li><strong>Druck auf die Entscheidungstr\u00e4ger:<\/strong> Fordern Sie von Ihrer Regierung ein entschiedenes Vorgehen gegen diese <strong>Menschenrechtsverletzungen im Iran<\/strong>.<\/li>\n<\/ul>\n\n\n\n<figure class=\"wp-block-image size-large\"><img fetchpriority=\"high\" decoding=\"async\" width=\"1024\" height=\"682\" src=\"https:\/\/vereinwelle.ch\/wp-content\/uploads\/2026\/02\/article-20-02-3-1024x682.jpg\" alt=\"\" class=\"wp-image-32133\" srcset=\"https:\/\/vereinwelle.ch\/wp-content\/uploads\/2026\/02\/article-20-02-3-1024x682.jpg 1024w, https:\/\/vereinwelle.ch\/wp-content\/uploads\/2026\/02\/article-20-02-3-300x200.jpg 300w, https:\/\/vereinwelle.ch\/wp-content\/uploads\/2026\/02\/article-20-02-3-768x512.jpg 768w, https:\/\/vereinwelle.ch\/wp-content\/uploads\/2026\/02\/article-20-02-3-1536x1023.jpg 1536w, https:\/\/vereinwelle.ch\/wp-content\/uploads\/2026\/02\/article-20-02-3-18x12.jpg 18w, https:\/\/vereinwelle.ch\/wp-content\/uploads\/2026\/02\/article-20-02-3.jpg 1600w\" sizes=\"(max-width: 1024px) 100vw, 1024px\" \/><\/figure>","protected":false},"excerpt":{"rendered":"<p>In Iran, local media remains under heavy pressure from the judiciary and security services, leading to a state of forced silence. However, despite this media blackout, reports of systematic human rights violations in Iran continue to leak. The pressure on civil society has reached a new peak: according to the independent Iranian Bar Association, nine [&hellip;]<\/p>\n","protected":false},"author":1,"featured_media":32132,"comment_status":"open","ping_status":"open","sticky":false,"template":"","format":"standard","meta":{"footnotes":""},"categories":[30],"tags":[],"class_list":["post-32131","post","type-post","status-publish","format-standard","has-post-thumbnail","hentry","category-news"],"_links":{"self":[{"href":"https:\/\/vereinwelle.ch\/de\/wp-json\/wp\/v2\/posts\/32131","targetHints":{"allow":["GET"]}}],"collection":[{"href":"https:\/\/vereinwelle.ch\/de\/wp-json\/wp\/v2\/posts"}],"about":[{"href":"https:\/\/vereinwelle.ch\/de\/wp-json\/wp\/v2\/types\/post"}],"author":[{"embeddable":true,"href":"https:\/\/vereinwelle.ch\/de\/wp-json\/wp\/v2\/users\/1"}],"replies":[{"embeddable":true,"href":"https:\/\/vereinwelle.ch\/de\/wp-json\/wp\/v2\/comments?post=32131"}],"version-history":[{"count":1,"href":"https:\/\/vereinwelle.ch\/de\/wp-json\/wp\/v2\/posts\/32131\/revisions"}],"predecessor-version":[{"id":32134,"href":"https:\/\/vereinwelle.ch\/de\/wp-json\/wp\/v2\/posts\/32131\/revisions\/32134"}],"wp:featuredmedia":[{"embeddable":true,"href":"https:\/\/vereinwelle.ch\/de\/wp-json\/wp\/v2\/media\/32132"}],"wp:attachment":[{"href":"https:\/\/vereinwelle.ch\/de\/wp-json\/wp\/v2\/media?parent=32131"}],"wp:term":[{"taxonomy":"category","embeddable":true,"href":"https:\/\/vereinwelle.ch\/de\/wp-json\/wp\/v2\/categories?post=32131"},{"taxonomy":"post_tag","embeddable":true,"href":"https:\/\/vereinwelle.ch\/de\/wp-json\/wp\/v2\/tags?post=32131"}],"curies":[{"name":"wp","href":"https:\/\/api.w.org\/{rel}","templated":true}]}}