{"id":32135,"date":"2026-02-27T14:34:16","date_gmt":"2026-02-27T13:34:16","guid":{"rendered":"https:\/\/vereinwelle.ch\/?p=32135"},"modified":"2026-02-27T14:34:19","modified_gmt":"2026-02-27T13:34:19","slug":"wer-verurteilt-gewalt-gegen-medizinisches-personal-angesichts-der-menschenrechtsverletzungen-im-iran","status":"publish","type":"post","link":"https:\/\/vereinwelle.ch\/de\/who-condemns-violence-against-healthcare-workers-amid-human-rights-violations-in-iran\/","title":{"rendered":"WHO verurteilt Gewalt gegen Besch\u00e4ftigte im Gesundheitswesen inmitten von Menschenrechtsverletzungen im Iran"},"content":{"rendered":"<p>Die Gewalt, die derzeit im Iran um sich greift, beschr\u00e4nkt sich nicht mehr auf die Stra\u00dfen. Krankenh\u00e4user, \u00c4rzte und sogar verwundete Patienten werden zunehmend zur Zielscheibe staatlicher Repressionen. Die Website <strong>Weltgesundheitsorganisation (WHO)<\/strong> hat nun offiziell Berichte best\u00e4tigt, wonach Sicherheitskr\u00e4fte medizinische Einrichtungen \u00fcberfallen und medizinisches Personal angreifen.<\/p>\n\n\n\n<p>WHO-Generaldirektorin <strong>Tedros Adhanom Ghebreyesus<\/strong> hat best\u00e4tigt, dass mehrere \u00c4rzte bei der Behandlung von Verwundeten verhaftet wurden <strong>Demonstranten im Iran<\/strong>. Er forderte dringend die sofortige Freilassung aller inhaftierten Mitarbeiter des Gesundheitswesens und wies auf einen universellen Grundsatz hin: Medizinisches Personal darf niemals eingesch\u00fcchtert oder bestraft werden, wenn es Pflegeleistungen erbringt.<\/p>\n\n\n\n<h2 class=\"wp-block-heading\">Krankenh\u00e4user unter Beschuss: Razzien in Ilam und Teheran<\/h2>\n\n\n\n<p>Berichte von vor Ort zeichnen ein d\u00fcsteres Bild der Verletzung der medizinischen Neutralit\u00e4t. Nach Angaben der WHO und lokaler Zeugen:<\/p>\n\n\n\n<ul class=\"wp-block-list\">\n<li><strong>Khomeini Krankenhaus (Ilam):<\/strong> Anfang Januar f\u00fchrten Sicherheitskr\u00e4fte eine gewaltsame Razzia in dieser Einrichtung durch. Verwundete Demonstranten wurden gewaltsam aus ihren Betten geholt, und die medizinische Versorgung wurde vor\u00fcbergehend eingestellt.<\/li>\n\n\n\n<li><strong>Sina-Krankenhaus (Teheran):<\/strong> Berichten zufolge setzten die Sicherheitskr\u00e4fte auf dem Krankenhausgel\u00e4nde Tr\u00e4nengas ein und gef\u00e4hrdeten damit sowohl Patienten als auch Personal.<\/li>\n\n\n\n<li><strong>Notfalldienste:<\/strong> Mehr als 50 Sanit\u00e4ter wurden in den letzten Wochen verletzt, und mehrere Gesundheitseinrichtungen haben erhebliche strukturelle Sch\u00e4den erlitten.<\/li>\n<\/ul>\n\n\n\n<h2 class=\"wp-block-heading\">Der Welt\u00e4rztebund (WMA) fordert Rechenschaft<\/h2>\n\n\n\n<p>Die <strong>Welt\u00e4rztebund (WMA)<\/strong> hat sich dem Chor der Verurteilungen angeschlossen. In einem offenen Brief hat der Pr\u00e4sident der WMA <strong>Jacqueline Kitulu<\/strong> erkl\u00e4rte, dass diese Ma\u00dfnahmen gegen die grundlegenden ethischen Prinzipien des Arztberufs und die wichtigsten Menschenrechte versto\u00dfen. Sie betonte, dass \u00c4rzte in der Lage sein m\u00fcssen, ihre Aufgaben ohne Angst, Druck oder staatliche Einmischung zu erf\u00fcllen.<\/p>\n\n\n\n<p>Wenn die Rettung eines Lebens als Straftat behandelt wird, k\u00e4mpft das Regime nicht nur gegen Demonstranten, sondern erkl\u00e4rt dem Recht auf Gesundheit und dem Recht auf Leben selbst den Krieg.<\/p>\n\n\n\n<h2 class=\"wp-block-heading\">Die Kriminalisierung der Pflege: der Fall von Dr. Alireza Golchini<\/h2>\n\n\n\n<p>Das vielleicht erschreckendste Beispiel f\u00fcr diese <strong>Menschenrechtsverletzungen im Iran<\/strong> ist der Fall des Chirurgen <strong>Dr. Alireza Golchini<\/strong>.<\/p>\n\n\n\n<p>Am 10. Januar 2026 wurde Dr. Golchini in seinem Haus in Ghazvin vor den Augen seiner Familie gewaltsam verhaftet. Sein \u201cVerbrechen\u201d bestand darin, \u00f6ffentlich zu erkl\u00e4ren, dass er bereit sei, jeden verwundeten Demonstranten medizinisch zu versorgen. F\u00fcr diesen Akt der beruflichen Pflicht wurde er angeklagt wegen <strong>\u201cMoharebeh\u201d (Krieg gegen Gott)<\/strong>-eine Ladung, die die <strong>Todesstrafe<\/strong> im Iran.<\/p>\n\n\n\n<p>\u00c4hnlich, <strong>Dr. Ameneh Soleimani<\/strong> aus Ardabil wurde verhaftet, weil er Verletzten Hilfe leistete. Diese F\u00e4lle zeigen eine klare Strategie: Durch die Kriminalisierung medizinischer Hilfe hofft das Regime, den Demonstranten keine sichere Anlaufstelle bieten zu k\u00f6nnen.<\/p>\n\n\n\n<h2 class=\"wp-block-heading\">Werden Sie aktiv: Sch\u00fctzen Sie diejenigen, die Leben retten<\/h2>\n\n\n\n<p>Die internationale Gemeinschaft kann nicht schweigen, w\u00e4hrend \u00c4rzte zum Tode verurteilt werden, weil sie ihren hippokratischen Eid geleistet haben. Wir m\u00fcssen handeln, um die Heiler zu sch\u00fctzen.<\/p>\n\n\n\n<ul class=\"wp-block-list\">\n<li><strong>Das Bewusstsein sch\u00e4rfen:<\/strong> Teilen Sie die Geschichten von Dr. Alireza Golchini und Dr. Ameneh Soleimani. Anonymit\u00e4t ist der gr\u00f6\u00dfte Verb\u00fcndete des Regimes.<\/li>\n\n\n\n<li><strong>Fordern Sie diplomatischen Druck:<\/strong> Kontaktieren Sie Ihre Vertreter und fordern Sie sie auf, internationale Resolutionen zum Schutz der medizinischen Neutralit\u00e4t im Iran zu unterst\u00fctzen.<\/li>\n\n\n\n<li><strong>Unterst\u00fctzung der Dokumentation:<\/strong> Hilfe <strong>Verein Welle<\/strong> unsere Mission fortsetzen, diese Grausamkeiten zu dokumentieren und die Beweise zu liefern, die f\u00fcr eine k\u00fcnftige rechtliche Rechenschaftspflicht erforderlich sind.<\/li>\n<\/ul>\n\n\n\n<p><strong>Die Welt schaut zu. Medizinische Versorgung ist ein Menschenrecht, kein Verbrechen.<\/strong><\/p>","protected":false},"excerpt":{"rendered":"<p>The violence currently sweeping through Iran is no longer confined to the streets. Hospitals, doctors, and even wounded patients are increasingly becoming targets of state repression. The World Health Organization (WHO) has now officially confirmed reports that security forces are raiding medical facilities and attacking healthcare personnel. WHO Director-General Tedros Adhanom Ghebreyesus has confirmed that [&hellip;]<\/p>\n","protected":false},"author":1,"featured_media":32136,"comment_status":"open","ping_status":"open","sticky":false,"template":"","format":"standard","meta":{"footnotes":""},"categories":[30,81],"tags":[],"class_list":["post-32135","post","type-post","status-publish","format-standard","has-post-thumbnail","hentry","category-news","category-human-rights-violations-in-iran"],"_links":{"self":[{"href":"https:\/\/vereinwelle.ch\/de\/wp-json\/wp\/v2\/posts\/32135","targetHints":{"allow":["GET"]}}],"collection":[{"href":"https:\/\/vereinwelle.ch\/de\/wp-json\/wp\/v2\/posts"}],"about":[{"href":"https:\/\/vereinwelle.ch\/de\/wp-json\/wp\/v2\/types\/post"}],"author":[{"embeddable":true,"href":"https:\/\/vereinwelle.ch\/de\/wp-json\/wp\/v2\/users\/1"}],"replies":[{"embeddable":true,"href":"https:\/\/vereinwelle.ch\/de\/wp-json\/wp\/v2\/comments?post=32135"}],"version-history":[{"count":1,"href":"https:\/\/vereinwelle.ch\/de\/wp-json\/wp\/v2\/posts\/32135\/revisions"}],"predecessor-version":[{"id":32137,"href":"https:\/\/vereinwelle.ch\/de\/wp-json\/wp\/v2\/posts\/32135\/revisions\/32137"}],"wp:featuredmedia":[{"embeddable":true,"href":"https:\/\/vereinwelle.ch\/de\/wp-json\/wp\/v2\/media\/32136"}],"wp:attachment":[{"href":"https:\/\/vereinwelle.ch\/de\/wp-json\/wp\/v2\/media?parent=32135"}],"wp:term":[{"taxonomy":"category","embeddable":true,"href":"https:\/\/vereinwelle.ch\/de\/wp-json\/wp\/v2\/categories?post=32135"},{"taxonomy":"post_tag","embeddable":true,"href":"https:\/\/vereinwelle.ch\/de\/wp-json\/wp\/v2\/tags?post=32135"}],"curies":[{"name":"wp","href":"https:\/\/api.w.org\/{rel}","templated":true}]}}