{"id":32139,"date":"2026-03-03T12:15:01","date_gmt":"2026-03-03T11:15:01","guid":{"rendered":"https:\/\/vereinwelle.ch\/?p=32139"},"modified":"2026-03-03T12:15:04","modified_gmt":"2026-03-03T11:15:04","slug":"menschenrechtsverletzungen-im-iran-tausende-demonstrieren-in-berlin-fur-eine-demokratische-republik","status":"publish","type":"post","link":"https:\/\/vereinwelle.ch\/de\/human-rights-violations-in-iran-thousands-rally-in-berlin-for-a-democratic-republic\/","title":{"rendered":"Menschenrechtsverletzungen im Iran: Tausende demonstrieren in Berlin f\u00fcr eine demokratische Republik"},"content":{"rendered":"<p>Am 7. Februar 2026 versammelten sich Zehntausende auf dem kultigen <strong>Brandenburger Tor in Berlin<\/strong> gegen die anhaltende Unterdr\u00fcckung und die systematische <strong>Menschenrechtsverletzungen im Iran<\/strong>. Diese Massenkundgebung war ein starker Akt der Solidarit\u00e4t mit der Freiheitsbewegung, die derzeit das ganze Land erfasst.<\/p>\n\n\n\n<p>Die von mehr als 300 exiliranischen Organisationen aus der ganzen Welt organisierte Veranstaltung brachte Iraner aus ganz Europa zusammen. Ihre Botschaft war un\u00fcberh\u00f6rbar: Der Iran muss als demokratische Republik wiederaufgebaut werden, die auf Freiheit, Rechtsstaatlichkeit und Menschenw\u00fcrde basiert - frei von religi\u00f6ser Diktatur und monarchischer Autokratie.<\/p>\n\n\n\n<figure class=\"wp-block-image aligncenter size-full\"><img fetchpriority=\"high\" decoding=\"async\" width=\"400\" height=\"259\" src=\"https:\/\/vereinwelle.ch\/wp-content\/uploads\/2026\/03\/image2.jpg\" alt=\"\" class=\"wp-image-32142\" srcset=\"https:\/\/vereinwelle.ch\/wp-content\/uploads\/2026\/03\/image2.jpg 400w, https:\/\/vereinwelle.ch\/wp-content\/uploads\/2026\/03\/image2-300x194.jpg 300w, https:\/\/vereinwelle.ch\/wp-content\/uploads\/2026\/03\/image2-18x12.jpg 18w\" sizes=\"(max-width: 400px) 100vw, 400px\" \/><\/figure>\n\n\n\n<h2 class=\"wp-block-heading\">Berlin: Ein gemeinsames Eintreten f\u00fcr Demokratie und Gerechtigkeit<\/h2>\n\n\n\n<p>Die Teilnehmer der Kundgebung setzten ein klares Zeichen, dass das iranische Volk eine R\u00fcckkehr zur Vergangenheit ebenso ablehnt wie das derzeitige Regime. Die Redner wiesen darauf hin, dass auch die Diktatur des Schahs vor 1979 von schweren Missst\u00e4nden gepr\u00e4gt war. <strong>Menschenrechtsverletzungen im Iran<\/strong>, einschlie\u00dflich Folter und Hinrichtungen durch den ber\u00fcchtigten Geheimdienst, <strong>SAVAK<\/strong>.<\/p>\n\n\n\n<p>Menschenrechtsaktivist <strong>Sahar Sanaie<\/strong> betonte, dass sich die Bewegung gegen <em>jede<\/em> Form der Diktatur. Der Konsens unter den Zehntausenden Anwesenden wurde durch den kraftvollen Slogan eingefangen: <strong>\u201cNein zum Diktator - weder der Schah noch die Mullahs\u201d.\u201d<\/strong><\/p>\n\n\n\n<h2 class=\"wp-block-heading\">Das Massaker vom Januar 2026: Forderung nach internationaler Strafverfolgung<\/h2>\n\n\n\n<p>Ein zentraler Punkt der Demonstration war das Gedenken an die Tausenden von Opfern der gewaltsamen Niederschlagung w\u00e4hrend der <strong>Januar 2026 Massaker<\/strong>. Die Demonstranten bezeichneten diese Ereignisse als Verbrechen gegen die Menschlichkeit und zeigten Fotos der Get\u00f6teten, um der Welt das Ausma\u00df der Brutalit\u00e4t des Regimes vor Augen zu f\u00fchren.<\/p>\n\n\n\n<p>Auf der Kundgebung wurde ein f\u00f6rmlicher Aufruf an die internationale Gemeinschaft gerichtet, die Verantwortlichen rechtlich zur Rechenschaft zu ziehen. Dies schlie\u00dft ein:<\/p>\n\n\n\n<ul class=\"wp-block-list\">\n<li><strong>Anklage gegen den Obersten F\u00fchrer Ali Khamenei<\/strong> vor einem internationalen Gericht.<\/li>\n\n\n\n<li><strong>Wirtschaftliche und politische Isolation:<\/strong> Schlie\u00dfung iranischer Botschaften in der EU und Verh\u00e4ngung h\u00e4rterer Sanktionen.<\/li>\n\n\n\n<li><strong>Finanzstr\u00f6me kappen:<\/strong> Blockierung der Mittel, die die Todesmaschinerie des Regimes antreiben.<\/li>\n<\/ul>\n\n\n\n<p><strong>Zu den konkreten Forderungen an die UN und die EU geh\u00f6rten:<\/strong><\/p>\n\n\n\n<ul class=\"wp-block-list\">\n<li>Ein sofortiges Ende der Gewalt gegen <strong>Demonstranten im Iran<\/strong>.<\/li>\n\n\n\n<li>Beendigung der Massenverhaftungen und sofortige Freilassung aller politischen Gefangenen.<\/li>\n\n\n\n<li>Ein dringendes Moratorium f\u00fcr alle Hinrichtungen.<\/li>\n<\/ul>\n\n\n\n<figure class=\"wp-block-image aligncenter size-full\"><img decoding=\"async\" width=\"400\" height=\"241\" src=\"https:\/\/vereinwelle.ch\/wp-content\/uploads\/2026\/03\/image3.jpg\" alt=\"\" class=\"wp-image-32143\" srcset=\"https:\/\/vereinwelle.ch\/wp-content\/uploads\/2026\/03\/image3.jpg 400w, https:\/\/vereinwelle.ch\/wp-content\/uploads\/2026\/03\/image3-300x181.jpg 300w, https:\/\/vereinwelle.ch\/wp-content\/uploads\/2026\/03\/image3-18x12.jpg 18w\" sizes=\"(max-width: 400px) 100vw, 400px\" \/><\/figure>\n\n\n\n<h2 class=\"wp-block-heading\">Die Vision einer demokratischen und s\u00e4kularen Republik<\/h2>\n\n\n\n<p>Die Berliner Kundgebung unterst\u00fctzte ausdr\u00fccklich die Vision der Menschen im Iran, die aus eigener Kraft und ohne milit\u00e4rische Intervention von au\u00dfen einen Wandel anstreben. Ihr Ziel ist eine <strong>demokratische, s\u00e4kulare Republik<\/strong> definiert durch:<\/p>\n\n\n\n<ol class=\"wp-block-list\">\n<li><strong>Freie und faire Wahlen.<\/strong><\/li>\n\n\n\n<li><strong>Trennung von Religion und Staat.<\/strong><\/li>\n\n\n\n<li><strong>Gleichstellung der Geschlechter und Menschenrechte.<\/strong><\/li>\n\n\n\n<li><strong>Ein nicht-nuklearer Iran.<\/strong><\/li>\n<\/ol>\n\n\n\n<h2 class=\"wp-block-heading\">Weltweite politische Stimmen unterst\u00fctzen die Freiheitsbewegung<\/h2>\n\n\n\n<p>Mehrere hochrangige Pers\u00f6nlichkeiten aus Politik und Zivilgesellschaft sprachen zu den Anwesenden und unterstrichen die internationale Bedeutung des Kampfes:<\/p>\n\n\n\n<ul class=\"wp-block-list\">\n<li><strong>Mike Pompeo (ehemaliger US-Au\u00dfenminister):<\/strong> \u201cDer Iran wird seine Freiheit nur durch eine Regierung erlangen, die wirklich den Willen des Volkes widerspiegelt. Jeder Deal mit dem Regime ist ein Verrat an Millionen von Iranern.\u201d<\/li>\n\n\n\n<li><strong>Charles Michel (ehemaliger Pr\u00e4sident des Europ\u00e4ischen Rates):<\/strong> \u201cKeine Diktatur w\u00e4hrt ewig. Freiheit ist ein unver\u00e4u\u00dferliches Recht, und Europa darf sich nicht hinter einer Politik der Beschwichtigung verstecken.\u201d<\/li>\n\n\n\n<li><strong>Peter Altmaier (ehemaliger deutscher Bundesminister):<\/strong> \u201cEin freier und demokratischer Iran ist m\u00f6glich. Wir d\u00fcrfen trotz der Gewalt nicht die Hoffnung verlieren. Die Medien m\u00fcssen mehr \u00fcber die Realit\u00e4t der Unterdr\u00fcckung berichten.\u201d<\/li>\n\n\n\n<li><strong>Sabine Leutheusser-Schnarrenberger (ehemalige deutsche Justizministerin):<\/strong> Sie bezeichnete die Situation als eine \u201cmoralische Pr\u00fcfung f\u00fcr Europa\u201d, forderte die sofortige Freilassung aller Gefangenen und verurteilte die laufenden Hinrichtungen.<\/li>\n<\/ul>\n\n\n\n<figure class=\"wp-block-image aligncenter size-full\"><img decoding=\"async\" width=\"400\" height=\"221\" src=\"https:\/\/vereinwelle.ch\/wp-content\/uploads\/2026\/03\/image4.jpg\" alt=\"\" class=\"wp-image-32144\" srcset=\"https:\/\/vereinwelle.ch\/wp-content\/uploads\/2026\/03\/image4.jpg 400w, https:\/\/vereinwelle.ch\/wp-content\/uploads\/2026\/03\/image4-300x166.jpg 300w, https:\/\/vereinwelle.ch\/wp-content\/uploads\/2026\/03\/image4-18x10.jpg 18w\" sizes=\"(max-width: 400px) 100vw, 400px\" \/><\/figure>\n\n\n\n<h2 class=\"wp-block-heading\">Herzzerrei\u00dfende Zeugnisse: die menschlichen Kosten der Unterdr\u00fcckung<\/h2>\n\n\n\n<p>Der bewegendste Teil der Kundgebung waren die Berichte der Familien der Opfer, in denen die einzelnen Leben, die durch <strong>Menschenrechtsverletzungen im Iran<\/strong>.<\/p>\n\n\n\n<p><strong>Der Fall von Human Sabagh:<\/strong> Nasrin Sabagh und ihr Mann sprachen \u00fcber ihren Neffen, <strong>Menschliches Sabagh<\/strong>, ein 37-j\u00e4hriger Wirtschaftsingenieur. Anfang Januar wurde er bei Protesten in Lahidschan erschossen. Nach Angaben der Familie verhinderte der IRGC, dass er medizinische Hilfe erhielt, und er verblutete. Seine Eltern erhielten seine Leiche erst, nachdem sie gezwungen worden waren, f\u00fcr die zur T\u00f6tung verwendete Munition zu bezahlen - ein erschreckendes Beispiel f\u00fcr die Unmenschlichkeit des Regimes.<\/p>\n\n\n\n<p><strong>Amin Heydari und Ramin Asadifav:<\/strong> Amid Amiry, wohnhaft in Deutschland, erz\u00e4hlte die Geschichten von <strong>Ramin Asadifav<\/strong>, der von Sicherheitskr\u00e4ften zu Tode gepr\u00fcgelt wurde, als er versuchte, den Verwundeten zu helfen, und <strong>Amin Heydari<\/strong>, der am selben Tag durch einen direkten Kopfschuss get\u00f6tet wurde.<\/p>\n\n\n\n<h2 class=\"wp-block-heading\">Ein dringender Appell an das Gewissen der Welt<\/h2>\n\n\n\n<p>Die Berliner Gro\u00dfkundgebung war mehr als ein politisches Ereignis, sie war ein kollektiver Appell an das Gewissen der Welt. Die Forderung nach Gerechtigkeit f\u00fcr die Opfer und Freiheit f\u00fcr die <strong>Demonstranten im Iran<\/strong> die Teilnehmer \u00fcber Generationen hinweg zu vereinen.<\/p>\n\n\n\n<p>Die Botschaft bleibt klar: <strong>Die Zukunft Irans muss auf Menschenrechten, Demokratie und Rechtsstaatlichkeit beruhen.<\/strong><\/p>","protected":false},"excerpt":{"rendered":"<p>On February 7, 2026, tens of thousands gathered at the iconic Brandenburg Gate in Berlin to protest against the ongoing oppression and systematic human rights violations in Iran. This massive rally served as a powerful act of solidarity with the freedom movement currently sweeping across the country. Organized by more than 300 exiled Iranian organizations [&hellip;]<\/p>\n","protected":false},"author":1,"featured_media":32141,"comment_status":"open","ping_status":"open","sticky":false,"template":"","format":"standard","meta":{"footnotes":""},"categories":[81,30],"tags":[],"class_list":["post-32139","post","type-post","status-publish","format-standard","has-post-thumbnail","hentry","category-human-rights-violations-in-iran","category-news"],"_links":{"self":[{"href":"https:\/\/vereinwelle.ch\/de\/wp-json\/wp\/v2\/posts\/32139","targetHints":{"allow":["GET"]}}],"collection":[{"href":"https:\/\/vereinwelle.ch\/de\/wp-json\/wp\/v2\/posts"}],"about":[{"href":"https:\/\/vereinwelle.ch\/de\/wp-json\/wp\/v2\/types\/post"}],"author":[{"embeddable":true,"href":"https:\/\/vereinwelle.ch\/de\/wp-json\/wp\/v2\/users\/1"}],"replies":[{"embeddable":true,"href":"https:\/\/vereinwelle.ch\/de\/wp-json\/wp\/v2\/comments?post=32139"}],"version-history":[{"count":1,"href":"https:\/\/vereinwelle.ch\/de\/wp-json\/wp\/v2\/posts\/32139\/revisions"}],"predecessor-version":[{"id":32145,"href":"https:\/\/vereinwelle.ch\/de\/wp-json\/wp\/v2\/posts\/32139\/revisions\/32145"}],"wp:featuredmedia":[{"embeddable":true,"href":"https:\/\/vereinwelle.ch\/de\/wp-json\/wp\/v2\/media\/32141"}],"wp:attachment":[{"href":"https:\/\/vereinwelle.ch\/de\/wp-json\/wp\/v2\/media?parent=32139"}],"wp:term":[{"taxonomy":"category","embeddable":true,"href":"https:\/\/vereinwelle.ch\/de\/wp-json\/wp\/v2\/categories?post=32139"},{"taxonomy":"post_tag","embeddable":true,"href":"https:\/\/vereinwelle.ch\/de\/wp-json\/wp\/v2\/tags?post=32139"}],"curies":[{"name":"wp","href":"https:\/\/api.w.org\/{rel}","templated":true}]}}