{"id":32318,"date":"2026-04-25T14:21:12","date_gmt":"2026-04-25T12:21:12","guid":{"rendered":"https:\/\/vereinwelle.ch\/?p=32318"},"modified":"2026-04-25T14:21:52","modified_gmt":"2026-04-25T12:21:52","slug":"protestaktion-in-genf-gegen-die-hinrichtung-von-gefangenen-im-iran","status":"publish","type":"post","link":"https:\/\/vereinwelle.ch\/de\/protestaktion-in-genf-gegen-die-hinrichtung-von-gefangenen-im-iran\/","title":{"rendered":"Mahnwache in Genf gegen die Hinrichtung von Gefangenen im Iran"},"content":{"rendered":"<p>Am 24. April versammelte sich eine Gruppe von Menschenrechtsaktivistinnen und -aktivisten in Genf zu einer Protestaktion, um die Welle von Hinrichtungen und die Unterdr\u00fcckung von Gefangenen im Iran zu verurteilen.<\/p>\n\n\n\n<p>Die Aktion fand in der N\u00e4he internationaler Institutionen statt und umfasste eine Stra\u00dfenausstellung mit Bildern politischer Gefangener. Die Teilnehmenden hielten Fotos der Inhaftierten in den H\u00e4nden und versuchten, die Stimme jener zu sein, die in den Gef\u00e4ngnissen unter akuter Gefahr von Hinrichtung und Folter stehen und nicht geh\u00f6rt werden.<\/p>\n\n\n\n<p>Besondere Aufmerksamkeit galt der aktuellen Situation der Gefangenen - insbesondere der gewaltsamen Verlegung mehrerer politischer Gefangener in das Gef\u00e4ngnis Ghezal Hesar, was die Sorge um ihr Leben weiter versch\u00e4rft hat.<\/p>\n\n\n\n<p>Zudem warnten die Teilnehmenden angesichts der j\u00fcngsten Hinrichtungen vor einer Fortsetzung dieser Entwicklung und forderten eine sofortige Reaktion der internationalen Gemeinschaft.<\/p>\n\n\n\n<p>Die Organisatorinnen und Organisatoren betonten, dass Schweigen angesichts dieser Entwicklungen zur Fortsetzung schwerer Menschenrechtsverletzungen f\u00fchren k\u00f6nne. Sie riefen internationale Institutionen dazu auf, durch verst\u00e4rkte Beobachtung und Druck das Leben politischer Gefangener zu sch\u00fctzen.<\/p>\n\n\n\n<p>Diese Aktion ist Teil fortlaufender Bem\u00fchungen, die internationale \u00d6ffentlichkeit auf die Lage der Gefangenen im Iran aufmerksam zu machen und weitere Hinrichtungen sowie Repressionen zu verhindern.<\/p>\n\n\n\n<figure class=\"wp-block-image size-full is-resized\"><img fetchpriority=\"high\" decoding=\"async\" width=\"432\" height=\"749\" src=\"https:\/\/vereinwelle.ch\/wp-content\/uploads\/2026\/04\/WhatsApp-Image-2026-04-25-at-14.17.30-1.jpeg\" alt=\"\" class=\"wp-image-32321\" style=\"aspect-ratio:0.5767722284808278;width:328px;height:auto\" srcset=\"https:\/\/vereinwelle.ch\/wp-content\/uploads\/2026\/04\/WhatsApp-Image-2026-04-25-at-14.17.30-1.jpeg 432w, https:\/\/vereinwelle.ch\/wp-content\/uploads\/2026\/04\/WhatsApp-Image-2026-04-25-at-14.17.30-1-173x300.jpeg 173w, https:\/\/vereinwelle.ch\/wp-content\/uploads\/2026\/04\/WhatsApp-Image-2026-04-25-at-14.17.30-1-7x12.jpeg 7w\" sizes=\"(max-width: 432px) 100vw, 432px\" \/><\/figure>","protected":false},"excerpt":{"rendered":"<p>Am 24 April versammelte sich eine Gruppe von Menschenrechtsaktivistinnen und -aktivisten in Genf zu einer Protestaktion, um die Welle von Hinrichtungen und die Unterdr\u00fcckung von Gefangenen im Iran zu verurteilen. Die Aktion fand in der N\u00e4he internationaler Institutionen statt und umfasste eine Strassenausstellung mit Bildern politischer Gefangener. Die Teilnehmenden hielten Fotos der Inhaftierten in den [&hellip;]<\/p>\n","protected":false},"author":3,"featured_media":32319,"comment_status":"open","ping_status":"open","sticky":false,"template":"","format":"standard","meta":{"footnotes":""},"categories":[32],"tags":[34,35],"class_list":["post-32318","post","type-post","status-publish","format-standard","has-post-thumbnail","hentry","category-activities","tag-human-rights","tag-iran"],"_links":{"self":[{"href":"https:\/\/vereinwelle.ch\/de\/wp-json\/wp\/v2\/posts\/32318","targetHints":{"allow":["GET"]}}],"collection":[{"href":"https:\/\/vereinwelle.ch\/de\/wp-json\/wp\/v2\/posts"}],"about":[{"href":"https:\/\/vereinwelle.ch\/de\/wp-json\/wp\/v2\/types\/post"}],"author":[{"embeddable":true,"href":"https:\/\/vereinwelle.ch\/de\/wp-json\/wp\/v2\/users\/3"}],"replies":[{"embeddable":true,"href":"https:\/\/vereinwelle.ch\/de\/wp-json\/wp\/v2\/comments?post=32318"}],"version-history":[{"count":2,"href":"https:\/\/vereinwelle.ch\/de\/wp-json\/wp\/v2\/posts\/32318\/revisions"}],"predecessor-version":[{"id":32323,"href":"https:\/\/vereinwelle.ch\/de\/wp-json\/wp\/v2\/posts\/32318\/revisions\/32323"}],"wp:featuredmedia":[{"embeddable":true,"href":"https:\/\/vereinwelle.ch\/de\/wp-json\/wp\/v2\/media\/32319"}],"wp:attachment":[{"href":"https:\/\/vereinwelle.ch\/de\/wp-json\/wp\/v2\/media?parent=32318"}],"wp:term":[{"taxonomy":"category","embeddable":true,"href":"https:\/\/vereinwelle.ch\/de\/wp-json\/wp\/v2\/categories?post=32318"},{"taxonomy":"post_tag","embeddable":true,"href":"https:\/\/vereinwelle.ch\/de\/wp-json\/wp\/v2\/tags?post=32318"}],"curies":[{"name":"wp","href":"https:\/\/api.w.org\/{rel}","templated":true}]}}