{"id":30089,"date":"2024-01-22T08:57:00","date_gmt":"2024-01-22T07:57:00","guid":{"rendered":"https:\/\/association-welle.geekworkers.dev\/?p=30089"},"modified":"2025-06-12T13:26:05","modified_gmt":"2025-06-12T11:26:05","slug":"rassemblement-damis-a-zurich-celebrant-lunite-et-la-resilience","status":"publish","type":"post","link":"https:\/\/vereinwelle.ch\/fr\/friends-gathering-in-zurich-celebrating-unity-and-resilience\/","title":{"rendered":"Zurich : Rassemblement pour l'unit\u00e9 et la r\u00e9sistance iraniennes"},"content":{"rendered":"<p>Le 20 janvier, Verein Welle a organis\u00e9 une r\u00e9union d'amis \u00e0 Zurich. Cet \u00e9v\u00e9nement a \u00e9t\u00e9 une r\u00e9union chaleureuse pour tous les amis et sympathisants. Rosmarie et Vida ont anim\u00e9 le programme.<\/p>\n\n\n\n<p>Le programme a commenc\u00e9 par une exposition sur les activit\u00e9s de l'association et la situation actuelle des violations des droits de l'homme en Iran. Outre la pr\u00e9sentation de Neda, les t\u00e9moins et les plaignants qui ont contribu\u00e9 \u00e0 emp\u00eacher le pr\u00e9sident du r\u00e9gime des mollahs, Ebrahim Raisi, de se rendre \u00e0 Gen\u00e8ve avec leur plainte p\u00e9nale ont pr\u00e9sent\u00e9 un rapport.<\/p>\n\n\n\n<div class=\"wp-block-columns is-layout-flex wp-container-core-columns-is-layout-28f84493 wp-block-columns-is-layout-flex\">\n<div class=\"wp-block-column is-layout-flow wp-block-column-is-layout-flow\">\n<figure class=\"wp-block-image size-full\"><img fetchpriority=\"high\" decoding=\"async\" width=\"570\" height=\"428\" src=\"https:\/\/vereinwelle.ch\/wp-content\/uploads\/2024\/07\/csm_3_0f0bf78dbd.jpg\" alt=\"\" class=\"wp-image-30091\" style=\"aspect-ratio:4\/3;object-fit:cover\" srcset=\"https:\/\/vereinwelle.ch\/wp-content\/uploads\/2024\/07\/csm_3_0f0bf78dbd.jpg 570w, https:\/\/vereinwelle.ch\/wp-content\/uploads\/2024\/07\/csm_3_0f0bf78dbd-300x225.jpg 300w\" sizes=\"(max-width: 570px) 100vw, 570px\" \/><\/figure>\n<\/div>\n\n\n\n<div class=\"wp-block-column is-layout-flow wp-block-column-is-layout-flow\">\n<figure class=\"wp-block-image size-full\"><img decoding=\"async\" width=\"570\" height=\"428\" src=\"https:\/\/vereinwelle.ch\/wp-content\/uploads\/2024\/07\/csm_4_cf7988cf99.jpg\" alt=\"\" class=\"wp-image-30092\" style=\"aspect-ratio:4\/3;object-fit:cover\" srcset=\"https:\/\/vereinwelle.ch\/wp-content\/uploads\/2024\/07\/csm_4_cf7988cf99.jpg 570w, https:\/\/vereinwelle.ch\/wp-content\/uploads\/2024\/07\/csm_4_cf7988cf99-300x225.jpg 300w\" sizes=\"(max-width: 570px) 100vw, 570px\" \/><\/figure>\n<\/div>\n<\/div>\n\n\n\n<p>La pianiste zurichoise Veronika a enchant\u00e9 le public avec sa composition pour piano \"Aufbruch\". Le maestro Taherzadeh et son accompagnement ont ensuite enchant\u00e9 le public avec de la musique iranienne. L'improvisation musicale de Veronika au piano et des deux musiciens iraniens avec leurs instruments a constitu\u00e9 un moment fort de l'\u00e9v\u00e9nement.<\/p>\n\n\n\n<figure class=\"wp-block-image aligncenter size-full\"><img decoding=\"async\" width=\"570\" height=\"428\" src=\"https:\/\/vereinwelle.ch\/wp-content\/uploads\/2024\/07\/csm_Musik_trio_815e08e0ad.jpg\" alt=\"\" class=\"wp-image-30093\" style=\"aspect-ratio:16\/9;object-fit:cover\" srcset=\"https:\/\/vereinwelle.ch\/wp-content\/uploads\/2024\/07\/csm_Musik_trio_815e08e0ad.jpg 570w, https:\/\/vereinwelle.ch\/wp-content\/uploads\/2024\/07\/csm_Musik_trio_815e08e0ad-300x225.jpg 300w\" sizes=\"(max-width: 570px) 100vw, 570px\" \/><\/figure>\n\n\n\n<p><strong>Neda :<\/strong> <br>\"J'ai \u00e9tudi\u00e9 l'histoire et les sciences politiques, je suis politiquement active et je suis \u00e9galement active dans le domaine des droits de l'homme.<br>Le 20 novembre 2022, deux mois apr\u00e8s le d\u00e9but des manifestations de la population en Iran, la premi\u00e8re commission d'enqu\u00eate ind\u00e9pendante pour l'Iran a \u00e9t\u00e9 mise en place \u00e0 l'ONU pour documenter et enqu\u00eater sur les atrocit\u00e9s et les graves violations des droits de l'homme commises par le r\u00e9gime \u00e0 l'encontre de la population en 2022. Je pense que beaucoup d'entre vous ont \u00e9galement vu que nous organisons des veill\u00e9es sur la Place des Nations. Elles sont tr\u00e8s importantes car elles attirent l'attention des m\u00e9dias sur cette question.<\/p>\n\n\n\n<p>Autre succ\u00e8s : l'Iran a r\u00e9cemment \u00e9t\u00e9 condamn\u00e9 par les Nations unies pour la 70e fois pour ses graves violations des droits de l'homme. C'est tr\u00e8s important car toute cette documentation peut \u00eatre utilis\u00e9e dans le cadre d'un proc\u00e8s international.<br>Par exemple, un tortionnaire arr\u00eat\u00e9 en Su\u00e8de et impliqu\u00e9 dans le massacre de 30 000 prisonniers politiques en Iran a \u00e9t\u00e9 condamn\u00e9 par un tribunal su\u00e9dois.<\/p>\n\n\n\n<p>Un autre succ\u00e8s important a \u00e9t\u00e9 enregistr\u00e9 en d\u00e9cembre : le soi-disant pr\u00e9sident du r\u00e9gime iranien, qui avait \u00e9t\u00e9 invit\u00e9 au forum international sur les r\u00e9fugi\u00e9s \u00e0 Gen\u00e8ve, a annul\u00e9 son voyage au pied lev\u00e9 en raison d'une campagne internationale. Trois t\u00e9moins iraniens vivant en Suisse ont pu d\u00e9poser une plainte p\u00e9nale contre Raisi pour crimes contre l'humanit\u00e9 aupr\u00e8s du procureur g\u00e9n\u00e9ral de Suisse. Une importante campagne de publicit\u00e9 mondiale, \u00e0 laquelle Verein Welle a activement particip\u00e9, et en particulier la plainte p\u00e9nale d\u00e9pos\u00e9e par les trois t\u00e9moins demandant l'arrestation d'Ebrahim Raisi, ont conduit \u00e0 l'annulation de son voyage \u00e0 Gen\u00e8ve. C'est un grand succ\u00e8s pour nous et pour le peuple iranien\".<\/p>\n\n\n\n<p><strong>Maestro Taherzadeh :<\/strong><br>\"Tout d'abord, je suis tr\u00e8s heureux de revenir ici. Mon fr\u00e8re \u00e9tait un grand musicien. Il enseignait la musique dans le sous-sol de sa maison, car l'enseignement de la musique \u00e9tait interdit lorsque les mollahs sont arriv\u00e9s au pouvoir. Pendant ce temps, il \u00e9crivait des partitions et des compositions qu'il envoyait \u00e0 l'\u00e9tranger pour que nous puissions les utiliser. Lorsque le r\u00e9gime l'a d\u00e9couvert, il a \u00e9t\u00e9 arr\u00eat\u00e9. Il a pass\u00e9 de nombreux mois en prison, a \u00e9t\u00e9 gravement tortur\u00e9 et est mort de ses blessures peu apr\u00e8s sa lib\u00e9ration. Aujourd'hui, je suis tr\u00e8s heureuse qu'il y ait une grande r\u00e9sistance en Iran, men\u00e9e par des femmes. Le peuple iranien est sur le point de ramener la libert\u00e9 et la d\u00e9mocratie en Iran. Des milliers de personnes sont en prison et tant d'autres ont \u00e9t\u00e9 tu\u00e9es, mais la flamme de la r\u00e9sistance est bien vivante. C'est pourquoi ce r\u00e9gime ne survivra pas. Nous allons maintenant rendre hommage \u00e0 toutes ces victimes, mais pas avec de la musique triste, mais en c\u00e9l\u00e9brant la vie. La vie est importante ; elle nous motive toujours \u00e0 continuer et \u00e0 garder l'espoir d'un avenir digne d'\u00eatre v\u00e9cu. Je voudrais vous demander de continuer \u00e0 soutenir Verein Welle. Merci beaucoup.<\/p>\n\n\n\n<p>L'organisation de tels \u00e9v\u00e9nements dans un contexte de r\u00e9pression croissante et d'atteintes aux droits de l'homme constitue un d\u00e9fi de taille. Toutefois, le d\u00e9vouement des partisans de Verein Welle et la solidarit\u00e9 de la communaut\u00e9 internationale aident \u00e0 surmonter ces obstacles.<\/p>\n\n\n\n<p>Le rassemblement des Amis \u00e0 Zurich a \u00e9t\u00e9 une puissante d\u00e9monstration d'unit\u00e9 et de r\u00e9silience. Il a mis en \u00e9vidence l'importance d'un plaidoyer et d'un soutien continus en faveur des droits de l'homme en Iran. L'\u00e9v\u00e9nement a soulign\u00e9 la d\u00e9termination collective \u00e0 lutter pour la libert\u00e9 et la d\u00e9mocratie.<\/p>\n\n\n\n<p><strong>Soutenez Verein Welle dans sa mission de d\u00e9fense des droits de l'homme en Iran. Participez \u00e0 nos activit\u00e9s, faites un don ou devenez b\u00e9n\u00e9vole pour faire la diff\u00e9rence.<\/strong><\/p>","protected":false},"excerpt":{"rendered":"<p>On 20 January, Verein Welle held a friends&#8217; meeting in Zurich. This event was a warm reunion for all friends and supporters. Rosmarie and Vida hosted the programme. The programme began with an exhibition about the association&#8217;s activities and the current situation regarding human rights violations in Iran. In addition to Neda&#8217;s presentation, the witnesses [&hellip;]<\/p>\n","protected":false},"author":1,"featured_media":30095,"comment_status":"open","ping_status":"open","sticky":false,"template":"","format":"standard","meta":{"footnotes":""},"categories":[32],"tags":[40,36,34,35,38,39,37],"class_list":["post-30089","post","type-post","status-publish","format-standard","has-post-thumbnail","hentry","category-activities","tag-advocacy","tag-friends-gathering","tag-human-rights","tag-iran","tag-music","tag-resistance","tag-zurich"],"_links":{"self":[{"href":"https:\/\/vereinwelle.ch\/fr\/wp-json\/wp\/v2\/posts\/30089","targetHints":{"allow":["GET"]}}],"collection":[{"href":"https:\/\/vereinwelle.ch\/fr\/wp-json\/wp\/v2\/posts"}],"about":[{"href":"https:\/\/vereinwelle.ch\/fr\/wp-json\/wp\/v2\/types\/post"}],"author":[{"embeddable":true,"href":"https:\/\/vereinwelle.ch\/fr\/wp-json\/wp\/v2\/users\/1"}],"replies":[{"embeddable":true,"href":"https:\/\/vereinwelle.ch\/fr\/wp-json\/wp\/v2\/comments?post=30089"}],"version-history":[{"count":1,"href":"https:\/\/vereinwelle.ch\/fr\/wp-json\/wp\/v2\/posts\/30089\/revisions"}],"predecessor-version":[{"id":31507,"href":"https:\/\/vereinwelle.ch\/fr\/wp-json\/wp\/v2\/posts\/30089\/revisions\/31507"}],"wp:featuredmedia":[{"embeddable":true,"href":"https:\/\/vereinwelle.ch\/fr\/wp-json\/wp\/v2\/media\/30095"}],"wp:attachment":[{"href":"https:\/\/vereinwelle.ch\/fr\/wp-json\/wp\/v2\/media?parent=30089"}],"wp:term":[{"taxonomy":"category","embeddable":true,"href":"https:\/\/vereinwelle.ch\/fr\/wp-json\/wp\/v2\/categories?post=30089"},{"taxonomy":"post_tag","embeddable":true,"href":"https:\/\/vereinwelle.ch\/fr\/wp-json\/wp\/v2\/tags?post=30089"}],"curies":[{"name":"wp","href":"https:\/\/api.w.org\/{rel}","templated":true}]}}