{"id":30130,"date":"2024-03-08T20:14:00","date_gmt":"2024-03-08T19:14:00","guid":{"rendered":"https:\/\/association-welle.geekworkers.dev\/?p=30130"},"modified":"2025-06-12T16:34:34","modified_gmt":"2025-06-12T14:34:34","slug":"conference-sur-la-journee-internationale-des-femmes-soutien-global-a-la-liberte-et-aux-droits-des-femmes-iraniennes","status":"publish","type":"post","link":"https:\/\/vereinwelle.ch\/fr\/conference-on-international-womens-day-global-support-for-the-freedom-and-rights-of-iranian-women\/","title":{"rendered":"Conf\u00e9rence \u00e0 l'occasion de la Journ\u00e9e internationale de la femme : Pour les droits des femmes iraniennes"},"content":{"rendered":"<p>\u00c0 l'occasion de la Journ\u00e9e internationale de la femme, une importante conf\u00e9rence a r\u00e9uni \u00e0 Paris d'\u00e9minents militants des droits de l'homme et des droits de la femme, des avocats et des personnalit\u00e9s politiques de 28 pays. L'\u00e9v\u00e9nement visait \u00e0 montrer la solidarit\u00e9 avec les femmes iraniennes dans leur lutte pour la libert\u00e9, la d\u00e9mocratie et l'\u00e9galit\u00e9 des sexes.<\/p>\n\n\n\n<p>La conf\u00e9rence a r\u00e9uni plus de 400 femmes \u00e9minentes du monde entier qui ont sign\u00e9 une d\u00e9claration commune soutenant le droit des femmes iraniennes \u00e0 r\u00e9sister au r\u00e9gime des mollahs. Parmi les participants figuraient des personnalit\u00e9s politiques, des laur\u00e9ats du prix Nobel de la paix et des d\u00e9fenseurs des droits de la femme et des droits de l'homme.<\/p>\n\n\n\n<h2 class=\"wp-block-heading\">Intervenants et messages cl\u00e9s<\/h2>\n\n\n\n<div class=\"wp-block-columns are-vertically-aligned-center is-layout-flex wp-container-core-columns-is-layout-28f84493 wp-block-columns-is-layout-flex\">\n<div class=\"wp-block-column is-vertically-aligned-center is-layout-flow wp-block-column-is-layout-flow\" style=\"flex-basis:50%\">\n<figure class=\"wp-block-image size-full\"><img fetchpriority=\"high\" decoding=\"async\" width=\"570\" height=\"323\" src=\"https:\/\/vereinwelle.ch\/wp-content\/uploads\/2024\/07\/csm_Dominique_Attias__Chair_of_the_Board_of_Directors_at_the_European_Lawyers_Foundation_05b94329ee.jpg\" alt=\"\" class=\"wp-image-30133\" srcset=\"https:\/\/vereinwelle.ch\/wp-content\/uploads\/2024\/07\/csm_Dominique_Attias__Chair_of_the_Board_of_Directors_at_the_European_Lawyers_Foundation_05b94329ee.jpg 570w, https:\/\/vereinwelle.ch\/wp-content\/uploads\/2024\/07\/csm_Dominique_Attias__Chair_of_the_Board_of_Directors_at_the_European_Lawyers_Foundation_05b94329ee-300x170.jpg 300w\" sizes=\"(max-width: 570px) 100vw, 570px\" \/><\/figure>\n<\/div>\n\n\n\n<div class=\"wp-block-column is-vertically-aligned-center is-layout-flow wp-block-column-is-layout-flow\">\n<p><strong>Dominique Attias, pr\u00e9sident du conseil d'administration de la Fondation des juristes europ\u00e9ens : <\/strong>\"Aujourd'hui, les femmes iraniennes ne sont pas seules. Nos voix s'unissent \u00e0 celles des femmes d'Iran et, ensemble, nous crions : \"Femmes, r\u00e9sistance, libert\u00e9 ! Femmes, R\u00e9sistance, Libert\u00e9 !\"<\/p>\n<\/div>\n<\/div>\n\n\n\n<div class=\"wp-block-columns is-layout-flex wp-container-core-columns-is-layout-28f84493 wp-block-columns-is-layout-flex\">\n<div class=\"wp-block-column is-vertically-aligned-center is-layout-flow wp-block-column-is-layout-flow\" style=\"flex-basis:50%\">\n<figure class=\"wp-block-image size-full\"><img decoding=\"async\" width=\"1140\" height=\"570\" src=\"https:\/\/vereinwelle.ch\/wp-content\/uploads\/2024\/07\/Najat-Vallaud-Belkacem.jpg\" alt=\"\" class=\"wp-image-30135\" style=\"aspect-ratio:3\/2;object-fit:cover\" srcset=\"https:\/\/vereinwelle.ch\/wp-content\/uploads\/2024\/07\/Najat-Vallaud-Belkacem.jpg 1140w, https:\/\/vereinwelle.ch\/wp-content\/uploads\/2024\/07\/Najat-Vallaud-Belkacem-300x150.jpg 300w, https:\/\/vereinwelle.ch\/wp-content\/uploads\/2024\/07\/Najat-Vallaud-Belkacem-1024x512.jpg 1024w, https:\/\/vereinwelle.ch\/wp-content\/uploads\/2024\/07\/Najat-Vallaud-Belkacem-768x384.jpg 768w\" sizes=\"(max-width: 1140px) 100vw, 1140px\" \/><\/figure>\n<\/div>\n\n\n\n<div class=\"wp-block-column is-vertically-aligned-center is-layout-flow wp-block-column-is-layout-flow\">\n<p><strong>Najat Vallaud-Belkacem, ancienne ministre fran\u00e7aise de l'\u00e9ducation nationale :<\/strong> \"Comment ne pas \u00eatre inquiet quand on conna\u00eet les atrocit\u00e9s commises par les mollahs, quand on sait que plus de 120 000 personnes ont \u00e9t\u00e9 ex\u00e9cut\u00e9es sous leur r\u00e9gime ? La d\u00e9termination de ces femmes, toujours emprisonn\u00e9es, et leur engagement in\u00e9branlable en faveur de la libert\u00e9 et de l'\u00e9galit\u00e9 des sexes, malgr\u00e9 de graves probl\u00e8mes de sant\u00e9, sont admirables\".<\/p>\n<\/div>\n<\/div>\n\n\n\n<div class=\"wp-block-columns are-vertically-aligned-center is-layout-flex wp-container-core-columns-is-layout-28f84493 wp-block-columns-is-layout-flex\">\n<div class=\"wp-block-column is-vertically-aligned-center is-layout-flow wp-block-column-is-layout-flow\" style=\"flex-basis:50%\">\n<figure class=\"wp-block-image size-full\"><img decoding=\"async\" width=\"570\" height=\"325\" src=\"https:\/\/vereinwelle.ch\/wp-content\/uploads\/2024\/07\/csm_Anneli_J__tteenm_ki__former_Prime_Minister_of_Finland_2128de00a8.jpg\" alt=\"\" class=\"wp-image-30136\" srcset=\"https:\/\/vereinwelle.ch\/wp-content\/uploads\/2024\/07\/csm_Anneli_J__tteenm_ki__former_Prime_Minister_of_Finland_2128de00a8.jpg 570w, https:\/\/vereinwelle.ch\/wp-content\/uploads\/2024\/07\/csm_Anneli_J__tteenm_ki__former_Prime_Minister_of_Finland_2128de00a8-300x171.jpg 300w\" sizes=\"(max-width: 570px) 100vw, 570px\" \/><\/figure>\n<\/div>\n\n\n\n<div class=\"wp-block-column is-vertically-aligned-center is-layout-flow wp-block-column-is-layout-flow\">\n<p><strong>Anneli J\u00e4\u00e4tteenm\u00e4ki, ancienne Premi\u00e8re ministre de Finlande :<\/strong> \"Je suis choqu\u00e9e que les femmes d'un pays comme l'Iran aient moins de valeur, moins de libert\u00e9, moins de s\u00e9curit\u00e9, moins de salaires et moins de dignit\u00e9 humaine. Nous sommes tous ici pour soutenir les femmes iraniennes et leur combat pour la dignit\u00e9 et les droits de l'homme\".<\/p>\n<\/div>\n<\/div>\n\n\n\n<div class=\"wp-block-columns are-vertically-aligned-center is-layout-flex wp-container-core-columns-is-layout-28f84493 wp-block-columns-is-layout-flex\">\n<div class=\"wp-block-column is-vertically-aligned-center is-layout-flow wp-block-column-is-layout-flow\" style=\"flex-basis:50%\">\n<figure class=\"wp-block-image size-full\"><img loading=\"lazy\" decoding=\"async\" width=\"570\" height=\"317\" src=\"https:\/\/vereinwelle.ch\/wp-content\/uploads\/2024\/07\/csm_Ana_Helena_Chac___n__former_Vice_President_of_Costa_Rica_2b70226ac2.jpg\" alt=\"\" class=\"wp-image-30137\" srcset=\"https:\/\/vereinwelle.ch\/wp-content\/uploads\/2024\/07\/csm_Ana_Helena_Chac___n__former_Vice_President_of_Costa_Rica_2b70226ac2.jpg 570w, https:\/\/vereinwelle.ch\/wp-content\/uploads\/2024\/07\/csm_Ana_Helena_Chac___n__former_Vice_President_of_Costa_Rica_2b70226ac2-300x167.jpg 300w\" sizes=\"(max-width: 570px) 100vw, 570px\" \/><\/figure>\n<\/div>\n\n\n\n<div class=\"wp-block-column is-vertically-aligned-center is-layout-flow wp-block-column-is-layout-flow\">\n<p><strong>Ana Helena Chac\u00f3n Echeverria, ancienne vice-pr\u00e9sidente du Costa Rica :<\/strong> \"Nous savons que les r\u00e9gimes r\u00e9pressifs sont g\u00e9n\u00e9ralement misogynes. Nous voulons que chaque femme puisse construire son propre projet de bonheur sans oppression\".<\/p>\n<\/div>\n<\/div>\n\n\n\n<p>La conf\u00e9rence a abord\u00e9 les d\u00e9fis auxquels sont confront\u00e9es les femmes iraniennes, notamment la r\u00e9pression s\u00e9v\u00e8re et la discrimination fond\u00e9e sur le sexe. En unissant les voix du monde entier et en tirant parti de l'influence de personnalit\u00e9s \u00e9minentes, l'\u00e9v\u00e9nement visait \u00e0 amplifier l'appel \u00e0 un soutien international et \u00e0 des actions concr\u00e8tes pour promouvoir l'\u00e9galit\u00e9 entre les hommes et les femmes et les droits de l'homme en Iran.<\/p>\n\n\n\n<p>La conf\u00e9rence organis\u00e9e \u00e0 Paris \u00e0 l'occasion de la Journ\u00e9e internationale de la femme a mis en lumi\u00e8re la solidarit\u00e9 mondiale avec les femmes iraniennes dans leur lutte pour la libert\u00e9 et l'\u00e9galit\u00e9. L'\u00e9v\u00e9nement a soulign\u00e9 l'importance de maintenir l'attention et le soutien de la communaut\u00e9 internationale pour les droits des femmes en Iran.<\/p>\n\n\n\n<p><\/p>","protected":false},"excerpt":{"rendered":"<p>On International Women&#8217;s Day, a significant conference in Paris brought together prominent human rights and women&#8217;s rights activists, lawyers, and political figures from 28 countries. The event aimed to show solidarity with Iranian women in their fight for freedom, democracy, and gender equality. The conference featured over 400 distinguished women from around the world who [&hellip;]<\/p>\n","protected":false},"author":1,"featured_media":30138,"comment_status":"open","ping_status":"open","sticky":false,"template":"","format":"standard","meta":{"footnotes":""},"categories":[32],"tags":[53,51,34,52,35,41],"class_list":["post-30130","post","type-post","status-publish","format-standard","has-post-thumbnail","hentry","category-activities","tag-conference","tag-gender-equality","tag-human-rights","tag-international-womens-day","tag-iran","tag-womens-rights"],"_links":{"self":[{"href":"https:\/\/vereinwelle.ch\/fr\/wp-json\/wp\/v2\/posts\/30130","targetHints":{"allow":["GET"]}}],"collection":[{"href":"https:\/\/vereinwelle.ch\/fr\/wp-json\/wp\/v2\/posts"}],"about":[{"href":"https:\/\/vereinwelle.ch\/fr\/wp-json\/wp\/v2\/types\/post"}],"author":[{"embeddable":true,"href":"https:\/\/vereinwelle.ch\/fr\/wp-json\/wp\/v2\/users\/1"}],"replies":[{"embeddable":true,"href":"https:\/\/vereinwelle.ch\/fr\/wp-json\/wp\/v2\/comments?post=30130"}],"version-history":[{"count":1,"href":"https:\/\/vereinwelle.ch\/fr\/wp-json\/wp\/v2\/posts\/30130\/revisions"}],"predecessor-version":[{"id":31543,"href":"https:\/\/vereinwelle.ch\/fr\/wp-json\/wp\/v2\/posts\/30130\/revisions\/31543"}],"wp:featuredmedia":[{"embeddable":true,"href":"https:\/\/vereinwelle.ch\/fr\/wp-json\/wp\/v2\/media\/30138"}],"wp:attachment":[{"href":"https:\/\/vereinwelle.ch\/fr\/wp-json\/wp\/v2\/media?parent=30130"}],"wp:term":[{"taxonomy":"category","embeddable":true,"href":"https:\/\/vereinwelle.ch\/fr\/wp-json\/wp\/v2\/categories?post=30130"},{"taxonomy":"post_tag","embeddable":true,"href":"https:\/\/vereinwelle.ch\/fr\/wp-json\/wp\/v2\/tags?post=30130"}],"curies":[{"name":"wp","href":"https:\/\/api.w.org\/{rel}","templated":true}]}}