{"id":30152,"date":"2024-04-26T10:08:00","date_gmt":"2024-04-26T08:08:00","guid":{"rendered":"https:\/\/association-welle.geekworkers.dev\/?p=30152"},"modified":"2024-07-08T00:02:38","modified_gmt":"2024-07-07T22:02:38","slug":"mesures-urgentes-pour-sauver-toomaj-salehi","status":"publish","type":"post","link":"https:\/\/vereinwelle.ch\/fr\/urgent-measures-to-save-toomaj-salehi\/","title":{"rendered":"Mesures urgentes pour sauver Toomaj Salehi"},"content":{"rendered":"<p>Toomaj Salehi, artiste et prisonnier politique de 33 ans, a \u00e9t\u00e9 condamn\u00e9 \u00e0 mort le 24 avril. Le verdict prononc\u00e9 \u00e0 l'encontre de ce rappeur et ing\u00e9nieur iranien tr\u00e8s populaire a suscit\u00e9 l'indignation de la communaut\u00e9 internationale et des appels \u00e0 une action imm\u00e9diate pour lui sauver la vie.<\/p>\n\n\n\n<p>Toomaj Salehi, connu pour ses chansons critiques \u00e0 l'\u00e9gard du r\u00e9gime iranien, est un ing\u00e9nieur en m\u00e9canique sp\u00e9cialis\u00e9 dans la production de composants industriels m\u00e9dicaux. Il est actuellement incarc\u00e9r\u00e9 \u00e0 la prison de Dastgerd, \u00e0 Ispahan. Sa musique, qui d\u00e9fend les droits de l'homme et la libert\u00e9 d'expression, lui a valu le \"Prix des cultures de r\u00e9sistance\". Son \u0153uvre r\u00e9sonne \u00e0 l'int\u00e9rieur et \u00e0 l'ext\u00e9rieur de l'Iran, symbolisant l'espoir et le courage. Bien qu'il ait subi de graves tortures physiques et psychologiques au cours de son ann\u00e9e d'emprisonnement, Toomaj reste un d\u00e9fenseur in\u00e9branlable de la paix et de la justice \u00e0 travers son art.<\/p>\n\n\n\n<div class=\"wp-block-columns is-layout-flex wp-container-core-columns-is-layout-28f84493 wp-block-columns-is-layout-flex\">\n<div class=\"wp-block-column is-layout-flow wp-block-column-is-layout-flow\">\n<figure class=\"wp-block-image size-full\"><img fetchpriority=\"high\" decoding=\"async\" width=\"570\" height=\"776\" src=\"https:\/\/vereinwelle.ch\/wp-content\/uploads\/2024\/07\/csm_Toomaj_Salehi_671798a636.jpg\" alt=\"\" class=\"wp-image-30154\" srcset=\"https:\/\/vereinwelle.ch\/wp-content\/uploads\/2024\/07\/csm_Toomaj_Salehi_671798a636.jpg 570w, https:\/\/vereinwelle.ch\/wp-content\/uploads\/2024\/07\/csm_Toomaj_Salehi_671798a636-220x300.jpg 220w\" sizes=\"(max-width: 570px) 100vw, 570px\" \/><\/figure>\n<\/div>\n\n\n\n<div class=\"wp-block-column is-layout-flow wp-block-column-is-layout-flow\">\n<figure class=\"wp-block-image size-full\"><img decoding=\"async\" width=\"570\" height=\"428\" src=\"https:\/\/vereinwelle.ch\/wp-content\/uploads\/2024\/07\/csm_photo_2023-05-27_15-47-16_42cc914fda.jpg\" alt=\"\" class=\"wp-image-30155\" srcset=\"https:\/\/vereinwelle.ch\/wp-content\/uploads\/2024\/07\/csm_photo_2023-05-27_15-47-16_42cc914fda.jpg 570w, https:\/\/vereinwelle.ch\/wp-content\/uploads\/2024\/07\/csm_photo_2023-05-27_15-47-16_42cc914fda-300x225.jpg 300w\" sizes=\"(max-width: 570px) 100vw, 570px\" \/><\/figure>\n\n\n\n<figure class=\"wp-block-image size-full\"><img decoding=\"async\" width=\"570\" height=\"322\" src=\"https:\/\/vereinwelle.ch\/wp-content\/uploads\/2024\/07\/csm_photo_2023-05-22_12-11-43_90fded1f94.jpg\" alt=\"\" class=\"wp-image-30156\" srcset=\"https:\/\/vereinwelle.ch\/wp-content\/uploads\/2024\/07\/csm_photo_2023-05-22_12-11-43_90fded1f94.jpg 570w, https:\/\/vereinwelle.ch\/wp-content\/uploads\/2024\/07\/csm_photo_2023-05-22_12-11-43_90fded1f94-300x169.jpg 300w\" sizes=\"(max-width: 570px) 100vw, 570px\" \/><\/figure>\n<\/div>\n<\/div>\n\n\n\n<h2 class=\"wp-block-heading\">Derniers d\u00e9veloppements<\/h2>\n\n\n\n<p>Le 24 avril, Toomaj Salehi a \u00e9t\u00e9 condamn\u00e9 \u00e0 mort, une d\u00e9cision qui a suscit\u00e9 une condamnation g\u00e9n\u00e9rale. La commission d'enqu\u00eate des Nations unies a demand\u00e9 d'urgence sa lib\u00e9ration imm\u00e9diate et inconditionnelle. Le bureau de l'envoy\u00e9 sp\u00e9cial des \u00c9tats-Unis pour l'Iran a tweet\u00e9 : \"Nous condamnons fermement la peine de mort prononc\u00e9e \u00e0 l'encontre de Toomaj Salehi et exigeons sa lib\u00e9ration imm\u00e9diate\". Des experts des Nations unies ont \u00e9galement exhort\u00e9 les autorit\u00e9s iraniennes \u00e0 annuler la condamnation \u00e0 mort. La France a condamn\u00e9 le verdict en le qualifiant d'\"inacceptable\" et a mis en \u00e9vidence la tendance du r\u00e9gime \u00e0 proc\u00e9der \u00e0 des ex\u00e9cutions injustes dans le cadre des manifestations de 2022.<\/p>\n\n\n\n<p>Le tribunal r\u00e9volutionnaire d'Ispahan a accus\u00e9 Toomaj de \"corruption sur terre\", dans le but de donner l'exemple et d'intimider ses partisans. Depuis le 28 avril, les visites et les appels t\u00e9l\u00e9phoniques de la famille de Toomaj sont interdits, et tout prisonnier lui parlant risque d'\u00eatre interrog\u00e9.<\/p>\n\n\n\n<h2 class=\"wp-block-heading\">R\u00e9actions et impact<\/h2>\n\n\n\n<p>En r\u00e9ponse \u00e0 la condamnation \u00e0 mort, Verein Welle a condamn\u00e9 la nouvelle vague d'ex\u00e9cutions, y compris le cas de Toomaj, et a appel\u00e9 \u00e0 une action imm\u00e9diate pour que les responsables de crimes contre l'humanit\u00e9 en Iran rendent compte de leurs actes. L'organisation a lanc\u00e9 une campagne urgente pour intensifier les efforts visant \u00e0 sauver les prisonniers et \u00e0 annuler les condamnations \u00e0 mort, en particulier celle de Toomaj Salehi.<\/p>\n\n\n\n<p>La r\u00e9action de la communaut\u00e9 internationale souligne la n\u00e9cessit\u00e9 d'exercer une pression soutenue sur le r\u00e9gime iranien pour qu'il mette fin \u00e0 ses violations des droits de l'homme. Ce toll\u00e9 mondial souligne l'importance d'un plaidoyer et d'une intervention continus pour prot\u00e9ger des militants comme Toomaj.<\/p>\n\n\n\n<h2 class=\"wp-block-heading\">Conclusion<\/h2>\n\n\n\n<p>Le cas de Toomaj Salehi met en lumi\u00e8re les graves violations des droits de l'homme en Iran et la n\u00e9cessit\u00e9 urgente d'une action internationale. Verein Welle continue \u00e0 d\u00e9noncer ces injustices et \u00e0 plaider pour la lib\u00e9ration des prisonniers politiques.<\/p>","protected":false},"excerpt":{"rendered":"<p>Toomaj Salehi, a 33-year-old artist and political prisoner, was sentenced to death on April 24. The verdict against the popular Iranian rapper and engineer has sparked international outrage and calls for immediate action to save his life. Toomaj Salehi, known for his critical songs against the Iranian regime, is a mechanical engineer specializing in the [&hellip;]<\/p>\n","protected":false},"author":1,"featured_media":30153,"comment_status":"open","ping_status":"open","sticky":false,"template":"","format":"standard","meta":{"footnotes":""},"categories":[30],"tags":[63,34,35,62,64,65],"class_list":["post-30152","post","type-post","status-publish","format-standard","has-post-thumbnail","hentry","category-news","tag-death-sentence","tag-human-rights","tag-iran","tag-political-prisoner","tag-toomaj-salehi","tag-united-nations"],"_links":{"self":[{"href":"https:\/\/vereinwelle.ch\/fr\/wp-json\/wp\/v2\/posts\/30152","targetHints":{"allow":["GET"]}}],"collection":[{"href":"https:\/\/vereinwelle.ch\/fr\/wp-json\/wp\/v2\/posts"}],"about":[{"href":"https:\/\/vereinwelle.ch\/fr\/wp-json\/wp\/v2\/types\/post"}],"author":[{"embeddable":true,"href":"https:\/\/vereinwelle.ch\/fr\/wp-json\/wp\/v2\/users\/1"}],"replies":[{"embeddable":true,"href":"https:\/\/vereinwelle.ch\/fr\/wp-json\/wp\/v2\/comments?post=30152"}],"version-history":[{"count":0,"href":"https:\/\/vereinwelle.ch\/fr\/wp-json\/wp\/v2\/posts\/30152\/revisions"}],"wp:featuredmedia":[{"embeddable":true,"href":"https:\/\/vereinwelle.ch\/fr\/wp-json\/wp\/v2\/media\/30153"}],"wp:attachment":[{"href":"https:\/\/vereinwelle.ch\/fr\/wp-json\/wp\/v2\/media?parent=30152"}],"wp:term":[{"taxonomy":"category","embeddable":true,"href":"https:\/\/vereinwelle.ch\/fr\/wp-json\/wp\/v2\/categories?post=30152"},{"taxonomy":"post_tag","embeddable":true,"href":"https:\/\/vereinwelle.ch\/fr\/wp-json\/wp\/v2\/tags?post=30152"}],"curies":[{"name":"wp","href":"https:\/\/api.w.org\/{rel}","templated":true}]}}