{"id":30158,"date":"2024-05-01T22:14:00","date_gmt":"2024-05-01T20:14:00","guid":{"rendered":"https:\/\/association-welle.geekworkers.dev\/?p=30158"},"modified":"2025-06-12T13:37:22","modified_gmt":"2025-06-12T11:37:22","slug":"lonu-exprime-sa-preoccupation-concernant-les-violations-des-droits-de-lhomme-en-iran","status":"publish","type":"post","link":"https:\/\/vereinwelle.ch\/fr\/uno-expresses-concern-over-human-rights-violations-in-iran\/","title":{"rendered":"L'ONU tr\u00e8s pr\u00e9occup\u00e9e par les violations des droits de l'homme en Iran"},"content":{"rendered":"<h2 class=\"wp-block-heading\">Introduction<\/h2>\n\n\n\n<p>Le 1er mai 2024, les Nations Unies ont publi\u00e9 un communiqu\u00e9 de presse soulignant leurs profondes inqui\u00e9tudes concernant les violations des droits de l'homme en Iran. La d\u00e9claration traite en particulier de la mort tragique de Nika Shakarami et de la condamnation \u00e0 mort de Toomaj Salehi.<\/p>\n\n\n\n<h2 class=\"wp-block-heading\">Contexte et historique<\/h2>\n\n\n\n<p>La mort de Nika Shakarami, une jeune manifestante brutalement assassin\u00e9e lors des manifestations de 2022, est devenue un symbole de la lutte contre le r\u00e9gime oppressif en Iran. De m\u00eame, Toomaj Salehi, un militant condamn\u00e9 \u00e0 la peine de mort, repr\u00e9sente la lutte permanente pour la libert\u00e9 et la justice en Iran. L'implication des Nations unies signifie que la communaut\u00e9 internationale reconna\u00eet l'importance de ces questions cruciales.<\/p>\n\n\n\n<h2 class=\"wp-block-heading\">Derniers d\u00e9veloppements<\/h2>\n\n\n\n<p>Le porte-parole du secr\u00e9taire g\u00e9n\u00e9ral des Nations unies, St\u00e9phane Dujarric, a r\u00e9agi aux r\u00e9centes nouvelles en provenance d'Iran en d\u00e9clarant : \"Nous nous opposons \u00e0 tout recours \u00e0 la peine de mort, y compris pour Toomaj Salehi, et nous examinerons \u00e9galement le cas de l'assassinat de Nika Shakarami\". M. Dujarric a qualifi\u00e9 de \"tr\u00e8s, tr\u00e8s inqui\u00e9tant\" le rapport sur l'assassinat de Nika Shakarami par les forces du r\u00e9gime iranien.<\/p>\n\n\n\n<p>Le Secr\u00e9taire g\u00e9n\u00e9ral des Nations unies a toujours exprim\u00e9 ses pr\u00e9occupations concernant les violations des droits de l'homme en Iran. Divers m\u00e9canismes de d\u00e9fense des droits de l'homme, dont un rapporteur sp\u00e9cial, sont charg\u00e9s de traiter ces questions. M. Dujarric a assur\u00e9 que si les documents de la BBC concernant Nika Shakarami sont pr\u00e9sent\u00e9s, ils feront l'objet d'un examen approfondi.<\/p>\n\n\n\n<p>Interrog\u00e9 sur la condamnation \u00e0 mort de Toomaj Salehi, M. Dujarric a r\u00e9affirm\u00e9 : \"Nous sommes et restons oppos\u00e9s \u00e0 tout recours \u00e0 la peine de mort et nous esp\u00e9rons sinc\u00e8rement que cette ex\u00e9cution n'aura pas lieu\".<\/p>\n\n\n\n<h2 class=\"wp-block-heading\">R\u00e9actions et impact<\/h2>\n\n\n\n<p>Verein Welle a lanc\u00e9 un appel urgent aux Nations unies pour qu'elles prennent des mesures imm\u00e9diates et s\u00e9rieuses \u00e0 l'encontre des auteurs de ces crimes odieux. L'organisation demande que les responsables de la r\u00e9cente vague d'ex\u00e9cutions et des crimes choquants commis contre les femmes et les jeunes en Iran rendent des comptes.<\/p>\n\n\n\n<p>L'attention internationale suscit\u00e9e par les d\u00e9clarations des Nations unies met en lumi\u00e8re la gravit\u00e9 de la situation en Iran. Elle souligne la n\u00e9cessit\u00e9 d'une pression et d'une action continues de la part des entit\u00e9s mondiales pour lutter contre ces violations des droits de l'homme.<\/p>\n\n\n\n<h2 class=\"wp-block-heading\">Conclusion<\/h2>\n\n\n\n<p>Les violations persistantes des droits de l'homme en Iran, illustr\u00e9es par les cas de Nika Shakarami et Toomaj Salehi, exigent une action urgente et d\u00e9cisive de la part de la communaut\u00e9 internationale. Verein Welle s'engage \u00e0 d\u00e9noncer ces crimes et \u00e0 plaider en faveur de la justice.<\/p>","protected":false},"excerpt":{"rendered":"<p>Introduction On May 1, 2024, the United Nations released a press statement highlighting their deep concerns regarding the ongoing human rights violations in Iran. The statement specifically addressed the tragic death of Nika Shakarami and the death sentence of Toomaj Salehi. Context and Background The death of Nika Shakarami, a young protester who was brutally [&hellip;]<\/p>\n","protected":false},"author":1,"featured_media":30159,"comment_status":"open","ping_status":"open","sticky":false,"template":"","format":"standard","meta":{"footnotes":""},"categories":[30],"tags":[34,35,66,46,64,65],"class_list":["post-30158","post","type-post","status-publish","format-standard","has-post-thumbnail","hentry","category-news","tag-human-rights","tag-iran","tag-nika-shakarami","tag-protest","tag-toomaj-salehi","tag-united-nations"],"_links":{"self":[{"href":"https:\/\/vereinwelle.ch\/fr\/wp-json\/wp\/v2\/posts\/30158","targetHints":{"allow":["GET"]}}],"collection":[{"href":"https:\/\/vereinwelle.ch\/fr\/wp-json\/wp\/v2\/posts"}],"about":[{"href":"https:\/\/vereinwelle.ch\/fr\/wp-json\/wp\/v2\/types\/post"}],"author":[{"embeddable":true,"href":"https:\/\/vereinwelle.ch\/fr\/wp-json\/wp\/v2\/users\/1"}],"replies":[{"embeddable":true,"href":"https:\/\/vereinwelle.ch\/fr\/wp-json\/wp\/v2\/comments?post=30158"}],"version-history":[{"count":1,"href":"https:\/\/vereinwelle.ch\/fr\/wp-json\/wp\/v2\/posts\/30158\/revisions"}],"predecessor-version":[{"id":31517,"href":"https:\/\/vereinwelle.ch\/fr\/wp-json\/wp\/v2\/posts\/30158\/revisions\/31517"}],"wp:featuredmedia":[{"embeddable":true,"href":"https:\/\/vereinwelle.ch\/fr\/wp-json\/wp\/v2\/media\/30159"}],"wp:attachment":[{"href":"https:\/\/vereinwelle.ch\/fr\/wp-json\/wp\/v2\/media?parent=30158"}],"wp:term":[{"taxonomy":"category","embeddable":true,"href":"https:\/\/vereinwelle.ch\/fr\/wp-json\/wp\/v2\/categories?post=30158"},{"taxonomy":"post_tag","embeddable":true,"href":"https:\/\/vereinwelle.ch\/fr\/wp-json\/wp\/v2\/tags?post=30158"}],"curies":[{"name":"wp","href":"https:\/\/api.w.org\/{rel}","templated":true}]}}