{"id":30632,"date":"2024-10-15T21:30:00","date_gmt":"2024-10-15T19:30:00","guid":{"rendered":"https:\/\/vereinwelle.ch\/?p=30632"},"modified":"2025-06-27T20:09:30","modified_gmt":"2025-06-27T18:09:30","slug":"blog-story-of-resilience-3-2-2","status":"publish","type":"post","link":"https:\/\/vereinwelle.ch\/fr\/blog-story-of-resilience-3-2-2\/","title":{"rendered":"Histoire de r\u00e9silience"},"content":{"rendered":"<h2 class=\"wp-block-heading\"><strong>Lettre d'Amir Hossein Moradi et d'Ali Younesi de la prison d'Evin<\/strong><\/h2>\n\n\n\n<p>Le 13 avril 2024, \u00e0 l'occasion du quatri\u00e8me anniversaire de leur arrestation, les prisonniers politiques <strong>Amir Hossein Moradi<\/strong> et <strong>Ali Younesi<\/strong> a envoy\u00e9 un message sinc\u00e8re de la part de <strong>Prison d'Evin<\/strong>. Tous deux \u00e9tudiants talentueux, ils ont \u00e9t\u00e9 arr\u00eat\u00e9s le 10 avril 2020 et sont emprisonn\u00e9s depuis quatre ans.<\/p>\n\n\n\n<p>Dans leur lettre, ils reviennent sur leur parcours difficile et sur les sacrifices qu'ils ont consentis pour <strong>libert\u00e9<\/strong> et la justice en Iran :<\/p>\n\n\n\n<h2 class=\"wp-block-heading\">Extraits de la lettre :<\/h2>\n\n\n\n<p><strong>\"Chaque jour, nous sommes confront\u00e9s \u00e0 un choix, un choix inspir\u00e9 par les centaines de milliers de personnes qui ont emprunt\u00e9 ce chemin avant nous et qui sont rest\u00e9es fid\u00e8les \u00e0 leur d\u00e9cision jusqu'au bout. C'est un choix qui doit de plus en plus \u00eatre fait par des \u00e9tudiants qui ont plus \u00e0 perdre, mais aussi une voix plus forte\".<\/strong><\/p>\n\n\n\n<p><strong>Message complet de Amir Hossein Moradi et Ali Younesi :<\/strong><\/p>\n\n\n\n<p>\"Le 10 avril 2020, nous avons \u00e9t\u00e9 projet\u00e9s dans un nouveau monde. Le monde que nous connaissions auparavant, celui de l'universit\u00e9 et des concours acad\u00e9miques, \u00e9tait paisible et fascinant, rempli de jours joyeux aux c\u00f4t\u00e9s d'amis partageant les m\u00eames id\u00e9es. Mais le nouveau monde dans lequel nous sommes entr\u00e9s est celui de l'isolement et de l'interrogation, un monde dur et brutal o\u00f9 il n'y a pas d'amiti\u00e9, seulement de l'inimiti\u00e9. Un monde o\u00f9 la pens\u00e9e n'\u00e9tait pas seulement malvenue, mais o\u00f9 nous \u00e9tions menac\u00e9s de mort pour nos pens\u00e9es. Un monde o\u00f9 nous avons \u00e9t\u00e9 priv\u00e9s de nos droits fondamentaux.<\/p>\n\n\n\n<p>C'est au moment de notre arrestation que nous sommes entr\u00e9s dans ce nouveau monde. C'est le moment o\u00f9 nous avons d\u00fb faire un choix : <strong>r\u00e9sistance ou soumission<\/strong>. Un choix entre la poursuite de notre parcours acad\u00e9mique vers la r\u00e9ussite dans les meilleures universit\u00e9s d'Europe et des \u00c9tats-Unis, ou l'emprisonnement et la perte de notre jeunesse, de nos possibilit\u00e9s acad\u00e9miques et de nos opportunit\u00e9s de carri\u00e8re.<\/p>\n\n\n\n<p>Comment pourrions-nous choisir des opportunit\u00e9s acad\u00e9miques alors qu'il y a des enfants qui sont <strong>l'acc\u00e8s \u00e0 l'\u00e9ducation est refus\u00e9<\/strong>sans jamais avoir eu l'occasion de d\u00e9cider par eux-m\u00eames ?<\/p>\n\n\n\n<p>Et comment pouvons-nous envisager une vie de richesse et d'emplois bien r\u00e9mun\u00e9r\u00e9s alors qu'il y a tant de personnes dont les revenus ne suffisent pas \u00e0 couvrir les besoins de base ?<\/p>\n\n\n\n<p>Lorsque nous consid\u00e9rons ce que les gens ont perdu, notre propre perte ne semble plus si grande, et il devient plus facile de supporter les circonstances. La prison est le prix et l'\u00e9preuve de ce choix. L'exp\u00e9rience a montr\u00e9 que ceux qui exigent moins d'eux-m\u00eames et prennent une d\u00e9cision plus ferme de r\u00e9sister supportent les conditions les plus dures. C'est la diff\u00e9rence fondamentale entre ceux qui ne peuvent m\u00eame pas survivre \u00e0 un mois de prison et ceux qui survivent \u00e0 10, 15, 20 ou m\u00eame 25 ans d'emprisonnement avec r\u00e9silience.<\/p>\n\n\n\n<p>Et nous devons prendre cette d\u00e9cision chaque jour, en nous inspirant des centaines de milliers de personnes qui ont suivi cette voie et sont rest\u00e9es fid\u00e8les \u00e0 leur choix. C'est une d\u00e9cision qui doit de plus en plus \u00eatre prise par les \u00e9tudiants, qui ont plus \u00e0 perdre mais qui ont aussi une voix plus forte. Ceux qui restent et se r\u00e9approprient le pouvoir peuvent \u00eatre plus que de simples <strong>les partisans des soul\u00e8vements populaires<\/strong>ils peuvent \u00eatre des initiateurs de changement.<\/p>\n\n\n\n<p>La d\u00e9cision de ne pas ignorer ceux qui souffrent davantage et sont moins entendus nous place du c\u00f4t\u00e9 des gens, nous fait entrer dans l'histoire et nous place \u00e0 l'avant-garde des mouvements.<\/p>\n\n\n\n<p>A l'occasion du quatri\u00e8me anniversaire de notre arrestation, nous r\u00e9affirmons que notre choix est la r\u00e9sistance, quelle que soit la dur\u00e9e de cet emprisonnement.<\/p>\n\n\n\n<p>Nous croyons fermement que la <strong>libert\u00e9 de l'Iran<\/strong> est proche\".<\/p>\n\n\n\n<p><strong>Amir Hossein Moradi et Ali Younesi<\/strong><\/p>\n\n\n\n<p>avril 2024<\/p>\n\n\n\n<h2 class=\"wp-block-heading\">La lutte pour la libert\u00e9 et la r\u00e9sistance en Iran<\/h2>\n\n\n\n<p>La lettre d'Amir Hossein Moradi et d'Ali Younesi rappelle avec force la r\u00e9silience des prisonniers politiques iraniens. Leur courage face \u00e0 la r\u00e9pression et leur engagement in\u00e9branlable en faveur de la libert\u00e9 mettent en lumi\u00e8re la lutte permanente pour la justice en Iran.<\/p>\n\n\n\n<p>Leur d\u00e9cision de r\u00e9sister, malgr\u00e9 le co\u00fbt \u00e9lev\u00e9 de l'emprisonnement, est un t\u00e9moignage inspirant de la force de ceux qui s'opposent \u00e0 l'oppression du r\u00e9gime. Ces prisonniers politiques ne sont pas seulement des symboles de la r\u00e9sistance, ils sont aussi au c\u0153ur de la lutte contre le terrorisme. <strong>le c\u0153ur du combat<\/strong> pour l'avenir de l'Iran.<\/p>\n\n\n\n<p><\/p>","protected":false},"excerpt":{"rendered":"<p>Letter from Amir Hossein Moradi and Ali Younesi from Evin Prison On April 13, 2024, to mark the fourth anniversary of their arrest, political prisoners Amir Hossein Moradi and Ali Younesi sent a heartfelt message from Evin Prison. Both talented students, they were arrested on April 10, 2020, and have been imprisoned for four years. [&hellip;]<\/p>\n","protected":false},"author":1,"featured_media":30717,"comment_status":"open","ping_status":"open","sticky":false,"template":"","format":"standard","meta":{"footnotes":""},"categories":[33],"tags":[],"class_list":["post-30632","post","type-post","status-publish","format-standard","has-post-thumbnail","hentry","category-stories-and-testimonies"],"_links":{"self":[{"href":"https:\/\/vereinwelle.ch\/fr\/wp-json\/wp\/v2\/posts\/30632","targetHints":{"allow":["GET"]}}],"collection":[{"href":"https:\/\/vereinwelle.ch\/fr\/wp-json\/wp\/v2\/posts"}],"about":[{"href":"https:\/\/vereinwelle.ch\/fr\/wp-json\/wp\/v2\/types\/post"}],"author":[{"embeddable":true,"href":"https:\/\/vereinwelle.ch\/fr\/wp-json\/wp\/v2\/users\/1"}],"replies":[{"embeddable":true,"href":"https:\/\/vereinwelle.ch\/fr\/wp-json\/wp\/v2\/comments?post=30632"}],"version-history":[{"count":2,"href":"https:\/\/vereinwelle.ch\/fr\/wp-json\/wp\/v2\/posts\/30632\/revisions"}],"predecessor-version":[{"id":31655,"href":"https:\/\/vereinwelle.ch\/fr\/wp-json\/wp\/v2\/posts\/30632\/revisions\/31655"}],"wp:featuredmedia":[{"embeddable":true,"href":"https:\/\/vereinwelle.ch\/fr\/wp-json\/wp\/v2\/media\/30717"}],"wp:attachment":[{"href":"https:\/\/vereinwelle.ch\/fr\/wp-json\/wp\/v2\/media?parent=30632"}],"wp:term":[{"taxonomy":"category","embeddable":true,"href":"https:\/\/vereinwelle.ch\/fr\/wp-json\/wp\/v2\/categories?post=30632"},{"taxonomy":"post_tag","embeddable":true,"href":"https:\/\/vereinwelle.ch\/fr\/wp-json\/wp\/v2\/tags?post=30632"}],"curies":[{"name":"wp","href":"https:\/\/api.w.org\/{rel}","templated":true}]}}