{"id":30756,"date":"2024-10-11T14:00:00","date_gmt":"2024-10-11T12:00:00","guid":{"rendered":"https:\/\/vereinwelle.ch\/?p=30756"},"modified":"2025-06-12T13:38:17","modified_gmt":"2025-06-12T11:38:17","slug":"larret-de-lexecution-de-mahmoud-mehrabis-est-une-victoire-pour-les-droits-de-lhomme","status":"publish","type":"post","link":"https:\/\/vereinwelle.ch\/fr\/mahmoud-mehrabis-execution-halted-a-victory-for-human-rights\/","title":{"rendered":"Arr\u00eat de l'ex\u00e9cution de Mahmoud Mehrabi"},"content":{"rendered":"<h2 class=\"wp-block-heading\">Arr\u00eat de l'ex\u00e9cution de Mahmoud Mehrabi, militant des droits de l'homme<\/h2>\n\n\n\n<p>Mahmoud Mehrabi, militant des droits de l'homme, a \u00e9t\u00e9 arr\u00eat\u00e9 en 2022 pour ses activit\u00e9s sur les r\u00e9seaux sociaux, o\u00f9 il critiquait publiquement le r\u00e9gime et s'effor\u00e7ait d'informer la communaut\u00e9 internationale de la situation politique en Iran. En mai 2024, il a \u00e9t\u00e9 condamn\u00e9 \u00e0 mort pour son activisme et son opposition publique au gouvernement iranien. Pendant son emprisonnement, Mehrabi a subi des tortures psychologiques et physiques constantes.<\/p>\n\n\n\n<h2 class=\"wp-block-heading\">Efforts internationaux pour annuler la peine de mort<\/h2>\n\n\n\n<p>Apr\u00e8s des mois d'efforts intensifs et gr\u00e2ce au large soutien de la communaut\u00e9 internationale et des d\u00e9fenseurs des droits de l'homme, la condamnation \u00e0 mort de Mahmoud Mehrabi a \u00e9t\u00e9 suspendue. Ce r\u00e9sultat marque une victoire importante pour les d\u00e9fenseurs des droits de l'homme dans le monde entier. Des personnalit\u00e9s de premier plan, dont des laur\u00e9ats du prix Nobel et de nombreuses organisations internationales, ont jou\u00e9 un r\u00f4le essentiel en plaidant pour la suspension de son ex\u00e9cution et en faisant pression sur le r\u00e9gime iranien.<\/p>\n\n\n\n<h2 class=\"wp-block-heading\">Appel mondial \u00e0 la justice<\/h2>\n\n\n\n<p>Le toll\u00e9 mondial suscit\u00e9 par la condamnation \u00e0 mort de M. Mehrabi souligne l'importance de la mobilisation internationale pour emp\u00eacher les ex\u00e9cutions injustes en Iran. Les organisations de d\u00e9fense des droits de l'homme et d'\u00e9minents militants continuent d'insister sur la n\u00e9cessit\u00e9 de prot\u00e9ger des personnes comme M. Mehrabi, qui sont pers\u00e9cut\u00e9es pour avoir d\u00e9nonc\u00e9 l'injustice. La suspension de son ex\u00e9cution rappelle le pouvoir de l'action collective et la n\u00e9cessit\u00e9 de poursuivre les efforts pour lutter contre les violations des droits de l'homme en Iran.<\/p>\n\n\n\n<h2 class=\"wp-block-heading\">Comment soutenir les droits de l'homme en Iran<\/h2>\n\n\n\n<p>Continuer \u00e0 soutenir les d\u00e9fenseurs des droits de l'homme en Iran et plaider en faveur de l'adoption d'une loi sur les droits de l'homme. <strong>abolition de la peine de mort<\/strong>Nous vous encourageons \u00e0 le faire :<\/p>\n\n\n\n<ul class=\"wp-block-list\">\n<li><strong>Sensibilisation<\/strong> en partageant l'histoire de Mahmoud Mehrabi sur les plateformes de m\u00e9dias sociaux et en s'engageant aupr\u00e8s des organisations de d\u00e9fense des droits de l'homme.<\/li>\n\n\n\n<li><strong>Faire un don<\/strong> aux organisations qui \u0153uvrent \u00e0 la protection de l'environnement <strong>droits de l'homme<\/strong> et emp\u00eacher l'ex\u00e9cution de <strong>prisonniers politiques<\/strong> en Iran.<\/li>\n\n\n\n<li><strong>Participer \u00e0 des campagnes internationales<\/strong> appelant \u00e0 la suspension des condamnations \u00e0 mort et \u00e0 l'am\u00e9lioration des conditions de vie des militants et des prisonniers en Iran.<\/li>\n<\/ul>\n\n\n\n<p>Votre voix et votre soutien peuvent contribuer \u00e0 apporter des changements significatifs, en prot\u00e9geant <strong>libert\u00e9 d'expression<\/strong> et les droits de l'homme en Iran.<\/p>","protected":false},"excerpt":{"rendered":"<p>Execution halted for Mahmoud Mehrabi, human rights activist Mahmoud Mehrabi, a human rights activist, was arrested in 2022 for his social media activities, where he publicly criticized the regime and worked to inform the international community about the political situation in Iran. In May 2024, he was sentenced to death for his activism and public [&hellip;]<\/p>\n","protected":false},"author":2,"featured_media":30757,"comment_status":"open","ping_status":"open","sticky":false,"template":"","format":"standard","meta":{"footnotes":""},"categories":[83],"tags":[],"class_list":["post-30756","post","type-post","status-publish","format-standard","has-post-thumbnail","hentry","category-human-rights-success-stories"],"_links":{"self":[{"href":"https:\/\/vereinwelle.ch\/fr\/wp-json\/wp\/v2\/posts\/30756","targetHints":{"allow":["GET"]}}],"collection":[{"href":"https:\/\/vereinwelle.ch\/fr\/wp-json\/wp\/v2\/posts"}],"about":[{"href":"https:\/\/vereinwelle.ch\/fr\/wp-json\/wp\/v2\/types\/post"}],"author":[{"embeddable":true,"href":"https:\/\/vereinwelle.ch\/fr\/wp-json\/wp\/v2\/users\/2"}],"replies":[{"embeddable":true,"href":"https:\/\/vereinwelle.ch\/fr\/wp-json\/wp\/v2\/comments?post=30756"}],"version-history":[{"count":1,"href":"https:\/\/vereinwelle.ch\/fr\/wp-json\/wp\/v2\/posts\/30756\/revisions"}],"predecessor-version":[{"id":31518,"href":"https:\/\/vereinwelle.ch\/fr\/wp-json\/wp\/v2\/posts\/30756\/revisions\/31518"}],"wp:featuredmedia":[{"embeddable":true,"href":"https:\/\/vereinwelle.ch\/fr\/wp-json\/wp\/v2\/media\/30757"}],"wp:attachment":[{"href":"https:\/\/vereinwelle.ch\/fr\/wp-json\/wp\/v2\/media?parent=30756"}],"wp:term":[{"taxonomy":"category","embeddable":true,"href":"https:\/\/vereinwelle.ch\/fr\/wp-json\/wp\/v2\/categories?post=30756"},{"taxonomy":"post_tag","embeddable":true,"href":"https:\/\/vereinwelle.ch\/fr\/wp-json\/wp\/v2\/tags?post=30756"}],"curies":[{"name":"wp","href":"https:\/\/api.w.org\/{rel}","templated":true}]}}