{"id":30759,"date":"2024-10-14T09:00:00","date_gmt":"2024-10-14T07:00:00","guid":{"rendered":"https:\/\/vereinwelle.ch\/?p=30759"},"modified":"2025-06-12T14:56:09","modified_gmt":"2025-06-12T12:56:09","slug":"la-conference-sur-les-droits-de-lhomme-a-geneve-exige-que-les-responsables-des-executions-iraniennes-rendent-des-comptes","status":"publish","type":"post","link":"https:\/\/vereinwelle.ch\/fr\/human-rights-conference-in-geneva-demands-accountability-for-irans-executions\/","title":{"rendered":"Appel \u00e0 la justice pour les ex\u00e9cutions en Iran"},"content":{"rendered":"<h2 class=\"wp-block-heading\">Le Conseil des droits de l'homme des Nations unies se penche sur les ex\u00e9cutions en Iran<\/h2>\n\n\n\n<p>Lors de la 57e session du Conseil des droits de l'homme des Nations unies \u00e0 Gen\u00e8ve, une conf\u00e9rence intitul\u00e9e \"Violations des droits de l'homme et vague d'ex\u00e9cutions en Iran\" a rassembl\u00e9 des experts juridiques et des d\u00e9fenseurs des droits de l'homme afin d'examiner les atrocit\u00e9s commises en Iran. L'\u00e9v\u00e9nement a mis l'accent sur le besoin urgent d'une responsabilit\u00e9 internationale pour les violations syst\u00e9miques des droits de l'homme en Iran, en particulier l'utilisation des ex\u00e9cutions comme outil de r\u00e9pression.<\/p>\n\n\n\n<figure class=\"wp-block-image aligncenter size-large\"><img fetchpriority=\"high\" decoding=\"async\" width=\"1024\" height=\"726\" src=\"https:\/\/vereinwelle.ch\/wp-content\/uploads\/2024\/10\/image-4-1024x726.png\" alt=\"\" class=\"wp-image-30762\" srcset=\"https:\/\/vereinwelle.ch\/wp-content\/uploads\/2024\/10\/image-4-1024x726.png 1024w, https:\/\/vereinwelle.ch\/wp-content\/uploads\/2024\/10\/image-4-300x213.png 300w, https:\/\/vereinwelle.ch\/wp-content\/uploads\/2024\/10\/image-4-768x545.png 768w, https:\/\/vereinwelle.ch\/wp-content\/uploads\/2024\/10\/image-4-1536x1090.png 1536w, https:\/\/vereinwelle.ch\/wp-content\/uploads\/2024\/10\/image-4-18x12.png 18w, https:\/\/vereinwelle.ch\/wp-content\/uploads\/2024\/10\/image-4.png 1600w\" sizes=\"(max-width: 1024px) 100vw, 1024px\" \/><\/figure>\n\n\n\n<h2 class=\"wp-block-heading\">Les orateurs soulignent l'histoire des violations des droits de l'homme en Iran<\/h2>\n\n\n\n<p>Jean Franco Fattorini, repr\u00e9sentant \u00e0 l'ONU du Mouvement d'amiti\u00e9 contre le racisme, a attir\u00e9 l'attention sur l'histoire des atrocit\u00e9s commises par l'Iran, notamment le massacre de prisonniers politiques en 1988. Il a insist\u00e9 sur les conclusions du rapport de Javaid Rehman, qui r\u00e9v\u00e8le que le r\u00e9gime iranien m\u00e8ne une politique planifi\u00e9e visant \u00e0 \u00e9liminer toute forme d'opposition organis\u00e9e. M. Fattorini a soulign\u00e9 que ces m\u00e9thodes criminelles restent impunies.<\/p>\n\n\n\n<p>Tahar Boumedra, pr\u00e9sident du Comit\u00e9 de justice pour les victimes du massacre de 1988, a soulign\u00e9 l'importance du rapport du professeur Javaid Rehman sur les ex\u00e9cutions massives de membres de l'Organisation des Moudjahidines du Peuple d'Iran. Boumedra a d\u00e9clar\u00e9, <strong>\"Il existe des preuves solides que les massacres, les tortures et autres actes inhumains ont \u00e9t\u00e9 perp\u00e9tr\u00e9s dans un but g\u00e9nocidaire.<\/strong> Il a exhort\u00e9 les Nations unies \u00e0 prot\u00e9ger les rapporteurs sp\u00e9ciaux, comme M. Rehman, qui subissent des pressions intenses de la part du r\u00e9gime iranien pour avoir d\u00e9nonc\u00e9 ces crimes.<\/p>\n\n\n\n<h2 class=\"wp-block-heading\">R\u00f4le de l'Iran dans la r\u00e9gion et r\u00e9pression de la dissidence<\/h2>\n\n\n\n<p>Antonio Stango, pr\u00e9sident de la F\u00e9d\u00e9ration italienne des droits de l'homme, a soulign\u00e9 le r\u00f4le d\u00e9stabilisateur de l'Iran au Moyen-Orient et sa r\u00e9pression brutale de la dissidence, en ciblant en particulier <strong>femmes<\/strong> et <strong>minorit\u00e9s<\/strong>. Stango a d\u00e9crit le r\u00e9gime iranien comme <strong>\"la t\u00eate du serpent du mal dans la r\u00e9gion\", \"la t\u00eate du serpent du mal dans la r\u00e9gion\", \"la t\u00eate du serpent du mal dans la r\u00e9gion\".<\/strong> exhortant la communaut\u00e9 internationale \u00e0 soutenir la lutte du peuple iranien pour la libert\u00e9.<\/p>\n\n\n\n<p>Hanifeh Khayyeri, de l'Association des droits de l'homme des femmes, a d\u00e9crit l'application de la peine de mort par le r\u00e9gime comme suit <strong>\"une m\u00e9thode de contr\u00f4le visant \u00e0 instiller la peur dans la soci\u00e9t\u00e9\".<\/strong> Elle a appel\u00e9 la communaut\u00e9 internationale \u00e0 tenir l'Iran pour responsable de ses violations du droit international en mati\u00e8re de droits de l'homme.<\/p>\n\n\n\n<h2 class=\"wp-block-heading\">Un appel pressant \u00e0 la justice et \u00e0 la responsabilit\u00e9<\/h2>\n\n\n\n<p>La conf\u00e9rence, parrain\u00e9e par Verein Welle, s'est conclue par un vibrant appel \u00e0 la justice, exigeant que la communaut\u00e9 internationale prenne des mesures d\u00e9cisives pour tenir le r\u00e9gime iranien responsable de ses violations g\u00e9n\u00e9ralis\u00e9es des droits de l'homme. Les participants ont soulign\u00e9 la n\u00e9cessit\u00e9 de mettre fin \u00e0 la culture de l'impunit\u00e9 qui entoure ces atrocit\u00e9s et de rendre justice aux victimes des politiques d'ex\u00e9cution de l'Iran.<\/p>\n\n\n\n<p><\/p>","protected":false},"excerpt":{"rendered":"<p>UN Human Rights council addresses executions in Iran During the 57th session of the UN Human Rights Council in Geneva, a key conference titled &#8220;Human Rights Violations and the Wave of Executions in Iran&#8221; brought together legal experts and human rights defenders to address the ongoing atrocities in Iran. The event focused on the urgent [&hellip;]<\/p>\n","protected":false},"author":2,"featured_media":30761,"comment_status":"open","ping_status":"open","sticky":false,"template":"","format":"standard","meta":{"footnotes":""},"categories":[32],"tags":[],"class_list":["post-30759","post","type-post","status-publish","format-standard","has-post-thumbnail","hentry","category-activities"],"_links":{"self":[{"href":"https:\/\/vereinwelle.ch\/fr\/wp-json\/wp\/v2\/posts\/30759","targetHints":{"allow":["GET"]}}],"collection":[{"href":"https:\/\/vereinwelle.ch\/fr\/wp-json\/wp\/v2\/posts"}],"about":[{"href":"https:\/\/vereinwelle.ch\/fr\/wp-json\/wp\/v2\/types\/post"}],"author":[{"embeddable":true,"href":"https:\/\/vereinwelle.ch\/fr\/wp-json\/wp\/v2\/users\/2"}],"replies":[{"embeddable":true,"href":"https:\/\/vereinwelle.ch\/fr\/wp-json\/wp\/v2\/comments?post=30759"}],"version-history":[{"count":1,"href":"https:\/\/vereinwelle.ch\/fr\/wp-json\/wp\/v2\/posts\/30759\/revisions"}],"predecessor-version":[{"id":31532,"href":"https:\/\/vereinwelle.ch\/fr\/wp-json\/wp\/v2\/posts\/30759\/revisions\/31532"}],"wp:featuredmedia":[{"embeddable":true,"href":"https:\/\/vereinwelle.ch\/fr\/wp-json\/wp\/v2\/media\/30761"}],"wp:attachment":[{"href":"https:\/\/vereinwelle.ch\/fr\/wp-json\/wp\/v2\/media?parent=30759"}],"wp:term":[{"taxonomy":"category","embeddable":true,"href":"https:\/\/vereinwelle.ch\/fr\/wp-json\/wp\/v2\/categories?post=30759"},{"taxonomy":"post_tag","embeddable":true,"href":"https:\/\/vereinwelle.ch\/fr\/wp-json\/wp\/v2\/tags?post=30759"}],"curies":[{"name":"wp","href":"https:\/\/api.w.org\/{rel}","templated":true}]}}