{"id":30764,"date":"2024-10-18T09:30:00","date_gmt":"2024-10-18T07:30:00","guid":{"rendered":"https:\/\/vereinwelle.ch\/?p=30764"},"modified":"2024-10-23T11:20:34","modified_gmt":"2024-10-23T09:20:34","slug":"une-voix-pour-la-justice-qui-ne-sera-pas-reduite-au-silence","status":"publish","type":"post","link":"https:\/\/vereinwelle.ch\/fr\/a-voice-for-justice-that-will-not-be-silenced\/","title":{"rendered":"Maryam Akbari : Voix de la justice en Iran"},"content":{"rendered":"<p>Maryam Akbari Monfared, l'une des plus anciennes prisonni\u00e8res politiques d'Iran, est un symbole de r\u00e9silience et de courage in\u00e9branlable dans sa lutte pour la justice. Bien qu'elle ait purg\u00e9 sa peine de 15 ans, elle reste derri\u00e8re les barreaux. Le 12 octobre 2024, jour o\u00f9 elle \u00e9tait cens\u00e9e \u00eatre lib\u00e9r\u00e9e, elle a re\u00e7u une nouvelle sentence, ajoutant deux ann\u00e9es suppl\u00e9mentaires \u00e0 son emprisonnement. Depuis 15 ans, Akbari Monfared n'a pas \u00e9t\u00e9 autoris\u00e9e \u00e0 rendre visite \u00e0 sa famille et s'est vu refuser des soins m\u00e9dicaux.<\/p>\n\n\n\n<h2 class=\"wp-block-heading\">Militant des droits de l'homme et prisonnier d'opinion<\/h2>\n\n\n\n<p>Maryam Akbari Monfared, \u00e9minente prisonni\u00e8re d'opinion, a \u00e9t\u00e9 emprisonn\u00e9e pour avoir milit\u00e9 en faveur des droits de l'homme et protest\u00e9 contre la r\u00e9pression politique en Iran. M\u00e8re de quatre enfants, elle a \u00e9t\u00e9 s\u00e9par\u00e9e de sa plus jeune fille, Sara, qui n'avait que trois ans lorsqu'elle a \u00e9t\u00e9 arr\u00eat\u00e9e. Ses enfants ont grandi priv\u00e9s de la pr\u00e9sence de leur m\u00e8re, ne la voyant qu'\u00e0 travers les barreaux de la prison.<\/p>\n\n\n\n<p>Le seul \"crime\" de Maryam est d'avoir demand\u00e9 des comptes aux autorit\u00e9s iraniennes pour l'ex\u00e9cution de ses fr\u00e8res et s\u0153urs lors des ex\u00e9cutions massives des ann\u00e9es 1980.<\/p>\n\n\n\n<h2 class=\"wp-block-heading\">Un t\u00e9moignage de r\u00e9silience<\/h2>\n\n\n\n<p>Malgr\u00e9 d'intenses pressions psychologiques, des menaces et des accusations suppl\u00e9mentaires, Maryam Akbari Monfared n'a jamais faibli dans sa qu\u00eate de v\u00e9rit\u00e9. Son courage lui a co\u00fbt\u00e9 cher : exil, restrictions s\u00e9v\u00e8res et prolongation de son emprisonnement. Son cas t\u00e9moigne de la r\u00e9silience des femmes qui refusent d'\u00eatre r\u00e9duites au silence par l'injustice syst\u00e9matique. Maryam Akbari Monfared est un symbole de r\u00e9sistance, sa lumi\u00e8re continuant \u00e0 briller malgr\u00e9 les efforts incessants pour l'\u00e9teindre.<\/p>\n\n\n\n<h2 class=\"wp-block-heading\">Rejoignez la campagne pour la lib\u00e9ration des militants des droits de l'homme<\/h2>\n\n\n\n<p>Nous vous invitons \u00e0 rejoindre notre campagne en faveur de la lib\u00e9ration de militantes des droits de l'homme telles que Maryam Akbari Monfared. Faites entendre votre voix en faveur de la justice et veillez \u00e0 ce que le monde entier soit inform\u00e9 de la r\u00e9pression dont font l'objet les militantes en Iran.<\/p>\n\n\n\n<p>Votre soutien peut faire la diff\u00e9rence en sensibilisant l'opinion publique mondiale et en faisant pression sur les autorit\u00e9s iraniennes pour qu'elles lib\u00e8rent les prisonniers politiques comme Maryam. Ensemble, nous pouvons lutter pour la libert\u00e9, les droits de l'homme et la d\u00e9mocratie. <strong>justice<\/strong>.<\/p>","protected":false},"excerpt":{"rendered":"<p>Maryam Akbari Monfared, one of Iran&#8217;s longest-serving political prisoners, is a symbol of resilience and unwavering courage in her fight for justice. Despite completing her 15-year sentence, she remains behind bars. On October 12, 2024, the day she was supposed to be released, she was given a new sentence, adding two more years to her [&hellip;]<\/p>\n","protected":false},"author":2,"featured_media":30765,"comment_status":"open","ping_status":"open","sticky":false,"template":"","format":"standard","meta":{"footnotes":""},"categories":[84],"tags":[],"class_list":["post-30764","post","type-post","status-publish","format-standard","has-post-thumbnail","hentry","category-story-of-resilience-news"],"_links":{"self":[{"href":"https:\/\/vereinwelle.ch\/fr\/wp-json\/wp\/v2\/posts\/30764","targetHints":{"allow":["GET"]}}],"collection":[{"href":"https:\/\/vereinwelle.ch\/fr\/wp-json\/wp\/v2\/posts"}],"about":[{"href":"https:\/\/vereinwelle.ch\/fr\/wp-json\/wp\/v2\/types\/post"}],"author":[{"embeddable":true,"href":"https:\/\/vereinwelle.ch\/fr\/wp-json\/wp\/v2\/users\/2"}],"replies":[{"embeddable":true,"href":"https:\/\/vereinwelle.ch\/fr\/wp-json\/wp\/v2\/comments?post=30764"}],"version-history":[{"count":0,"href":"https:\/\/vereinwelle.ch\/fr\/wp-json\/wp\/v2\/posts\/30764\/revisions"}],"wp:featuredmedia":[{"embeddable":true,"href":"https:\/\/vereinwelle.ch\/fr\/wp-json\/wp\/v2\/media\/30765"}],"wp:attachment":[{"href":"https:\/\/vereinwelle.ch\/fr\/wp-json\/wp\/v2\/media?parent=30764"}],"wp:term":[{"taxonomy":"category","embeddable":true,"href":"https:\/\/vereinwelle.ch\/fr\/wp-json\/wp\/v2\/categories?post=30764"},{"taxonomy":"post_tag","embeddable":true,"href":"https:\/\/vereinwelle.ch\/fr\/wp-json\/wp\/v2\/tags?post=30764"}],"curies":[{"name":"wp","href":"https:\/\/api.w.org\/{rel}","templated":true}]}}