{"id":31001,"date":"2024-11-25T09:00:00","date_gmt":"2024-11-25T08:00:00","guid":{"rendered":"https:\/\/vereinwelle.ch\/?p=31001"},"modified":"2025-01-11T21:14:41","modified_gmt":"2025-01-11T20:14:41","slug":"reunion-damitie-le-7-septembre-2024","status":"publish","type":"post","link":"https:\/\/vereinwelle.ch\/fr\/friendship-gathering-on-september-7-2024\/","title":{"rendered":"R\u00e9union d'amiti\u00e9 le 7 septembre 2024"},"content":{"rendered":"<p>Le 7 septembre, Verein Welle a organis\u00e9 une rencontre amicale significative \u00e0 Zurich, \u00e0 laquelle ont particip\u00e9 de nombreux sympathisants de l'organisation. L'\u00e9v\u00e9nement a propos\u00e9 un programme vari\u00e9 comprenant des performances musicales, des rapports sur les activit\u00e9s de l'organisation et des informations sur l'\u00e9tat actuel du mouvement de protestation iranien, les violations des droits de l'homme en Iran et une exposition comm\u00e9morant le soul\u00e8vement de 2022.<\/p>\n\n\n\n<figure class=\"wp-block-image aligncenter size-large\"><img fetchpriority=\"high\" decoding=\"async\" width=\"1024\" height=\"684\" src=\"https:\/\/vereinwelle.ch\/wp-content\/uploads\/2024\/12\/unnamed-6-1024x684.jpg\" alt=\"\" class=\"wp-image-31003\" srcset=\"https:\/\/vereinwelle.ch\/wp-content\/uploads\/2024\/12\/unnamed-6-1024x684.jpg 1024w, https:\/\/vereinwelle.ch\/wp-content\/uploads\/2024\/12\/unnamed-6-300x200.jpg 300w, https:\/\/vereinwelle.ch\/wp-content\/uploads\/2024\/12\/unnamed-6-768x513.jpg 768w, https:\/\/vereinwelle.ch\/wp-content\/uploads\/2024\/12\/unnamed-6-1536x1025.jpg 1536w, https:\/\/vereinwelle.ch\/wp-content\/uploads\/2024\/12\/unnamed-6-18x12.jpg 18w, https:\/\/vereinwelle.ch\/wp-content\/uploads\/2024\/12\/unnamed-6.jpg 1600w\" sizes=\"(max-width: 1024px) 100vw, 1024px\" \/><\/figure>\n\n\n\n<p>Le programme, guid\u00e9 par Vida, l'une des b\u00e9n\u00e9voles de l'organisation, a commenc\u00e9 par un concert de piano et de violoncelle qui a fait chaud au c\u0153ur. Ensuite, le maestro Taherzadeh a pr\u00e9sent\u00e9 la musique iranienne en jouant du violon, accompagn\u00e9 d'un musicien jouant de l'instrument traditionnel iranien, le Tonbak.<\/p>\n\n\n\n<p>Un des moments forts de la soir\u00e9e a \u00e9t\u00e9 l'improvisation musicale impliquant le violon, le Tonbak, le piano, le violoncelle et le saxophone, interpr\u00e9t\u00e9e par notre cher ami Ren\u00e9, qui a offert au public une exp\u00e9rience musicale unique et enrichissante.<\/p>\n\n\n\n<p>M. Rochaix, l'avocat repr\u00e9sentant Verein Welle, a expliqu\u00e9 l'importance de l'organisation, ses activit\u00e9s et le r\u00f4le des b\u00e9n\u00e9voles, avant de r\u00e9pondre personnellement aux questions de l'auditoire.<\/p>\n\n\n\n<p>Plus tard dans le programme, Neda a fait le point sur les activit\u00e9s de l'organisation avec les Nations unies et a discut\u00e9 de l'impact consid\u00e9rable du r\u00e9cent rapport de M. Javaid Rehman sur le massacre de 1988 et le mouvement actuel de la population iranienne. Un autre militant des droits de l'homme a pr\u00e9sent\u00e9 un rapport d\u00e9taill\u00e9, accompagn\u00e9 d'un diaporama, sur l'importance des manifestations iraniennes et la situation politique et sociale actuelle du pays.<\/p>\n\n\n\n<p>Un film sur la ville historique iranienne de Birdchand, qui a suscit\u00e9 un vif int\u00e9r\u00eat et une grande attention de la part des participants, a \u00e9galement \u00e9t\u00e9 projet\u00e9 dans le cadre du programme.<\/p>\n\n\n\n<figure class=\"wp-block-image aligncenter size-large\"><img decoding=\"async\" width=\"1024\" height=\"774\" src=\"https:\/\/vereinwelle.ch\/wp-content\/uploads\/2024\/12\/unnamed-7-1024x774.jpg\" alt=\"\" class=\"wp-image-31004\" srcset=\"https:\/\/vereinwelle.ch\/wp-content\/uploads\/2024\/12\/unnamed-7-1024x774.jpg 1024w, https:\/\/vereinwelle.ch\/wp-content\/uploads\/2024\/12\/unnamed-7-300x227.jpg 300w, https:\/\/vereinwelle.ch\/wp-content\/uploads\/2024\/12\/unnamed-7-768x581.jpg 768w, https:\/\/vereinwelle.ch\/wp-content\/uploads\/2024\/12\/unnamed-7-1536x1162.jpg 1536w, https:\/\/vereinwelle.ch\/wp-content\/uploads\/2024\/12\/unnamed-7-16x12.jpg 16w, https:\/\/vereinwelle.ch\/wp-content\/uploads\/2024\/12\/unnamed-7.jpg 1600w\" sizes=\"(max-width: 1024px) 100vw, 1024px\" \/><\/figure>\n\n\n\n<h2 class=\"wp-block-heading\">Discours de M. Rochaix<\/h2>\n\n\n\n<p>M. Rochaix, qui travaille avec Verein Welle depuis sa cr\u00e9ation, est responsable des questions juridiques de l'organisation. Il a remerci\u00e9 les participants pour leur soutien et a d\u00e9clar\u00e9 : \"Je remercie tous les membres de Verein Welle qui, jour apr\u00e8s jour, non seulement si\u00e8gent au conseil d'administration, mais s'engagent \u00e9galement dans de nombreux domaines pour d\u00e9fendre les droits de l'homme en Iran.\"<\/p>\n\n\n\n<figure class=\"wp-block-image aligncenter size-large\"><img decoding=\"async\" width=\"861\" height=\"1024\" src=\"https:\/\/vereinwelle.ch\/wp-content\/uploads\/2024\/12\/unnamed-8-861x1024.jpg\" alt=\"\" class=\"wp-image-31005\" srcset=\"https:\/\/vereinwelle.ch\/wp-content\/uploads\/2024\/12\/unnamed-8-861x1024.jpg 861w, https:\/\/vereinwelle.ch\/wp-content\/uploads\/2024\/12\/unnamed-8-252x300.jpg 252w, https:\/\/vereinwelle.ch\/wp-content\/uploads\/2024\/12\/unnamed-8-768x914.jpg 768w, https:\/\/vereinwelle.ch\/wp-content\/uploads\/2024\/12\/unnamed-8-1291x1536.jpg 1291w, https:\/\/vereinwelle.ch\/wp-content\/uploads\/2024\/12\/unnamed-8-10x12.jpg 10w, https:\/\/vereinwelle.ch\/wp-content\/uploads\/2024\/12\/unnamed-8.jpg 1345w\" sizes=\"(max-width: 861px) 100vw, 861px\" \/><\/figure>\n\n\n\n<h2 class=\"wp-block-heading\">Pr\u00e9sentation de Neda<\/h2>\n\n\n\n<figure class=\"wp-block-image aligncenter size-large\"><img loading=\"lazy\" decoding=\"async\" width=\"856\" height=\"1024\" src=\"https:\/\/vereinwelle.ch\/wp-content\/uploads\/2024\/12\/unnamed-9-856x1024.jpg\" alt=\"\" class=\"wp-image-31006\" srcset=\"https:\/\/vereinwelle.ch\/wp-content\/uploads\/2024\/12\/unnamed-9-856x1024.jpg 856w, https:\/\/vereinwelle.ch\/wp-content\/uploads\/2024\/12\/unnamed-9-251x300.jpg 251w, https:\/\/vereinwelle.ch\/wp-content\/uploads\/2024\/12\/unnamed-9-768x919.jpg 768w, https:\/\/vereinwelle.ch\/wp-content\/uploads\/2024\/12\/unnamed-9-1284x1536.jpg 1284w, https:\/\/vereinwelle.ch\/wp-content\/uploads\/2024\/12\/unnamed-9-10x12.jpg 10w, https:\/\/vereinwelle.ch\/wp-content\/uploads\/2024\/12\/unnamed-9.jpg 1337w\" sizes=\"(max-width: 856px) 100vw, 856px\" \/><\/figure>\n\n\n\n<p>Neda, une b\u00e9n\u00e9vole active dans divers domaines de Verein Welle, a discut\u00e9 de l'importance du r\u00e9cent rapport du Dr. Javaid Rehman avant la fin de son mandat en tant que rapporteur sp\u00e9cial des Nations unies sur la situation des droits de l'homme en Iran.<\/p>\n\n\n\n<p>Neda a expliqu\u00e9 que le rapport de Rehman sur les g\u00e9nocides commis en 1981 et 1982 contre les prisonniers politiques, et en particulier le massacre de 30 000 dissidents emprisonn\u00e9s en 1988, avait suscit\u00e9 de nombreuses r\u00e9actions. Non seulement de la part de nombreux avocats et juges internationaux qui ont soutenu et encourag\u00e9 son courage et ses efforts pour exposer ces v\u00e9rit\u00e9s, mais aussi de la part du r\u00e9gime iranien, qui a reconnu que ce rapport officiel de l'ONU pouvait \u00eatre utilis\u00e9 pour porter des accusations de crimes contre l'humanit\u00e9 et de g\u00e9nocide contre le r\u00e9gime iranien devant la Cour internationale de justice.<\/p>\n\n\n\n<p>Ce rapport s'appuie sur des ann\u00e9es de recherches ind\u00e9pendantes men\u00e9es par des experts des Nations unies, notamment des lettres, des t\u00e9moignages de familles de victimes et des photos illustrant les massacres brutaux perp\u00e9tr\u00e9s par le r\u00e9gime des mollahs. Verein Welle a \u00e9galement apport\u00e9 une contribution significative \u00e0 cet \u00e9gard.<\/p>","protected":false},"excerpt":{"rendered":"<p>On September 7, Verein Welle hosted a meaningful friendship gathering in Zurich, attended by many supporters of the organization. The event featured a diverse program that included musical performances, reports on the organization\u2019s activities, and information on the current state of the Iranian protest movement, human rights violations in Iran, and an exhibition commemorating the [&hellip;]<\/p>\n","protected":false},"author":2,"featured_media":31002,"comment_status":"open","ping_status":"open","sticky":false,"template":"","format":"standard","meta":{"footnotes":""},"categories":[30],"tags":[],"class_list":["post-31001","post","type-post","status-publish","format-standard","has-post-thumbnail","hentry","category-news"],"_links":{"self":[{"href":"https:\/\/vereinwelle.ch\/fr\/wp-json\/wp\/v2\/posts\/31001","targetHints":{"allow":["GET"]}}],"collection":[{"href":"https:\/\/vereinwelle.ch\/fr\/wp-json\/wp\/v2\/posts"}],"about":[{"href":"https:\/\/vereinwelle.ch\/fr\/wp-json\/wp\/v2\/types\/post"}],"author":[{"embeddable":true,"href":"https:\/\/vereinwelle.ch\/fr\/wp-json\/wp\/v2\/users\/2"}],"replies":[{"embeddable":true,"href":"https:\/\/vereinwelle.ch\/fr\/wp-json\/wp\/v2\/comments?post=31001"}],"version-history":[{"count":1,"href":"https:\/\/vereinwelle.ch\/fr\/wp-json\/wp\/v2\/posts\/31001\/revisions"}],"predecessor-version":[{"id":31007,"href":"https:\/\/vereinwelle.ch\/fr\/wp-json\/wp\/v2\/posts\/31001\/revisions\/31007"}],"wp:featuredmedia":[{"embeddable":true,"href":"https:\/\/vereinwelle.ch\/fr\/wp-json\/wp\/v2\/media\/31002"}],"wp:attachment":[{"href":"https:\/\/vereinwelle.ch\/fr\/wp-json\/wp\/v2\/media?parent=31001"}],"wp:term":[{"taxonomy":"category","embeddable":true,"href":"https:\/\/vereinwelle.ch\/fr\/wp-json\/wp\/v2\/categories?post=31001"},{"taxonomy":"post_tag","embeddable":true,"href":"https:\/\/vereinwelle.ch\/fr\/wp-json\/wp\/v2\/tags?post=31001"}],"curies":[{"name":"wp","href":"https:\/\/api.w.org\/{rel}","templated":true}]}}