{"id":31136,"date":"2025-02-13T20:47:17","date_gmt":"2025-02-13T19:47:17","guid":{"rendered":"https:\/\/vereinwelle.ch\/?p=31136"},"modified":"2025-02-13T20:47:19","modified_gmt":"2025-02-13T19:47:19","slug":"du-couloir-de-la-mort-a-ma-fille-asal","status":"publish","type":"post","link":"https:\/\/vereinwelle.ch\/fr\/from-death-row-to-my-daughter-asal\/","title":{"rendered":"Du couloir de la mort \u00e0 ma fille Asal"},"content":{"rendered":"<h2 class=\"wp-block-heading\">Dans une lettre qui a touch\u00e9 le c\u0153ur de nombreuses personnes, Manouchehr Fallah, un homme condamn\u00e9 \u00e0 mort et emprisonn\u00e9 pour ses convictions politiques, a \u00e9crit un message poignant \u00e0 sa fille, Asal.\u00a0<\/h2>\n\n\n\n<p>\"Ma ch\u00e8re fille, \u00e9crit-il, tu t'es peut-\u00eatre demand\u00e9 un nombre incalculable de fois : \"Pourquoi mon p\u00e8re ? Qu'a-t-il fait pour m\u00e9riter la prison ?\".<\/p>\n\n\n\n<p>Manouchehr explique \u00e0 sa fille : \"J'ai \u00e9t\u00e9 emprisonn\u00e9 pour un crime que je n'ai pas commis. Je n'ai fait de tort \u00e0 personne et je n'ai pas pris ce qui ne m'appartenait pas. Mon \"p\u00e9ch\u00e9\" a simplement consist\u00e9 \u00e0 d\u00e9noncer la pauvret\u00e9, l'in\u00e9galit\u00e9 et l'injustice, \u00e0 refuser le silence face \u00e0 l'oppression. Pourtant, je n'ai fait de mal \u00e0 personne, je n'ai pas eu recours \u00e0 la violence\".<\/p>\n\n\n\n<p>Il poursuit, le c\u0153ur lourd : \"Ma ch\u00e8re ch\u00e9rie, un jour, le soleil de la libert\u00e9 brillera sur cette terre, mais cela a un prix \u00e9lev\u00e9. Un jour, le soleil de la libert\u00e9 brillera sur cette terre, mais il y a un prix \u00e0 payer. Cette fois, le destin m'a choisi pour payer ce prix. Sachez que l'espoir persiste et qu'un jour, notre patrie sera lib\u00e9r\u00e9e de ses cha\u00eenes d'oppression.\"<\/p>\n\n\n\n<p>Cette lettre d'un p\u00e8re \u00e0 sa fille ne r\u00e9v\u00e8le pas seulement les cons\u00e9quences personnelles de la pers\u00e9cution politique, mais t\u00e9moigne \u00e9galement de la pers\u00e9v\u00e9rance de la lutte pour la justice et la libert\u00e9 face \u00e0 l'adversit\u00e9. Les mots de Manouchehr r\u00e9sonnent comme un appel \u00e0 l'espoir, m\u00eame s'ils font \u00e9cho \u00e0 la profonde tristesse d'une famille d\u00e9chir\u00e9e par la lutte pour les droits de l'homme.<\/p>\n\n\n\n<p>Nous ne pouvons pas laisser cette histoire se terminer en trag\u00e9die. Rejoignez la campagne pour mettre un terme \u00e0 la condamnation de Manouchehr Fallah et de bien d'autres. <a href=\"https:\/\/www.ohchr.org\/en\/press-releases\/2025\/01\/iran-rise-executions-deeply-troubling-un-human-rights-chief\" data-type=\"link\" data-id=\"https:\/\/www.ohchr.org\/en\/press-releases\/2025\/01\/iran-rise-executions-deeply-troubling-un-human-rights-chief\" target=\"_blank\" rel=\"noopener\">ex\u00e9cution<\/a>. Luttons pour un monde o\u00f9 dire la v\u00e9rit\u00e9 au pouvoir n'est pas passible de la peine de mort.<\/p>\n\n\n\n<p><\/p>","protected":false},"excerpt":{"rendered":"<p>In a letter that has touched the hearts of many, Manouchehr Fallah, a man sentenced to death and imprisoned for his political beliefs, has penned a poignant message to his daughter, Asal.\u00a0 &#8220;My dear daughter,&#8221; he writes, &#8220;Perhaps you&#8217;ve asked yourself countless times: &#8216;Why my father? What did he do to deserve prison?&#8217;&#8221; Manouchehr explains [&hellip;]<\/p>\n","protected":false},"author":3,"featured_media":31138,"comment_status":"open","ping_status":"open","sticky":false,"template":"","format":"standard","meta":{"footnotes":""},"categories":[33,30,84],"tags":[34,97,35,88],"class_list":["post-31136","post","type-post","status-publish","format-standard","has-post-thumbnail","hentry","category-stories-and-testimonies","category-news","category-story-of-resilience-news","tag-human-rights","tag-human-rights-crisis-iran","tag-iran","tag-iran-executions"],"_links":{"self":[{"href":"https:\/\/vereinwelle.ch\/fr\/wp-json\/wp\/v2\/posts\/31136","targetHints":{"allow":["GET"]}}],"collection":[{"href":"https:\/\/vereinwelle.ch\/fr\/wp-json\/wp\/v2\/posts"}],"about":[{"href":"https:\/\/vereinwelle.ch\/fr\/wp-json\/wp\/v2\/types\/post"}],"author":[{"embeddable":true,"href":"https:\/\/vereinwelle.ch\/fr\/wp-json\/wp\/v2\/users\/3"}],"replies":[{"embeddable":true,"href":"https:\/\/vereinwelle.ch\/fr\/wp-json\/wp\/v2\/comments?post=31136"}],"version-history":[{"count":1,"href":"https:\/\/vereinwelle.ch\/fr\/wp-json\/wp\/v2\/posts\/31136\/revisions"}],"predecessor-version":[{"id":31139,"href":"https:\/\/vereinwelle.ch\/fr\/wp-json\/wp\/v2\/posts\/31136\/revisions\/31139"}],"wp:featuredmedia":[{"embeddable":true,"href":"https:\/\/vereinwelle.ch\/fr\/wp-json\/wp\/v2\/media\/31138"}],"wp:attachment":[{"href":"https:\/\/vereinwelle.ch\/fr\/wp-json\/wp\/v2\/media?parent=31136"}],"wp:term":[{"taxonomy":"category","embeddable":true,"href":"https:\/\/vereinwelle.ch\/fr\/wp-json\/wp\/v2\/categories?post=31136"},{"taxonomy":"post_tag","embeddable":true,"href":"https:\/\/vereinwelle.ch\/fr\/wp-json\/wp\/v2\/tags?post=31136"}],"curies":[{"name":"wp","href":"https:\/\/api.w.org\/{rel}","templated":true}]}}