{"id":31258,"date":"2025-05-12T21:57:03","date_gmt":"2025-05-12T19:57:03","guid":{"rendered":"https:\/\/vereinwelle.ch\/?p=31258"},"modified":"2025-05-12T21:57:05","modified_gmt":"2025-05-12T19:57:05","slug":"le-sit-in-de-5-jours-a-geneve-envoie-un-message-despoir-au-monde-entier","status":"publish","type":"post","link":"https:\/\/vereinwelle.ch\/fr\/5-days-geneva-sit-in-sends-a-hopeful-message-to-the-world\/","title":{"rendered":"5 jours Le sit-in de Gen\u00e8ve envoie un message d'espoir au monde entier"},"content":{"rendered":"<p><strong> Halte aux ex\u00e9cutions en Iran - Une lueur d'espoir pour les prisonniers<\/strong><\/p>\n\n\n\n<p>La semaine derni\u00e8re, un puissant sit-in de cinq jours a eu lieu \u00e0 Gen\u00e8ve, juste devant l'Office des Nations unies. Ce rassemblement, organis\u00e9 pour protester contre la vague d'ex\u00e9cutions en Iran, a co\u00efncid\u00e9 avec la campagne mondiale \"Les mardis contre l'ex\u00e9cution\" et a rappel\u00e9 une fois de plus \u00e0 la communaut\u00e9 internationale que la lutte pour la vie et la justice en Iran est loin d'\u00eatre termin\u00e9e.<\/p>\n\n\n\n<p>La manifestation pacifique a \u00e9t\u00e9 men\u00e9e par des d\u00e9fenseurs des droits de l'homme, des Iraniens en exil et des citoyens concern\u00e9s, qui se sont rassembl\u00e9s pour faire entendre leur voix en faveur de ceux qui sont r\u00e9duits au silence derri\u00e8re les barreaux. Le sit-in a attir\u00e9 l'attention sur la n\u00e9cessit\u00e9 urgente de mettre fin aux condamnations \u00e0 mort en Iran, en particulier celles qui visent les prisonniers politiques, les femmes, les minorit\u00e9s ethniques et les jeunes.<\/p>\n\n\n\n<p><a href=\"https:\/\/vereinwelle.ch\/fr\/partie-2-la-phrase-qui-a-gele-lame-de-sharifeh-aidons-la\/\" data-type=\"link\" data-id=\"https:\/\/vereinwelle.ch\/part-2-the-sentence-that-froze-sharifeh-soul-lets-help-her\/\">Photos des victimes<\/a>La pr\u00e9sence d'un grand nombre de personnes, de pancartes et de messages \u00e9crits \u00e0 la main a transform\u00e9 l'espace en un m\u00e9morial visuel et en un t\u00e9moignage vivant de la r\u00e9sistance. Plus qu'un acte symbolique, le sit-in est devenu une v\u00e9ritable source d'encouragement pour ceux qui se trouvent \u00e0 l'int\u00e9rieur des murs de la prison.<\/p>\n\n\n\n<h3 class=\"wp-block-heading\"><strong>Messages de l'int\u00e9rieur des prisons iraniennes : \"Vous nous donnez de l'espoir<\/strong><\/h3>\n\n\n\n<p>Ce qui a rendu cette action vraiment exceptionnelle, ce sont les messages sortis clandestinement des prisons iraniennes pendant la semaine de la manifestation. Plusieurs d\u00e9tenus, dont certains se trouvaient dans le couloir de la mort, ont envoy\u00e9 des lettres et des messages vocaux aux organisateurs.<\/p>\n\n\n\n<p>Un prisonnier a \u00e9crit :<\/p>\n\n\n\n<blockquote class=\"wp-block-quote is-layout-flow wp-block-quote-is-layout-flow\">\n<p>\"Lorsque nous voyons les images de votre manifestation, lorsque nous lisons vos mots et ressentons votre solidarit\u00e9, nous savons que nous ne sommes pas seuls. Vous \u00eates notre espoir\".<\/p>\n<\/blockquote>\n\n\n\n<p>Ces messages sont des rappels d\u00e9chirants que l'attention du monde peut faire une r\u00e9elle diff\u00e9rence. Ces sit-in ne sont pas de simples gestes symboliques. Ils sauvent des vies. Ils sont des bou\u00e9es de sauvetage pour ceux qui sont pi\u00e9g\u00e9s dans un syst\u00e8me brutal qui utilise les ex\u00e9cutions comme outil de peur et de r\u00e9pression.<\/p>\n\n\n\n<figure class=\"wp-block-gallery has-nested-images columns-default is-cropped wp-block-gallery-1 is-layout-flex wp-block-gallery-is-layout-flex\">\n<figure class=\"wp-block-image size-large\"><img fetchpriority=\"high\" decoding=\"async\" width=\"1024\" height=\"577\" data-id=\"31261\" src=\"https:\/\/vereinwelle.ch\/wp-content\/uploads\/2025\/05\/day4-1024x577.jpg\" alt=\"\" class=\"wp-image-31261\" srcset=\"https:\/\/vereinwelle.ch\/wp-content\/uploads\/2025\/05\/day4-1024x577.jpg 1024w, https:\/\/vereinwelle.ch\/wp-content\/uploads\/2025\/05\/day4-300x169.jpg 300w, https:\/\/vereinwelle.ch\/wp-content\/uploads\/2025\/05\/day4-768x433.jpg 768w, https:\/\/vereinwelle.ch\/wp-content\/uploads\/2025\/05\/day4-18x10.jpg 18w, https:\/\/vereinwelle.ch\/wp-content\/uploads\/2025\/05\/day4.jpg 1280w\" sizes=\"(max-width: 1024px) 100vw, 1024px\" \/><\/figure>\n<\/figure>\n\n\n\n<h3 class=\"wp-block-heading\"><strong>Les femmes au centre de la r\u00e9sistance<\/strong><\/h3>\n\n\n\n<p>Parmi les visages repr\u00e9sent\u00e9s lors de la manifestation, on trouve de nombreux <a href=\"https:\/\/vereinwelle.ch\/fr\/femmes-courage-liberte-en-iran-la-vie-des-femmes-est-en-danger-en-iran\/\" data-type=\"link\" data-id=\"https:\/\/vereinwelle.ch\/women-bravery-freedom-in-iran-lives-of-women-are-in-danger-in-iran\/\">femmes - prisonniers politiques,<\/a> les m\u00e8res des personnes ex\u00e9cut\u00e9es et les jeunes militantes. Le r\u00e9gime iranien continue d'utiliser les ex\u00e9cutions et les peines de prison s\u00e9v\u00e8res pour intimider les femmes qui osent s'exprimer. Mais les voix de la r\u00e9sistance se font de plus en plus fortes, et le sit-in de Gen\u00e8ve a rendu hommage \u00e0 ce courage.<\/p>\n\n\n\n<p>Sur l'une des banderoles de protestation, on pouvait lire<\/p>\n\n\n\n<blockquote class=\"wp-block-quote is-layout-flow wp-block-quote-is-layout-flow\">\n<p>\"Arr\u00eatez les ex\u00e9cutions en Iran\".<\/p>\n<\/blockquote>\n\n\n\n<p>Ce slogan a r\u00e9sonn\u00e9 dans tout Gen\u00e8ve, rappelant au monde que la lutte contre les ex\u00e9cutions est indissociable de la lutte pour les droits des femmes en Iran.<\/p>\n\n\n\n<h3 class=\"wp-block-heading\"><strong>L'importance de ces manifestations<\/strong><\/h3>\n\n\n\n<p>L'Iran a l'un des taux d'ex\u00e9cution les plus \u00e9lev\u00e9s au monde. Les condamnations \u00e0 mort sont souvent prononc\u00e9es \u00e0 l'issue de proc\u00e8s in\u00e9quitables ou sur la base d'aveux obtenus sous la torture. Ces derniers mois, les groupes de d\u00e9fense des droits de l'homme se sont alarm\u00e9s d'une nouvelle vague de condamnations \u00e0 mort pour des motifs politiques. <a href=\"https:\/\/deathpenaltyinfo.org\/iran-sees-75-increase-in-executions-during-first-four-months-of-2025-over-2024\" data-type=\"link\" data-id=\"https:\/\/deathpenaltyinfo.org\/iran-sees-75-increase-in-executions-during-first-four-months-of-2025-over-2024\" target=\"_blank\" rel=\"noopener\">condamnations \u00e0 mort<\/a>.<\/p>\n\n\n\n<p>La pression internationale fonctionne. Dans le pass\u00e9, les <a href=\"https:\/\/vereinwelle.ch\/fr\/les-familles-des-prisonniers-iraniens-manifestent-a-la-prison-devin\/\" data-type=\"link\" data-id=\"https:\/\/vereinwelle.ch\/families-of-iranian-prisoners-protesting-at-evin-prison\/\">protestations<\/a>Des campagnes d'information et des p\u00e9titions ont permis d'arr\u00eater les ex\u00e9cutions au dernier moment. La pr\u00e9sence de personnes engag\u00e9es devant des institutions mondiales telles que l'ONU signale au r\u00e9gime iranien que le monde le regarde.<\/p>\n\n\n\n<p>Chaque photo partag\u00e9e, chaque voix \u00e9lev\u00e9e et chaque minute pass\u00e9e dans une telle manifestation devient une barri\u00e8re entre un prisonnier et la chambre d'ex\u00e9cution.<\/p>\n\n\n\n<h3 class=\"wp-block-heading\"><strong>Rejoignez-nous - Soyez une voix pour les sans-voix<\/strong><\/h3>\n\n\n\n<p>Notre organisation a fi\u00e8rement soutenu ce sit-in de cinq jours et nous sommes d\u00e9termin\u00e9s \u00e0 poursuivre cette lutte. Mais nous ne pouvons pas le faire seuls.<\/p>\n\n\n\n<p><\/p>","protected":false},"excerpt":{"rendered":"<p>Stop Executions in Iran \u2013 A Light of Hope for Prisoners Last week, a powerful five-day sit-in took place in Geneva, right in front of the United Nations Office. This gathering, held in protest against the wave of executions in Iran, coincided with the global campaign \u201cTuesdays Against Execution,\u201d and once again reminded the international [&hellip;]<\/p>\n","protected":false},"author":3,"featured_media":31262,"comment_status":"open","ping_status":"open","sticky":false,"template":"","format":"standard","meta":{"footnotes":""},"categories":[30,32,77],"tags":[34,35,46,41],"class_list":["post-31258","post","type-post","status-publish","format-standard","has-post-thumbnail","hentry","category-news","category-activities","category-human-right-and-international-reporting","tag-human-rights","tag-iran","tag-protest","tag-womens-rights"],"_links":{"self":[{"href":"https:\/\/vereinwelle.ch\/fr\/wp-json\/wp\/v2\/posts\/31258","targetHints":{"allow":["GET"]}}],"collection":[{"href":"https:\/\/vereinwelle.ch\/fr\/wp-json\/wp\/v2\/posts"}],"about":[{"href":"https:\/\/vereinwelle.ch\/fr\/wp-json\/wp\/v2\/types\/post"}],"author":[{"embeddable":true,"href":"https:\/\/vereinwelle.ch\/fr\/wp-json\/wp\/v2\/users\/3"}],"replies":[{"embeddable":true,"href":"https:\/\/vereinwelle.ch\/fr\/wp-json\/wp\/v2\/comments?post=31258"}],"version-history":[{"count":1,"href":"https:\/\/vereinwelle.ch\/fr\/wp-json\/wp\/v2\/posts\/31258\/revisions"}],"predecessor-version":[{"id":31264,"href":"https:\/\/vereinwelle.ch\/fr\/wp-json\/wp\/v2\/posts\/31258\/revisions\/31264"}],"wp:featuredmedia":[{"embeddable":true,"href":"https:\/\/vereinwelle.ch\/fr\/wp-json\/wp\/v2\/media\/31262"}],"wp:attachment":[{"href":"https:\/\/vereinwelle.ch\/fr\/wp-json\/wp\/v2\/media?parent=31258"}],"wp:term":[{"taxonomy":"category","embeddable":true,"href":"https:\/\/vereinwelle.ch\/fr\/wp-json\/wp\/v2\/categories?post=31258"},{"taxonomy":"post_tag","embeddable":true,"href":"https:\/\/vereinwelle.ch\/fr\/wp-json\/wp\/v2\/tags?post=31258"}],"curies":[{"name":"wp","href":"https:\/\/api.w.org\/{rel}","templated":true}]}}