{"id":31567,"date":"2025-06-18T12:30:08","date_gmt":"2025-06-18T10:30:08","guid":{"rendered":"https:\/\/vereinwelle.ch\/?p=31567"},"modified":"2025-06-18T16:15:19","modified_gmt":"2025-06-18T14:15:19","slug":"la-vie-des-prisonniers-de-kermanshah-est-gravement-menacee","status":"publish","type":"post","link":"https:\/\/vereinwelle.ch\/fr\/lives-of-prisoners-in-kermanshah-at-grave-risk\/","title":{"rendered":"La vie des prisonniers de Kermanshah est gravement menac\u00e9e"},"content":{"rendered":"<h2 class=\"wp-block-heading\">Selon des rapports fiables provenant de sources \u00e0 l'int\u00e9rieur de la prison, la situation dans la prison de Dizel Abad \u00e0 Kermanshah est devenue alarmante le 17 juin 2025.<\/h2>\n\n\n\n<p>Les dix centres de la prison auraient \u00e9t\u00e9 ferm\u00e9s par soudure et il n'y a plus de personnel administratif ni d'officiers de garde dans les sections int\u00e9rieures de la prison. Seuls quelques gardiens restent au poste de garde central.<\/p>\n\n\n\n<p>Une source interne <a href=\"https:\/\/www.google.com\/maps\/place\/Dizel+Abad+Prison\/@34.3385973,47.0554348,17z\/data=!3m1!4b1!4m6!3m5!1s0x3ffaf1fef8c36897:0xf7708c9df3883d83!8m2!3d34.3385973!4d47.0554348!16s%2Fg%2F11gb3yz83c?entry=ttu&amp;g_ep=EgoyMDI1MDYxNi4wIKXMDSoASAFQAw%3D%3D\" data-type=\"link\" data-id=\"https:\/\/www.google.com\/maps\/place\/Dizel+Abad+Prison\/@34.3385973,47.0554348,17z\/data=!3m1!4b1!4m6!3m5!1s0x3ffaf1fef8c36897:0xf7708c9df3883d83!8m2!3d34.3385973!4d47.0554348!16s%2Fg%2F11gb3yz83c?entry=ttu&amp;g_ep=EgoyMDI1MDYxNi4wIKXMDSoASAFQAw%3D%3D\" target=\"_blank\" rel=\"noopener\">Dizel Abad<\/a> Prison rapport\u00e9e :<\/p>\n\n\n\n<blockquote class=\"wp-block-quote is-layout-flow wp-block-quote-is-layout-flow\">\n<p>\"Toutes les portes ont \u00e9t\u00e9 soud\u00e9es. Il n'y a pas de personnel ni d'agents \u00e0 l'int\u00e9rieur. Il n'y a que quelques gardes arm\u00e9s dans la section des gardes int\u00e9rieurs. La situation est tr\u00e8s suspecte et il semble que quelque chose de grave soit sur le point de se produire.<\/p>\n<\/blockquote>\n\n\n\n<p>Cette situation a suscit\u00e9 une grande inqui\u00e9tude parmi les familles des prisonniers et les d\u00e9fenseurs des droits de l'homme. Certains analystes ont pr\u00e9venu que la fermeture des portes et l'\u00e9vacuation du personnel pourraient \u00eatre le pr\u00e9lude \u00e0 un incident ou \u00e0 une r\u00e9pression.<\/p>\n\n\n\n<p>\u00c0 l'heure actuelle, aucun responsable n'a expliqu\u00e9 ces mesures, ce qui laisse la situation des prisonniers dans l'incertitude. Les inqui\u00e9tudes concernant la perte de contact des prisonniers avec leur famille et l'absence de surveillance ext\u00e9rieure se sont fortement accrues.<\/p>\n\n\n\n<figure class=\"wp-block-image size-large\"><img fetchpriority=\"high\" decoding=\"async\" width=\"1024\" height=\"538\" src=\"https:\/\/vereinwelle.ch\/wp-content\/uploads\/2025\/06\/Dizel-Abad-1024x538.jpg\" alt=\"\" class=\"wp-image-31582\" srcset=\"https:\/\/vereinwelle.ch\/wp-content\/uploads\/2025\/06\/Dizel-Abad-1024x538.jpg 1024w, https:\/\/vereinwelle.ch\/wp-content\/uploads\/2025\/06\/Dizel-Abad-300x158.jpg 300w, https:\/\/vereinwelle.ch\/wp-content\/uploads\/2025\/06\/Dizel-Abad-768x403.jpg 768w, https:\/\/vereinwelle.ch\/wp-content\/uploads\/2025\/06\/Dizel-Abad-18x9.jpg 18w, https:\/\/vereinwelle.ch\/wp-content\/uploads\/2025\/06\/Dizel-Abad.jpg 1323w\" sizes=\"(max-width: 1024px) 100vw, 1024px\" \/><\/figure>\n\n\n\n<h2 class=\"wp-block-heading\">Tirer sur des prisonniers innocents<\/h2>\n\n\n\n<p><br>Hier, 16 juin 2025, une attaque au missile a vis\u00e9 un d\u00e9p\u00f4t de munitions pr\u00e8s de la prison de Dizel Abad \u00e0 Kermanshah. Suite \u00e0 cette attaque, des sources inform\u00e9es et des familles de prisonniers ont fait \u00e9tat d'une \u00e9meute g\u00e9n\u00e9ralis\u00e9e et de l'utilisation d'armes \u00e0 feu par les gardiens de prison. Selon ces sources, au moins neuf prisonniers ont perdu la vie \u00e0 la suite de l'incident, et un nombre ind\u00e9termin\u00e9 a \u00e9t\u00e9 bless\u00e9.<\/p>\n\n\n\n<p>Au lieu de sauver la vie des prisonniers et de les mettre en s\u00e9curit\u00e9, les forces sp\u00e9ciales anti-\u00e9meutes sont arriv\u00e9es et ont utilis\u00e9 des plombs de chasse, des gaz lacrymog\u00e8nes et d'autres mesures r\u00e9pressives pour contr\u00f4ler la situation. Des sources proches des familles affirment que certaines portes de la prison ont \u00e9t\u00e9 soud\u00e9es pour emp\u00eacher tout mouvement.<\/p>\n\n\n\n<p>Les prisonniers et leurs familles <a href=\"https:\/\/vereinwelle.ch\/fr\/des-prisonniers-demandent-leur-liberation-en-temps-de-guerre\/\" data-type=\"link\" data-id=\"https:\/\/vereinwelle.ch\/prisoners-demand-wartime-release\/\">nous appellent <\/a>pour signaler une situation pr\u00e9occupante. Soyons leur voix !<\/p>\n\n\n\n<p><\/p>","protected":false},"excerpt":{"rendered":"<p>According to reliable reports from sources inside the prison, the situation in Dizel Abad Prison in Kermanshah has become alarmingly critical on June 17, 2025. All of the prison&#8217;s ten centers have reportedly been welded shut, and there is no administrative staff or guard officers present in the interior sections of the prison. Only a [&hellip;]<\/p>\n","protected":false},"author":3,"featured_media":31568,"comment_status":"open","ping_status":"open","sticky":false,"template":"","format":"standard","meta":{"footnotes":""},"categories":[32,30],"tags":[34,35,98],"class_list":["post-31567","post","type-post","status-publish","format-standard","has-post-thumbnail","hentry","category-activities","category-news","tag-human-rights","tag-iran","tag-stop-executions-in-iran"],"_links":{"self":[{"href":"https:\/\/vereinwelle.ch\/fr\/wp-json\/wp\/v2\/posts\/31567","targetHints":{"allow":["GET"]}}],"collection":[{"href":"https:\/\/vereinwelle.ch\/fr\/wp-json\/wp\/v2\/posts"}],"about":[{"href":"https:\/\/vereinwelle.ch\/fr\/wp-json\/wp\/v2\/types\/post"}],"author":[{"embeddable":true,"href":"https:\/\/vereinwelle.ch\/fr\/wp-json\/wp\/v2\/users\/3"}],"replies":[{"embeddable":true,"href":"https:\/\/vereinwelle.ch\/fr\/wp-json\/wp\/v2\/comments?post=31567"}],"version-history":[{"count":3,"href":"https:\/\/vereinwelle.ch\/fr\/wp-json\/wp\/v2\/posts\/31567\/revisions"}],"predecessor-version":[{"id":31583,"href":"https:\/\/vereinwelle.ch\/fr\/wp-json\/wp\/v2\/posts\/31567\/revisions\/31583"}],"wp:featuredmedia":[{"embeddable":true,"href":"https:\/\/vereinwelle.ch\/fr\/wp-json\/wp\/v2\/media\/31568"}],"wp:attachment":[{"href":"https:\/\/vereinwelle.ch\/fr\/wp-json\/wp\/v2\/media?parent=31567"}],"wp:term":[{"taxonomy":"category","embeddable":true,"href":"https:\/\/vereinwelle.ch\/fr\/wp-json\/wp\/v2\/categories?post=31567"},{"taxonomy":"post_tag","embeddable":true,"href":"https:\/\/vereinwelle.ch\/fr\/wp-json\/wp\/v2\/tags?post=31567"}],"curies":[{"name":"wp","href":"https:\/\/api.w.org\/{rel}","templated":true}]}}