{"id":31576,"date":"2025-06-18T10:19:50","date_gmt":"2025-06-18T08:19:50","guid":{"rendered":"https:\/\/vereinwelle.ch\/?p=31576"},"modified":"2025-06-19T21:09:23","modified_gmt":"2025-06-19T19:09:23","slug":"les-prisonniers-demandent-a-etre-liberes-pendant-la-guerre","status":"publish","type":"post","link":"https:\/\/vereinwelle.ch\/fr\/prisoners-demand-release-during-war\/","title":{"rendered":"Des prisonniers demandent \u00e0 \u00eatre lib\u00e9r\u00e9s pendant la guerre"},"content":{"rendered":"<p><strong>Prison d'Evin, octobre 2022<\/strong> - Un incendie mortel s'est d\u00e9clar\u00e9 au cours d'une op\u00e9ration de r\u00e9pression des d\u00e9tenus \u00e0 l'int\u00e9rieur de l'\u00e9tablissement. L'incident a fait de nombreux morts et bless\u00e9s parmi les prisonniers et a donn\u00e9 lieu \u00e0 de nombreuses accusations de dissimulation et de n\u00e9gligence de la part de l'\u00c9tat. Selon le rapport, le r\u00e9gime iranien a emp\u00each\u00e9 les ambulances d'entrer et des dizaines de personnes ont \u00e9t\u00e9 tu\u00e9es par des tirs.<\/p>\n\n\n\n<p>Les prisonniers politiques d\u00e9tenus dans les prisons d'Evin, du Grand T\u00e9h\u00e9ran et de Qarchak ont lanc\u00e9 un appel \u00e0 l'aide. <strong>d\u00e9claration commune urgente<\/strong>Avec les menaces croissantes d'escalade militaire et les avertissements d'\u00e9vacuation de T\u00e9h\u00e9ran, l'article 211 de la directive de guerre de la R\u00e9publique islamique est invoqu\u00e9. Ce r\u00e8glement, adopt\u00e9 pendant la guerre Iran-Irak, autorise la lib\u00e9ration temporaire de d\u00e9tenus non dangereux en cas d'urgence afin de pr\u00e9server la vie humaine. Face aux menaces croissantes d'escalade militaire et aux avertissements d'\u00e9vacuation de T\u00e9h\u00e9ran, les prisonniers r\u00e9clament l'application imm\u00e9diate de cette loi. Ils avertissent que <strong>le maintien en d\u00e9tention dans des prisons dangereuses et surpeupl\u00e9es, sous la menace d'une guerre, \u00e9quivaut \u00e0 une condamnation \u00e0 mort<\/strong>.<\/p>\n\n\n\n<h2 class=\"wp-block-heading\"><strong>Principales demandes de la d\u00e9claration<\/strong><\/h2>\n\n\n\n<ul class=\"wp-block-list\">\n<li><strong>Publication imm\u00e9diate<\/strong> des prisonniers politiques et de conscience en vertu du droit de la guerre<br><\/li>\n\n\n\n<li><strong>Evacuation des quartiers \u00e0 haut risque des prisons<\/strong>en particulier ceux qui ne disposent pas de dispositifs de s\u00e9curit\u00e9 incendie et de sorties de secours<br><\/li>\n\n\n\n<li><strong>R\u00e9tablissement du contact t\u00e9l\u00e9phonique<\/strong> avec les familles et les repr\u00e9sentants l\u00e9gaux<br><\/li>\n<\/ul>\n\n\n\n<p><strong>Intervention internationale<\/strong> pr\u00e9venir une catastrophe humanitaire imminente<\/p>\n\n\n\n<p>Les prisonniers citent la <strong>les r\u00e9cents \u00e9v\u00e9nements meurtriers survenus en <a href=\"https:\/\/vereinwelle.ch\/fr\/la-vie-des-prisonniers-de-kermanshah-est-gravement-menacee\/\" data-type=\"link\" data-id=\"https:\/\/vereinwelle.ch\/lives-of-prisoners-in-kermanshah-at-grave-risk\/\">Prison de Dizel-Abad <\/a>(Kermanshah)<\/strong> comme un exemple gla\u00e7ant de ce qui pourrait se passer dans d'autres installations.<\/p>\n\n\n\n<p>Suite aux dommages structurels caus\u00e9s par les explosions \u00e0 proximit\u00e9, les d\u00e9tenus ont tent\u00e9 de fuir vers des zones plus s\u00fbres \u00e0 l'int\u00e9rieur de l'enceinte. En r\u00e9ponse, <strong>les gardiens de prison ont ouvert le feu<\/strong>, ce qui donne <strong>au moins 15 prisonniers tu\u00e9s<\/strong> et des dizaines de bless\u00e9s, selon des rapports ind\u00e9pendants.<\/p>\n\n\n\n<p>Cette d\u00e9claration rappelle \u00e9galement deux pr\u00e9c\u00e9dents tristement c\u00e9l\u00e8bres :<\/p>\n\n\n\n<ul class=\"wp-block-list\">\n<li><strong>Le massacre de la prison de 1988<\/strong>Des milliers de prisonniers politiques, dont beaucoup \u00e9taient d\u00e9tenus \u00e0 Evin, ont \u00e9t\u00e9 sommairement ex\u00e9cut\u00e9s \u00e0 huis clos.<br><\/li>\n\n\n\n<li><strong>L'incendie d'octobre 2022 \u00e0 Evin<\/strong>o\u00f9 les autorit\u00e9s ont dissimul\u00e9 l'ampleur du nombre de morts et de bless\u00e9s \u00e0 la suite d'un incendie et d'une r\u00e9pression arm\u00e9e qui ont ravag\u00e9 l'\u00e9tablissement.<br><\/li>\n<\/ul>\n\n\n\n<p>\"Ces \u00e9v\u00e9nements prouvent que le r\u00e9gime ne prot\u00e8ge pas les personnes qu'il d\u00e9tient. Si la guerre atteint T\u00e9h\u00e9ran, les prisonniers seront abandonn\u00e9s aux flammes ou enterr\u00e9s sous les d\u00e9combres\", peut-on lire dans la d\u00e9claration.<\/p>\n\n\n\n<h2 class=\"wp-block-heading\"><strong>Un appel de derri\u00e8re les murs<\/strong><\/h2>\n\n\n\n<p>Les familles des prisonniers politiques, profond\u00e9ment alarm\u00e9es, exigent une pression internationale urgente pour obtenir la lib\u00e9ration des prisonniers politiques. <strong>lib\u00e9ration imm\u00e9diate et inconditionnelle en temps de guerre<\/strong> des d\u00e9tenus - avant qu'une autre trag\u00e9die irr\u00e9versible ne se produise.<\/p>\n\n\n\n<p>\"Les bombes ne reconnaissent pas l'innocence. Le monde doit agir avant que l'histoire ne se r\u00e9p\u00e8te en silence.\"<\/p>","protected":false},"excerpt":{"rendered":"<p>Evin Prison, October 2022 \u2013 A deadly fire broke out during a crackdown on inmates inside the facility. The incident left multiple prisoners dead or injured amid widespread accusations of a state cover-up and negligence. According to the report, the Iranian regime prevented ambulances from entering, and dozens were killed by gunfire Political prisoners held [&hellip;]<\/p>\n","protected":false},"author":1,"featured_media":31577,"comment_status":"open","ping_status":"open","sticky":false,"template":"","format":"standard","meta":{"footnotes":""},"categories":[30],"tags":[],"class_list":["post-31576","post","type-post","status-publish","format-standard","has-post-thumbnail","hentry","category-news"],"_links":{"self":[{"href":"https:\/\/vereinwelle.ch\/fr\/wp-json\/wp\/v2\/posts\/31576","targetHints":{"allow":["GET"]}}],"collection":[{"href":"https:\/\/vereinwelle.ch\/fr\/wp-json\/wp\/v2\/posts"}],"about":[{"href":"https:\/\/vereinwelle.ch\/fr\/wp-json\/wp\/v2\/types\/post"}],"author":[{"embeddable":true,"href":"https:\/\/vereinwelle.ch\/fr\/wp-json\/wp\/v2\/users\/1"}],"replies":[{"embeddable":true,"href":"https:\/\/vereinwelle.ch\/fr\/wp-json\/wp\/v2\/comments?post=31576"}],"version-history":[{"count":3,"href":"https:\/\/vereinwelle.ch\/fr\/wp-json\/wp\/v2\/posts\/31576\/revisions"}],"predecessor-version":[{"id":31594,"href":"https:\/\/vereinwelle.ch\/fr\/wp-json\/wp\/v2\/posts\/31576\/revisions\/31594"}],"wp:featuredmedia":[{"embeddable":true,"href":"https:\/\/vereinwelle.ch\/fr\/wp-json\/wp\/v2\/media\/31577"}],"wp:attachment":[{"href":"https:\/\/vereinwelle.ch\/fr\/wp-json\/wp\/v2\/media?parent=31576"}],"wp:term":[{"taxonomy":"category","embeddable":true,"href":"https:\/\/vereinwelle.ch\/fr\/wp-json\/wp\/v2\/categories?post=31576"},{"taxonomy":"post_tag","embeddable":true,"href":"https:\/\/vereinwelle.ch\/fr\/wp-json\/wp\/v2\/tags?post=31576"}],"curies":[{"name":"wp","href":"https:\/\/api.w.org\/{rel}","templated":true}]}}