{"id":31631,"date":"2025-06-27T00:25:17","date_gmt":"2025-06-26T22:25:17","guid":{"rendered":"https:\/\/vereinwelle.ch\/?p=31631"},"modified":"2025-07-05T23:16:01","modified_gmt":"2025-07-05T21:16:01","slug":"disparition-dali-younesi-et-dahmadreza-djalali","status":"publish","type":"post","link":"https:\/\/vereinwelle.ch\/fr\/disappearance-of-ali-younesi-and-ahmadreza-djalali\/","title":{"rendered":"Disparition d'Ali Younesi"},"content":{"rendered":"<p>Dans le chaos qui a suivi l'attaque, les autorit\u00e9s p\u00e9nitentiaires ont commenc\u00e9 \u00e0 transf\u00e9rer des d\u00e9tenus en masse vers des lieux inconnus. Parmi les personnes disparues, on trouve <a href=\"https:\/\/vereinwelle.ch\/fr\/blog-story-of-resilience-3-2-2\/\" data-type=\"link\" data-id=\"https:\/\/vereinwelle.ch\/blog-story-of-resilience-3-2-2\/\">Ali Younesi<\/a>Il s'agit d'un \u00e9tudiant dou\u00e9 et d'un m\u00e9daill\u00e9 d'or international aux Olympiades des sciences. Il avait \u00e9t\u00e9 emprisonn\u00e9 pour des motifs politiques et n'avait pas eu droit \u00e0 un proc\u00e8s \u00e9quitable. Sa s\u0153ur, Aida Younesi, a exprim\u00e9 publiquement sa profonde inqui\u00e9tude, d\u00e9clarant qu'Ali avait \u00e9t\u00e9 transf\u00e9r\u00e9 dans un lieu tenu secret. La famille n'a re\u00e7u aucune information sur son \u00e9tat de sant\u00e9 ou sur le lieu o\u00f9 il se trouve. La sant\u00e9 de leur m\u00e8re se serait d\u00e9t\u00e9rior\u00e9e en cons\u00e9quence. Les d\u00e9tenus ont protest\u00e9 contre sa disparition en se rassemblant dans la cour de la prison et en exigeant des r\u00e9ponses.<\/p>\n\n\n\n<p><\/p>","protected":false},"excerpt":{"rendered":"<p>Amid the chaos that followed the attack, the prison authorities began transferring detainees en masse to unknown locations. Among those who have disappeared is Ali Younesi, a gifted student and international gold medallist in the Science Olympiad. He was previously imprisoned on political charges and denied a fair trial. His sister, Aida Younesi, has publicly [&hellip;]<\/p>\n","protected":false},"author":3,"featured_media":31633,"comment_status":"open","ping_status":"open","sticky":false,"template":"","format":"standard","meta":{"footnotes":""},"categories":[30,74,33],"tags":[34,90,98],"class_list":["post-31631","post","type-post","status-publish","format-standard","has-post-thumbnail","hentry","category-news","category-saving-peaceful-protesters","category-stories-and-testimonies","tag-human-rights","tag-iranian-political-prisoners","tag-stop-executions-in-iran"],"_links":{"self":[{"href":"https:\/\/vereinwelle.ch\/fr\/wp-json\/wp\/v2\/posts\/31631","targetHints":{"allow":["GET"]}}],"collection":[{"href":"https:\/\/vereinwelle.ch\/fr\/wp-json\/wp\/v2\/posts"}],"about":[{"href":"https:\/\/vereinwelle.ch\/fr\/wp-json\/wp\/v2\/types\/post"}],"author":[{"embeddable":true,"href":"https:\/\/vereinwelle.ch\/fr\/wp-json\/wp\/v2\/users\/3"}],"replies":[{"embeddable":true,"href":"https:\/\/vereinwelle.ch\/fr\/wp-json\/wp\/v2\/comments?post=31631"}],"version-history":[{"count":4,"href":"https:\/\/vereinwelle.ch\/fr\/wp-json\/wp\/v2\/posts\/31631\/revisions"}],"predecessor-version":[{"id":31659,"href":"https:\/\/vereinwelle.ch\/fr\/wp-json\/wp\/v2\/posts\/31631\/revisions\/31659"}],"wp:featuredmedia":[{"embeddable":true,"href":"https:\/\/vereinwelle.ch\/fr\/wp-json\/wp\/v2\/media\/31633"}],"wp:attachment":[{"href":"https:\/\/vereinwelle.ch\/fr\/wp-json\/wp\/v2\/media?parent=31631"}],"wp:term":[{"taxonomy":"category","embeddable":true,"href":"https:\/\/vereinwelle.ch\/fr\/wp-json\/wp\/v2\/categories?post=31631"},{"taxonomy":"post_tag","embeddable":true,"href":"https:\/\/vereinwelle.ch\/fr\/wp-json\/wp\/v2\/tags?post=31631"}],"curies":[{"name":"wp","href":"https:\/\/api.w.org\/{rel}","templated":true}]}}