{"id":31689,"date":"2025-07-14T13:34:56","date_gmt":"2025-07-14T11:34:56","guid":{"rendered":"https:\/\/vereinwelle.ch\/?p=31689"},"modified":"2025-07-14T13:49:06","modified_gmt":"2025-07-14T11:49:06","slug":"le-sit-in-en-suisse-met-en-lumiere-les-conditions-de-detention-inhumaines-en-iran","status":"publish","type":"post","link":"https:\/\/vereinwelle.ch\/fr\/sit-in-in-switzerland-highlight-the-inhumane-prison-conditions-in-iran\/","title":{"rendered":"Sit-in en Suisse pour d\u00e9noncer les conditions de d\u00e9tention inhumaines en Iran"},"content":{"rendered":"<figure class=\"wp-block-image aligncenter size-large\"><img fetchpriority=\"high\" decoding=\"async\" width=\"1024\" height=\"381\" src=\"https:\/\/vereinwelle.ch\/wp-content\/uploads\/2025\/07\/V2-1024x381.jpg\" alt=\"\" class=\"wp-image-31693\" srcset=\"https:\/\/vereinwelle.ch\/wp-content\/uploads\/2025\/07\/V2-1024x381.jpg 1024w, https:\/\/vereinwelle.ch\/wp-content\/uploads\/2025\/07\/V2-300x112.jpg 300w, https:\/\/vereinwelle.ch\/wp-content\/uploads\/2025\/07\/V2-768x285.jpg 768w, https:\/\/vereinwelle.ch\/wp-content\/uploads\/2025\/07\/V2-18x7.jpg 18w, https:\/\/vereinwelle.ch\/wp-content\/uploads\/2025\/07\/V2.jpg 1278w\" sizes=\"(max-width: 1024px) 100vw, 1024px\" \/><\/figure>\n\n\n\n<p>Ces derniers jours, des d\u00e9fenseurs des droits de l'homme et des membres de la diaspora iranienne ont organis\u00e9 de puissants sit-in pacifiques dans plusieurs villes de Suisse, dont <strong>Zurich, Gen\u00e8ve et Berne<\/strong>. Leur objectif in\u00e9branlable : sensibiliser d'urgence la communaut\u00e9 internationale \u00e0 la d\u00e9t\u00e9rioration rapide des conditions de d\u00e9tention des prisonniers politiques dans le tristement c\u00e9l\u00e8bre syst\u00e8me p\u00e9nitentiaire iranien.<\/p>\n\n\n\n<p>Les participants ont courageusement brandi des photos de militants emprisonn\u00e9s, d'\u00e9crivains courageux et de dirigeants de la soci\u00e9t\u00e9 civile r\u00e9sistants - dont de nombreuses femmes - actuellement d\u00e9tenus dans les prisons iraniennes. Les sit-in ont \u00e9t\u00e9 marqu\u00e9s par des pancartes poignantes portant des messages qui ont trouv\u00e9 un \u00e9cho profond : <strong>\"Sauver les prisonniers politiques\", \"Arr\u00eater les ex\u00e9cutions\" et \"La libert\u00e9 maintenant\".<\/strong><\/p>\n\n\n\n<p>Au-del\u00e0 des puissantes banni\u00e8res de protestation, les organisateurs ont judicieusement install\u00e9 des tables de livres charg\u00e9es de documents essentiels. Ces ressources d\u00e9crivaient la sinistre histoire de la r\u00e9pression politique en Iran, mettaient en lumi\u00e8re les r\u00e9alit\u00e9s effroyables des prisons telles que Qarchak et Evin, et d\u00e9crivaient les cadres juridiques internationaux relatifs aux droits des prisonniers. Les manifestants ont activement dialogu\u00e9 avec les passants, les informant des conditions horribles qui r\u00e8gnent dans les centres de d\u00e9tention iraniens et lan\u00e7ant un appel clair pour que le monde entier s'en pr\u00e9occupe et agisse de toute urgence.<\/p>\n\n\n\n<h2 class=\"wp-block-heading\">Une urgence morale : les conditions de d\u00e9tention dans les prisons iraniennes<\/h2>\n\n\n\n<p>Ces \u00e9v\u00e9nements marquants ont \u00e9t\u00e9 organis\u00e9s en r\u00e9ponse directe \u00e0 une augmentation alarmante des rapports d\u00e9taillant les graves violations des droits de l'homme dans les prisons iraniennes. Les femmes incarc\u00e9r\u00e9es en <strong>Prison de Qarchak<\/strong> se verraient refuser l'acc\u00e8s \u00e0 l'eau potable, souffriraient de graves p\u00e9nuries alimentaires et, dans certains cas poignants, recevraient m\u00eame de la nourriture contamin\u00e9e. Le surpeuplement, la n\u00e9gligence m\u00e9dicale d\u00e9lib\u00e9r\u00e9e et la torture psychologique brutale restent des probl\u00e8mes persistants et syst\u00e9miques.<\/p>\n\n\n\n<p>Razieh, un ancien prisonnier politique qui a \u00e9t\u00e9 d\u00e9tenu dans le centre de d\u00e9tention de T\u00e9h\u00e9ran, a \u00e9t\u00e9 condamn\u00e9 \u00e0 une peine d'emprisonnement d'une dur\u00e9e de trois ans. <strong>Prison d'Evin<\/strong>Elle a partag\u00e9 son t\u00e9moignage profond\u00e9ment personnel et \u00e9mouvant avec une \u00e9motion brute :<\/p>\n\n\n\n<p>\"En pensant \u00e0 mes amis qui se trouvent aujourd'hui dans la prison de Qarchak, sans acc\u00e8s \u00e0 de l'eau potable, sans nourriture appropri\u00e9e - ou pire, avec des repas empoisonn\u00e9s - je pense que je n'ai pas d'autre choix que d'agir. Je ne peux pas rester silencieuse. Je dois faire tout ce qui est en mon pouvoir.<\/p>\n\n\n\n<p>Elle a soulign\u00e9 avec force que ce qui se passe dans les prisons iraniennes n'est rien d'autre qu'une <strong>urgence morale<\/strong>-Une situation qui exige une attention internationale imm\u00e9diate et in\u00e9branlable.<\/p>\n\n\n\n<h2 class=\"wp-block-heading\">Appel \u00e0 l'action internationale<\/h2>\n\n\n\n<figure class=\"wp-block-image aligncenter size-large\"><img decoding=\"async\" width=\"1024\" height=\"421\" src=\"https:\/\/vereinwelle.ch\/wp-content\/uploads\/2025\/07\/V3-1024x421.jpg\" alt=\"\" class=\"wp-image-31694\" srcset=\"https:\/\/vereinwelle.ch\/wp-content\/uploads\/2025\/07\/V3-1024x421.jpg 1024w, https:\/\/vereinwelle.ch\/wp-content\/uploads\/2025\/07\/V3-300x123.jpg 300w, https:\/\/vereinwelle.ch\/wp-content\/uploads\/2025\/07\/V3-768x316.jpg 768w, https:\/\/vereinwelle.ch\/wp-content\/uploads\/2025\/07\/V3-18x7.jpg 18w, https:\/\/vereinwelle.ch\/wp-content\/uploads\/2025\/07\/V3.jpg 1187w\" sizes=\"(max-width: 1024px) 100vw, 1024px\" \/><\/figure>\n\n\n\n<p>Les organisateurs de ces sit-in critiques ont lanc\u00e9 un appel pressant \u00e0 la communaut\u00e9 internationale : ils ne doivent pas se contenter de simples d\u00e9clarations d'inqui\u00e9tude. Ils demandent instamment \u00e0 la <strong>Conseil des droits de l'homme des Nations unies<\/strong> et tous les organes comp\u00e9tents en mati\u00e8re de droits de l'homme \u00e0 lancer une campagne d'information sur les droits de l'homme. <strong>mission d'enqu\u00eate ind\u00e9pendante<\/strong> d'enqu\u00eater de mani\u00e8re approfondie sur le traitement scandaleux des prisonniers politiques en Iran. Ils implorent aussi express\u00e9ment les gouvernements europ\u00e9ens, y compris la Suisse, d'utiliser toutes les voies diplomatiques et juridiques disponibles pour exercer une pression maximale sur les autorit\u00e9s iraniennes en vue de l'obtention du statut de prisonnier politique. <strong>lib\u00e9ration imm\u00e9diate de tous les prisonniers d'opinion<\/strong> et la fin du cycle horrible des ex\u00e9cutions et des d\u00e9tentions arbitraires.<\/p>\n\n\n\n<p>Ces manifestations pacifiques dans toute la Suisse ont constitu\u00e9 non seulement un acte de solidarit\u00e9 profond avec ceux qui souffrent, mais aussi un rappel puissant et ind\u00e9niable que le silence et l'inaction face \u00e0 l'injustice syst\u00e9mique ne font qu'enhardir ses auteurs.<\/p>\n\n\n\n<h2 class=\"wp-block-heading\">Rejoignez le combat pour la justice !<\/h2>\n\n\n\n<p>Les actions courageuses des d\u00e9fenseurs des droits de l'homme en Suisse soulignent l'urgence d'une solidarit\u00e9 mondiale. Nous ne pouvons pas rester les bras crois\u00e9s alors que des vies innocentes sont menac\u00e9es dans les prisons iraniennes.<\/p>\n\n\n\n<ul class=\"wp-block-list\">\n<li><strong>Soutenir les enqu\u00eates :<\/strong> Plaider en faveur de missions d'enqu\u00eate ind\u00e9pendantes pour faire \u00e9clater la v\u00e9rit\u00e9 sur les prisons iraniennes.<\/li>\n\n\n\n<li><strong>Soutenir Verein Welle :<\/strong> Vos contributions nous permettent de poursuivre notre travail vital en documentant les abus, en soutenant les familles et en plaidant pour la lib\u00e9ration des prisonniers politiques.<\/li>\n<\/ul>\n\n\n\n<p>Unissons-nous pour exiger la fin de ces atrocit\u00e9s et faire en sorte que les appels lanc\u00e9s depuis les prisons iraniennes soient entendus dans le monde entier.<\/p>","protected":false},"excerpt":{"rendered":"<p>In recent days, human rights defenders and members of the Iranian diaspora have staged powerful, peaceful sit-ins across several Swiss cities \u2014 including Zurich, Geneva, and Bern. Their unwavering goal: to urgently raise international awareness about the rapidly deteriorating conditions of political prisoners within Iran\u2019s notorious prison system. Participants bravely held aloft photos of imprisoned [&hellip;]<\/p>\n","protected":false},"author":1,"featured_media":31692,"comment_status":"open","ping_status":"open","sticky":false,"template":"","format":"standard","meta":{"footnotes":""},"categories":[81,30],"tags":[],"class_list":["post-31689","post","type-post","status-publish","format-standard","has-post-thumbnail","hentry","category-human-rights-violations-in-iran","category-news"],"_links":{"self":[{"href":"https:\/\/vereinwelle.ch\/fr\/wp-json\/wp\/v2\/posts\/31689","targetHints":{"allow":["GET"]}}],"collection":[{"href":"https:\/\/vereinwelle.ch\/fr\/wp-json\/wp\/v2\/posts"}],"about":[{"href":"https:\/\/vereinwelle.ch\/fr\/wp-json\/wp\/v2\/types\/post"}],"author":[{"embeddable":true,"href":"https:\/\/vereinwelle.ch\/fr\/wp-json\/wp\/v2\/users\/1"}],"replies":[{"embeddable":true,"href":"https:\/\/vereinwelle.ch\/fr\/wp-json\/wp\/v2\/comments?post=31689"}],"version-history":[{"count":2,"href":"https:\/\/vereinwelle.ch\/fr\/wp-json\/wp\/v2\/posts\/31689\/revisions"}],"predecessor-version":[{"id":31695,"href":"https:\/\/vereinwelle.ch\/fr\/wp-json\/wp\/v2\/posts\/31689\/revisions\/31695"}],"wp:featuredmedia":[{"embeddable":true,"href":"https:\/\/vereinwelle.ch\/fr\/wp-json\/wp\/v2\/media\/31692"}],"wp:attachment":[{"href":"https:\/\/vereinwelle.ch\/fr\/wp-json\/wp\/v2\/media?parent=31689"}],"wp:term":[{"taxonomy":"category","embeddable":true,"href":"https:\/\/vereinwelle.ch\/fr\/wp-json\/wp\/v2\/categories?post=31689"},{"taxonomy":"post_tag","embeddable":true,"href":"https:\/\/vereinwelle.ch\/fr\/wp-json\/wp\/v2\/tags?post=31689"}],"curies":[{"name":"wp","href":"https:\/\/api.w.org\/{rel}","templated":true}]}}