{"id":31725,"date":"2025-08-10T02:31:15","date_gmt":"2025-08-10T00:31:15","guid":{"rendered":"https:\/\/vereinwelle.ch\/?p=31725"},"modified":"2025-08-10T02:31:17","modified_gmt":"2025-08-10T00:31:17","slug":"dune-prison-bombardee-a-la-cour-dexecution","status":"publish","type":"post","link":"https:\/\/vereinwelle.ch\/fr\/from-a-bombed-out-prison-to-the-execution-yard\/","title":{"rendered":"D'une prison bombard\u00e9e \u00e0 la cour d'ex\u00e9cution"},"content":{"rendered":"<h2 class=\"wp-block-heading\"><strong>Transfert massif vers la prison d'Evin au milieu des ruines - Puis, 5 prisonniers politiques sont emmen\u00e9s de force \u00e0 Ghezel Hesar<\/strong><\/h2>\n\n\n\n<p>Le 7 ao\u00fbt 2025, les autorit\u00e9s iraniennes ont commenc\u00e9 \u00e0 transf\u00e9rer \u00e0 grande \u00e9chelle, sans pr\u00e9avis, plus de <a href=\"https:\/\/vereinwelle.ch\/fr\/projets\/situation-durgence-des-prisonniers-en-iran\/\" data-type=\"link\" data-id=\"https:\/\/vereinwelle.ch\/projects\/emergency-situation-of-prisoners-in-iran\/\">600 prisonniers de<\/a> De la prison du Grand T\u00e9h\u00e9ran (Fashafouyeh) \u00e0 la prison d'Evin. Il s'agissait de d\u00e9tenus politiques, de d\u00e9tenus pour raisons de s\u00e9curit\u00e9 et de d\u00e9tenus pour raisons financi\u00e8res. Cependant, Evin est actuellement <strong>incapable<\/strong> de d\u00e9tenir des prisonniers. La prison \u00e9tait <strong>gravement endommag\u00e9<\/strong> au cours de la <strong>\"Tir de missile \"Guerre des 12 jours<\/strong> et est aujourd'hui partiellement d\u00e9truite, d\u00e9pourvue d'installations sanitaires de base, d'infrastructures et de s\u00e9curit\u00e9.<\/p>\n\n\n\n<p>Le retour des prisonniers dans cet \u00e9tablissement peu s\u00fbr et en ruine est <strong>Ce n'est pas seulement irresponsable, c'est inhumain.<\/strong>. Mais la suite a \u00e9t\u00e9 encore plus alarmante.<\/p>\n\n\n\n<h2 class=\"wp-block-heading\"><strong>Pas un transfert - une saisie violente<\/strong><\/h2>\n\n\n\n<p>Alors que plusieurs bus transportant des prisonniers partaient pour la prison d'Evin<strong>Les forces de s\u00e9curit\u00e9 ont pris d'assaut le<\/strong> <strong>v\u00e9hicules \u00e0 mi-parcours<\/strong>. Dans un <strong>op\u00e9ration cibl\u00e9e et pr\u00e9m\u00e9dit\u00e9e<\/strong>, les officiers se sont s\u00e9par\u00e9s <strong><a href=\"https:\/\/vereinwelle.ch\/fr\/projets\/il-est-urgent-de-sauver-5-prisonniers-politiques-de-lexecution\/\" data-type=\"link\" data-id=\"https:\/\/vereinwelle.ch\/projects\/urgent-save-5-political-prisoners-from-execution\/\">5 prisonniers politiques<\/a> <\/strong>des autres, les ont battus et les ont forc\u00e9s \u00e0 descendre des bus. Les hommes ont ensuite \u00e9t\u00e9 secr\u00e8tement transf\u00e9r\u00e9s \u00e0 <strong>Prison de Ghezel Hesar<\/strong> \u00e0 Karaj, l'un des principaux centres d'ex\u00e9cution d'Iran aujourd'hui.<\/p>\n\n\n\n<p>Selon des t\u00e9moins oculaires, des cod\u00e9tenus <strong>a tent\u00e9 de r\u00e9sister \u00e0 l'\u00e9loignement forc\u00e9<\/strong> et d'emp\u00eacher les autorit\u00e9s d'emmener ces cinq personnes. Cependant, ils ont \u00e9t\u00e9 ma\u00eetris\u00e9s par les gardes lourdement arm\u00e9s. Aucune explication n'a \u00e9t\u00e9 donn\u00e9e. Le contact avec les familles n'a pas \u00e9t\u00e9 autoris\u00e9. Aucune justification l\u00e9gale n'a \u00e9t\u00e9 pr\u00e9sent\u00e9e.<\/p>\n\n\n\n<p>Il ne s'agit pas d'une erreur. <strong>Il s'agissait d'un transfert secret dans une zone de mort.<\/strong><\/p>\n\n\n\n<h2 class=\"wp-block-heading\"><strong>Noms des 5 prisonniers politiques risquant d'\u00eatre ex\u00e9cut\u00e9s :<\/strong><\/h2>\n\n\n\n<ol start=\"1\" class=\"wp-block-list\">\n<li><strong>Vahid Bani-Amarian<\/strong><\/li>\n\n\n\n<li><strong>Pouya Ghobadi<\/strong><\/li>\n\n\n\n<li><strong>Babak Alipour<\/strong><\/li>\n\n\n\n<li><strong>Ali Akbar (Shahrokh) Daneshvarkar<\/strong><\/li>\n\n\n\n<li><strong>Seyed Mohammad Taghavi<\/strong><\/li>\n<\/ol>\n\n\n\n<p>En plus de ces cinq personnes, un prisonnier li\u00e9 \u00e0 la s\u00e9curit\u00e9, <strong>Babak Shahbazi<\/strong> (accus\u00e9 d'espionnage au profit d'Isra\u00ebl), a \u00e9galement \u00e9t\u00e9 transf\u00e9r\u00e9 \u00e0 Ghezel Hesar. Ces six personnes risquent <strong>condamnations \u00e0 mort<\/strong>.<\/p>\n\n\n\n<figure class=\"wp-block-image size-full\"><img fetchpriority=\"high\" decoding=\"async\" width=\"1280\" height=\"721\" src=\"https:\/\/vereinwelle.ch\/wp-content\/uploads\/2025\/08\/Welle-action.jpg\" alt=\"\" class=\"wp-image-31727\" srcset=\"https:\/\/vereinwelle.ch\/wp-content\/uploads\/2025\/08\/Welle-action.jpg 1280w, https:\/\/vereinwelle.ch\/wp-content\/uploads\/2025\/08\/Welle-action-300x169.jpg 300w, https:\/\/vereinwelle.ch\/wp-content\/uploads\/2025\/08\/Welle-action-1024x577.jpg 1024w, https:\/\/vereinwelle.ch\/wp-content\/uploads\/2025\/08\/Welle-action-768x433.jpg 768w, https:\/\/vereinwelle.ch\/wp-content\/uploads\/2025\/08\/Welle-action-18x10.jpg 18w\" sizes=\"(max-width: 1280px) 100vw, 1280px\" \/><\/figure>\n\n\n\n<h2 class=\"wp-block-heading\"><strong>Un sch\u00e9ma de disparitions pr\u00e9c\u00e9dant les ex\u00e9cutions<\/strong><\/h2>\n\n\n\n<p>Cette m\u00e9thode - s\u00e9paration soudaine, transfert violent et isolement dans Ghezel Hesar - correspond \u00e0 une m\u00e9thode d'\u00e9valuation de l'efficacit\u00e9 de l'aide. <strong>mod\u00e8le bien document\u00e9<\/strong> utilis\u00e9e par les autorit\u00e9s iraniennes avant d'ex\u00e9cuter les prisonniers politiques. Au d\u00e9but de cette ann\u00e9e, <strong>Mehdi Hassani<\/strong> et <strong>Behrouz Ehsani<\/strong> ont \u00e9t\u00e9 d\u00e9plac\u00e9s de la m\u00eame mani\u00e8re. Quelques jours plus tard, ils ont \u00e9t\u00e9 ex\u00e9cut\u00e9s en toute discr\u00e9tion, sans que leur famille n'en soit inform\u00e9e et sans qu'un recours juridique ne soit possible.<\/p>\n\n\n\n<p>Les six prisonniers politiques ont \u00e9t\u00e9 condamn\u00e9s lors d'une <strong>proc\u00e8s de masse et<\/strong> <strong>ils ont \u00e9t\u00e9 charg\u00e9s de lutter contre dieu<\/strong><em>.!! <\/em>Les avocats se sont vus refuser l'acc\u00e8s \u00e0 la justice ou ont \u00e9t\u00e9 soumis \u00e0 des restrictions. Le proc\u00e8s s'est d\u00e9roul\u00e9 \u00e0 huis clos. De nombreux rapports indiquent que <strong>des aveux forc\u00e9s ont \u00e9t\u00e9 obtenus sous la torture<\/strong>.<\/p>\n\n\n\n<p>Les<a href=\"https:\/\/en.wikipedia.org\/wiki\/Ghezel_Hesar_prison\" data-type=\"link\" data-id=\"https:\/\/iran-hrm.com\/2025\/02\/12\/qezel-hesar-prison-in-karaj-part-1\/\" target=\"_blank\" rel=\"noopener\"> Prison de Ghezel Hesar \u00e0 Karaj<\/a> a vu <strong>des dizaines d'ex\u00e9cutions<\/strong> pour le seul premier semestre 2025. Elle est devenue la plaque tournante de l'ex\u00e9cution des condamnations \u00e0 mort, notamment des prisonniers politiques. La prison souffre de :<\/p>\n\n\n\n<ul class=\"wp-block-list\">\n<li>Surpeuplement s\u00e9v\u00e8re<\/li>\n\n\n\n<li>Manque de soins m\u00e9dicaux<\/li>\n\n\n\n<li>Pas d'acc\u00e8s \u00e0 une repr\u00e9sentation juridique ind\u00e9pendante<\/li>\n\n\n\n<li>Isolement quasi-total pour les condamn\u00e9s \u00e0 mort<\/li>\n<\/ul>\n\n\n\n<p>L'envoi \u00e0 Ghezel Hesar est souvent la <strong>derni\u00e8re \u00e9tape avant de r\u00e9p\u00e9ter un <a href=\"https:\/\/vereinwelle.ch\/fr\/projets\/action-urgente-liran-risque-de-repeter-les-executions-massives-de-1988\/\" data-type=\"link\" data-id=\"https:\/\/vereinwelle.ch\/projects\/urgent-action-iran-risks-repeating-1988-mass-executions\/\">massacre<\/a><\/strong>.<\/p>\n\n\n\n<h2 class=\"wp-block-heading\"><strong>Ce que vous pouvez faire<\/strong><\/h2>\n\n\n\n<p>Nous appelons les organisations internationales de d\u00e9fense des droits de l'homme, les organes des Nations unies, les gouvernements et la soci\u00e9t\u00e9 civile \u00e0 agir imm\u00e9diatement :<\/p>\n\n\n\n<p>Partager les noms et les visages de ces prisonniers<br>Soutenez nos campagnes pour l'abolition de la peine de mort en Iran<\/p>\n\n\n\n<p><strong>Ces cinq hommes ont \u00e9t\u00e9 tir\u00e9s d'une prison en ruine vers les ombres de la mort.<\/strong> <br><strong>Ne les laissez pas tomber dans l'oubli. Votre voix peut leur sauver la vie.<\/strong><\/p>","protected":false},"excerpt":{"rendered":"<p>Mass Transfer to Evin Prison Amid Ruins \u2013 Then, 5 Political Prisoners Are Forcibly Taken to Ghezel Hesar Early on August 7, 2025, Iranian authorities began the unannounced, large-scale transfer of over 600 prisoners from Greater Tehran Prison (Fashafouyeh) to Evin Prison. This included political, security, and financial detainees. However, Evin is currently unable to [&hellip;]<\/p>\n","protected":false},"author":3,"featured_media":31728,"comment_status":"open","ping_status":"open","sticky":false,"template":"","format":"standard","meta":{"footnotes":""},"categories":[32,77,81,30],"tags":[35,98],"class_list":["post-31725","post","type-post","status-publish","format-standard","has-post-thumbnail","hentry","category-activities","category-human-right-and-international-reporting","category-human-rights-violations-in-iran","category-news","tag-iran","tag-stop-executions-in-iran"],"_links":{"self":[{"href":"https:\/\/vereinwelle.ch\/fr\/wp-json\/wp\/v2\/posts\/31725","targetHints":{"allow":["GET"]}}],"collection":[{"href":"https:\/\/vereinwelle.ch\/fr\/wp-json\/wp\/v2\/posts"}],"about":[{"href":"https:\/\/vereinwelle.ch\/fr\/wp-json\/wp\/v2\/types\/post"}],"author":[{"embeddable":true,"href":"https:\/\/vereinwelle.ch\/fr\/wp-json\/wp\/v2\/users\/3"}],"replies":[{"embeddable":true,"href":"https:\/\/vereinwelle.ch\/fr\/wp-json\/wp\/v2\/comments?post=31725"}],"version-history":[{"count":1,"href":"https:\/\/vereinwelle.ch\/fr\/wp-json\/wp\/v2\/posts\/31725\/revisions"}],"predecessor-version":[{"id":31729,"href":"https:\/\/vereinwelle.ch\/fr\/wp-json\/wp\/v2\/posts\/31725\/revisions\/31729"}],"wp:featuredmedia":[{"embeddable":true,"href":"https:\/\/vereinwelle.ch\/fr\/wp-json\/wp\/v2\/media\/31728"}],"wp:attachment":[{"href":"https:\/\/vereinwelle.ch\/fr\/wp-json\/wp\/v2\/media?parent=31725"}],"wp:term":[{"taxonomy":"category","embeddable":true,"href":"https:\/\/vereinwelle.ch\/fr\/wp-json\/wp\/v2\/categories?post=31725"},{"taxonomy":"post_tag","embeddable":true,"href":"https:\/\/vereinwelle.ch\/fr\/wp-json\/wp\/v2\/tags?post=31725"}],"curies":[{"name":"wp","href":"https:\/\/api.w.org\/{rel}","templated":true}]}}