{"id":31752,"date":"2025-09-04T15:16:03","date_gmt":"2025-09-04T13:16:03","guid":{"rendered":"https:\/\/vereinwelle.ch\/?p=31752"},"modified":"2025-10-07T19:18:58","modified_gmt":"2025-10-07T17:18:58","slug":"babak-shahbazi-risque-detre-execute","status":"publish","type":"post","link":"https:\/\/vereinwelle.ch\/fr\/babak-shahbazi-at-risk-of-execution\/","title":{"rendered":"La peine de mort pour un prisonnier innocent"},"content":{"rendered":"<p><em><strong>Mise \u00e0 jour<\/strong>: Le 17 septembre, les m\u00e9dias d'\u00c9tat iraniens ont annonc\u00e9 l'ex\u00e9cution de Babak Shahbazi, qui avait \u00e9t\u00e9 condamn\u00e9 \u00e0 mort pour moharebeh (inimiti\u00e9 envers Dieu) et efsad-fil-arz (corruption sur terre) pour espionnage pr\u00e9sum\u00e9 au profit d'Isra\u00ebl. Les groupes de d\u00e9fense des droits de l'homme affirment que la condamnation repose sur des aveux obtenus sous la torture et que Shahbazi n'a pas b\u00e9n\u00e9fici\u00e9 d'un proc\u00e8s \u00e9quitable et d'une proc\u00e9dure r\u00e9guli\u00e8re.<\/em><\/p>\n\n\n\n<p>Welle a condamn\u00e9 l'ex\u00e9cution dans les termes les plus forts et a exhort\u00e9 la soci\u00e9t\u00e9 civile et la communaut\u00e9 internationale \u00e0 r\u00e9agir \u00e0 ce qu'elle a d\u00e9crit comme un acte criminel.<\/p>\n\n\n\n<p>Babak Shahbazi, prisonnier politique et p\u00e8re de deux enfants, risque d'\u00eatre ex\u00e9cut\u00e9 en Iran dans le cadre d'une nouvelle vague d'arrestations massives et d'une r\u00e9pression s\u00e9v\u00e8re. Son cas est devenu un symbole frappant des violations syst\u00e9matiques des droits de l'homme par le r\u00e9gime cl\u00e9rical, soulignant le besoin urgent d'une intervention internationale.<\/p>\n\n\n\n<p>\u00c0 la suite de crises r\u00e9centes, les forces de s\u00e9curit\u00e9 du r\u00e9gime ont lanc\u00e9 des raids \u00e0 grande \u00e9chelle, d\u00e9tenant des centaines de citoyens dans des conditions inhumaines et leur refusant souvent l'assistance d'un avocat. Verein Welle a constamment organis\u00e9 des campagnes et des appels internationaux pour sauver la vie des prisonniers pris dans cette r\u00e9pression brutale.<\/p>\n\n\n\n<h2 class=\"wp-block-heading\">Le ciblage cruel d'une famille<\/h2>\n\n\n\n<p>L'histoire de Babak Shahbazi illustre la profonde injustice de la situation. Il est le p\u00e8re d'un jeune fils et d'une jeune fille dont la vie a \u00e9t\u00e9 bris\u00e9e par son arrestation. Lors d'un acte de torture psychologique effrayant, les interrogateurs ont dit \u00e0 son jeune fils :<\/p>\n\n\n\n<p><em>\"Dis au revoir \u00e0 ton p\u00e8re, nous allons l'ex\u00e9cuter\".<\/em><\/p>\n\n\n\n<p>Cet acte cruel n'est pas seulement une agression contre la famille d'un prisonnier, mais aussi une violation flagrante de la loi sur les droits de l'homme. <strong>Convention des Nations unies sur les droits de l'enfant<\/strong>dont l'Iran est signataire. Il met en \u00e9vidence la volont\u00e9 du r\u00e9gime d'infliger de profonds traumatismes psychologiques aux personnes les plus vuln\u00e9rables.<\/p>\n\n\n\n<h2 class=\"wp-block-heading\">L'ex\u00e9cution comme arme de r\u00e9pression politique<\/h2>\n\n\n\n<p>Le r\u00e9gime cl\u00e9rical utilise depuis longtemps la peine de mort comme outil politique pour faire taire les dissidents, comme en t\u00e9moignent les ex\u00e9cutions massives des ann\u00e9es 1980. Aujourd'hui, Babak Shahbazi et beaucoup d'autres sont vis\u00e9s non pas pour des crimes, mais pour avoir r\u00e9clam\u00e9 la libert\u00e9 et la justice.<\/p>\n\n\n\n<p>Les organisations internationales de d\u00e9fense des droits de l'homme et les rapporteurs sp\u00e9ciaux des Nations unies ont fermement condamn\u00e9 cette r\u00e9pression, soulignant que ces actions constituent des violations flagrantes du droit \u00e0 la vie et du droit \u00e0 un proc\u00e8s \u00e9quitable.<\/p>\n\n\n\n<h2 class=\"wp-block-heading\">Un appel urgent \u00e0 l'action internationale<\/h2>\n\n\n\n<p>Le silence face \u00e0 de telles atrocit\u00e9s ne fait qu'enhardir le r\u00e9gime cl\u00e9rical. La communaut\u00e9 internationale ne peut rester les bras crois\u00e9s alors que des vies innocentes sont menac\u00e9es. Le cas de Babak Shahbazi est un appel \u00e0 l'action pour tous ceux qui attachent de l'importance \u00e0 la dignit\u00e9 humaine.<\/p>\n\n\n\n<p>Nous demandons instamment aux gouvernements d\u00e9mocratiques, aux organismes internationaux et aux d\u00e9fenseurs des droits de l'homme :<\/p>\n\n\n\n<ul class=\"wp-block-list\">\n<li><strong>Exigez un arr\u00eat imm\u00e9diat :<\/strong> Demander publiquement qu'il soit mis fin \u00e0 l'ex\u00e9cution de Babak Shahbazi et de tous les prisonniers politiques en Iran.<\/li>\n\n\n\n<li><strong>Faire respecter l'obligation de rendre des comptes :<\/strong> Utiliser la pression diplomatique et les m\u00e9canismes internationaux de responsabilisation pour tenir les auteurs responsables.<\/li>\n\n\n\n<li><strong>Amplifier les voix :<\/strong> Partagez largement ces histoires pour que le monde entier connaisse le co\u00fbt humain de la r\u00e9pression en Iran.<\/li>\n<\/ul>\n\n\n\n<p>Sauver la vie de Babak Shahbazi, c'est s'opposer \u00e0 la machine de mort du r\u00e9gime et d\u00e9fendre le droit universel \u00e0 la vie. Chaque jour de retard met de nouvelles vies en danger.<\/p>\n\n\n\n<p><\/p>","protected":false},"excerpt":{"rendered":"<p>Update: Iranian state media on September 17th has reported the execution of Babak Shahbazi, who had been sentenced to death on charges of moharebeh (enmity against God) and efsad-fil-arz (corruption on earth) for alleged espionage on behalf of Israel. Rights groups say the conviction relied on confessions extracted under torture and that Shahbazi was denied [&hellip;]<\/p>\n","protected":false},"author":1,"featured_media":31753,"comment_status":"open","ping_status":"open","sticky":false,"template":"","format":"standard","meta":{"footnotes":""},"categories":[30],"tags":[],"class_list":["post-31752","post","type-post","status-publish","format-standard","has-post-thumbnail","hentry","category-news"],"_links":{"self":[{"href":"https:\/\/vereinwelle.ch\/fr\/wp-json\/wp\/v2\/posts\/31752","targetHints":{"allow":["GET"]}}],"collection":[{"href":"https:\/\/vereinwelle.ch\/fr\/wp-json\/wp\/v2\/posts"}],"about":[{"href":"https:\/\/vereinwelle.ch\/fr\/wp-json\/wp\/v2\/types\/post"}],"author":[{"embeddable":true,"href":"https:\/\/vereinwelle.ch\/fr\/wp-json\/wp\/v2\/users\/1"}],"replies":[{"embeddable":true,"href":"https:\/\/vereinwelle.ch\/fr\/wp-json\/wp\/v2\/comments?post=31752"}],"version-history":[{"count":3,"href":"https:\/\/vereinwelle.ch\/fr\/wp-json\/wp\/v2\/posts\/31752\/revisions"}],"predecessor-version":[{"id":31803,"href":"https:\/\/vereinwelle.ch\/fr\/wp-json\/wp\/v2\/posts\/31752\/revisions\/31803"}],"wp:featuredmedia":[{"embeddable":true,"href":"https:\/\/vereinwelle.ch\/fr\/wp-json\/wp\/v2\/media\/31753"}],"wp:attachment":[{"href":"https:\/\/vereinwelle.ch\/fr\/wp-json\/wp\/v2\/media?parent=31752"}],"wp:term":[{"taxonomy":"category","embeddable":true,"href":"https:\/\/vereinwelle.ch\/fr\/wp-json\/wp\/v2\/categories?post=31752"},{"taxonomy":"post_tag","embeddable":true,"href":"https:\/\/vereinwelle.ch\/fr\/wp-json\/wp\/v2\/tags?post=31752"}],"curies":[{"name":"wp","href":"https:\/\/api.w.org\/{rel}","templated":true}]}}