{"id":31756,"date":"2025-09-12T09:43:05","date_gmt":"2025-09-12T07:43:05","guid":{"rendered":"https:\/\/vereinwelle.ch\/?p=31756"},"modified":"2025-09-12T09:43:31","modified_gmt":"2025-09-12T07:43:31","slug":"conference-internationale-a-rome-iran-droits-de-lhomme","status":"publish","type":"post","link":"https:\/\/vereinwelle.ch\/fr\/international-conference-in-rome-iran-human-rights\/","title":{"rendered":"Conf\u00e9rence internationale \u00e0 Rome : les dirigeants du monde entier se tiennent aux c\u00f4t\u00e9s du peuple iranien"},"content":{"rendered":"<p>Le 31 juillet 2025, une importante <strong>conf\u00e9rence internationale<\/strong> sur <strong>droits de l'homme en Iran<\/strong> a eu lieu \u00e0 Rome. Cet \u00e9v\u00e9nement a rassembl\u00e9 des parlementaires, des diplomates, des hommes politiques, des militants des droits de l'homme et des experts qui ont exprim\u00e9 leur soutien \u00e0 la lutte du peuple iranien pour la libert\u00e9.<\/p>\n\n\n\n<p>Le s\u00e9nateur italien et ancien ministre des affaires \u00e9trang\u00e8res, Giulio Terzi, a d\u00e9crit la situation comme suit <strong>Massacre de 1988<\/strong> Il a qualifi\u00e9 cette p\u00e9riode de \"l'un des chapitres les plus sombres de l'histoire de l'Iran et de l'humanit\u00e9\", o\u00f9 au moins 30 000 prisonniers politiques ont \u00e9t\u00e9 ex\u00e9cut\u00e9s en l'espace d'un mois. Il a soulign\u00e9 : \"Il est grand temps que justice soit faite. La violence du r\u00e9gime \u00e0 l'encontre de son propre peuple ne conna\u00eet pas de limites\".<\/p>\n\n\n\n<p>L'ancien Premier ministre belge et ancien pr\u00e9sident du Conseil europ\u00e9en Charles Michel a rendu hommage aux militants iraniens des droits de l'homme : \"Votre courage, votre \u00e9nergie et votre r\u00e9sistance nous inspirent tous. Nous sommes \u00e0 vos c\u00f4t\u00e9s pour la libert\u00e9 de croyance et l'\u00e9galit\u00e9 : pour un Iran libre !<\/p>\n\n\n\n<figure class=\"wp-block-image aligncenter size-full\"><img fetchpriority=\"high\" decoding=\"async\" width=\"1024\" height=\"819\" src=\"https:\/\/vereinwelle.ch\/wp-content\/uploads\/2025\/09\/VW-12-09-2.jpg\" alt=\"\" class=\"wp-image-31758\" srcset=\"https:\/\/vereinwelle.ch\/wp-content\/uploads\/2025\/09\/VW-12-09-2.jpg 1024w, https:\/\/vereinwelle.ch\/wp-content\/uploads\/2025\/09\/VW-12-09-2-300x240.jpg 300w, https:\/\/vereinwelle.ch\/wp-content\/uploads\/2025\/09\/VW-12-09-2-768x614.jpg 768w, https:\/\/vereinwelle.ch\/wp-content\/uploads\/2025\/09\/VW-12-09-2-15x12.jpg 15w\" sizes=\"(max-width: 1024px) 100vw, 1024px\" \/><\/figure>\n\n\n\n<p>L'ancien ministre britannique des affaires \u00e9trang\u00e8res, James Cleverly, a rendu hommage \u00e0 la jeunesse iranienne : \"J'admire les jeunes femmes et les jeunes hommes d'Iran qui ne demandent rien de plus que ce qui est consid\u00e9r\u00e9 comme acquis ailleurs : la libert\u00e9 d'expression, le respect et l'\u00e9galit\u00e9 des droits.<\/p>\n\n\n\n<p>L'ancien ambassadeur des \u00c9tats-Unis pour la justice p\u00e9nale mondiale, Stephen Rapp, a soulign\u00e9 que \"nous devons recueillir des preuves et veiller \u00e0 ce que les auteurs de ces actes soient tenus pour responsables\" : \"Nous devons rassembler des preuves et veiller \u00e0 ce que les auteurs de ces crimes r\u00e9pondent de leurs actes. Le monde ne doit pas r\u00e9p\u00e9ter le silence de 1988\".<\/p>\n\n\n\n<p>La conf\u00e9rence s'est achev\u00e9e par une exposition \u00e0 la m\u00e9moire de la <strong>Massacre de prisonniers politiques en 1988<\/strong> en Iran.<\/p>\n\n\n\n<p>Le message central de la conf\u00e9rence \u00e9tait clair : la libert\u00e9 en Iran n'est pas un r\u00eave, elle devient une r\u00e9alit\u00e9. Le monde doit se tenir aux c\u00f4t\u00e9s du peuple iranien.<\/p>\n\n\n\n<h2 class=\"wp-block-heading\">L'appel urgent \u00e0 l'action du professeur Rehman<\/h2>\n\n\n\n<figure class=\"wp-block-image aligncenter size-large\"><img decoding=\"async\" width=\"1024\" height=\"577\" src=\"https:\/\/vereinwelle.ch\/wp-content\/uploads\/2025\/09\/VW-12-093-1024x577.jpg\" alt=\"\" class=\"wp-image-31759\" srcset=\"https:\/\/vereinwelle.ch\/wp-content\/uploads\/2025\/09\/VW-12-093-1024x577.jpg 1024w, https:\/\/vereinwelle.ch\/wp-content\/uploads\/2025\/09\/VW-12-093-300x169.jpg 300w, https:\/\/vereinwelle.ch\/wp-content\/uploads\/2025\/09\/VW-12-093-768x433.jpg 768w, https:\/\/vereinwelle.ch\/wp-content\/uploads\/2025\/09\/VW-12-093-18x10.jpg 18w, https:\/\/vereinwelle.ch\/wp-content\/uploads\/2025\/09\/VW-12-093.jpg 1280w\" sizes=\"(max-width: 1024px) 100vw, 1024px\" \/><\/figure>\n\n\n\n<p>Dans un message vid\u00e9o adress\u00e9 \u00e0 la conf\u00e9rence, l'ancien rapporteur sp\u00e9cial des Nations unies <strong>Professeur Javied Rehman<\/strong> a mis en \u00e9vidence la situation d\u00e9sastreuse des <strong>prisonniers politiques en Iran<\/strong>.<\/p>\n\n\n\n<p>\"Tragiquement, de nombreux prisonniers politiques en Iran sont dans le couloir de la mort et risquent une ex\u00e9cution imminente. Ils sont \u00e9galement transf\u00e9r\u00e9s de force dans d'autres prisons et sont de plus en plus souvent soumis \u00e0 la torture et \u00e0 des conditions de d\u00e9tention extr\u00eamement inhumaines\", a-t-il d\u00e9clar\u00e9. \"Parall\u00e8lement \u00e0 la multiplication des ex\u00e9cutions, des tortures et de la r\u00e9pression, l'appareil d'\u00c9tat brutal et ses agents menacent agressivement de r\u00e9p\u00e9ter les atrocit\u00e9s que le m\u00eame r\u00e9gime a commises pendant la guerre civile. <strong>Massacre de 1988<\/strong>.\u201d<\/p>\n\n\n\n<p>Le professeur Rehman a soulign\u00e9 l'urgence de la situation en r\u00e9it\u00e9rant l'appel lanc\u00e9 dans son rapport 2024. \"J'ai appel\u00e9 la communaut\u00e9 internationale \u00e0 mettre en place un m\u00e9canisme international d'enqu\u00eate et de responsabilit\u00e9 afin de garantir des enqu\u00eates criminelles rapides, approfondies et transparentes en rapport avec ces crimes. <strong>crimes contre l'humanit\u00e9<\/strong>. Cette question est aujourd'hui plus importante et plus urgente que jamais. La communaut\u00e9 internationale n'a pas agi en 1988. Cela ne doit pas se reproduire. La responsabilit\u00e9 d'emp\u00eacher la r\u00e9p\u00e9tition de ces atrocit\u00e9s incombe aux Nations unies et \u00e0 ses \u00c9tats membres.<\/p>\n\n\n\n<figure class=\"wp-block-image aligncenter size-large\"><img decoding=\"async\" width=\"1024\" height=\"577\" src=\"https:\/\/vereinwelle.ch\/wp-content\/uploads\/2025\/09\/VW-12-09-4-1024x577.jpg\" alt=\"\" class=\"wp-image-31760\" srcset=\"https:\/\/vereinwelle.ch\/wp-content\/uploads\/2025\/09\/VW-12-09-4-1024x577.jpg 1024w, https:\/\/vereinwelle.ch\/wp-content\/uploads\/2025\/09\/VW-12-09-4-300x169.jpg 300w, https:\/\/vereinwelle.ch\/wp-content\/uploads\/2025\/09\/VW-12-09-4-768x433.jpg 768w, https:\/\/vereinwelle.ch\/wp-content\/uploads\/2025\/09\/VW-12-09-4-18x10.jpg 18w, https:\/\/vereinwelle.ch\/wp-content\/uploads\/2025\/09\/VW-12-09-4.jpg 1280w\" sizes=\"(max-width: 1024px) 100vw, 1024px\" \/><\/figure>\n\n\n\n<h2 class=\"wp-block-heading\">Agissez : soutenez le peuple iranien<\/h2>\n\n\n\n<p>Les voix de ces dirigeants mondiaux font \u00e9cho au besoin urgent d'une r\u00e9ponse internationale unifi\u00e9e. La lutte du peuple iranien pour la libert\u00e9 et la justice se poursuit et il a besoin de notre soutien.<\/p>\n\n\n\n<p>Rejoindre <strong>Verein Welle<\/strong> dans notre mission d'amplifier ces appels \u00e0 la responsabilit\u00e9 et de sensibiliser le monde aux violations des droits de l'homme en cours en Iran. Votre soutien peut contribuer \u00e0 faire en sorte que le monde ne reste pas silencieux et que les auteurs de ces crimes soient traduits en justice.<\/p>","protected":false},"excerpt":{"rendered":"<p>On July 31, 2025, a significant international conference on human rights in Iran took place in Rome. The event brought together parliamentarians, diplomats, politicians, human rights activists, and experts to express their support for the Iranian people&#8217;s struggle for freedom. Italian Senator and former Foreign Minister Giulio Terzi described the 1988 massacre as &#8220;one of [&hellip;]<\/p>\n","protected":false},"author":1,"featured_media":31757,"comment_status":"open","ping_status":"open","sticky":false,"template":"","format":"standard","meta":{"footnotes":""},"categories":[30,78],"tags":[],"class_list":["post-31756","post","type-post","status-publish","format-standard","has-post-thumbnail","hentry","category-news","category-international-human-rights-conferences"],"_links":{"self":[{"href":"https:\/\/vereinwelle.ch\/fr\/wp-json\/wp\/v2\/posts\/31756","targetHints":{"allow":["GET"]}}],"collection":[{"href":"https:\/\/vereinwelle.ch\/fr\/wp-json\/wp\/v2\/posts"}],"about":[{"href":"https:\/\/vereinwelle.ch\/fr\/wp-json\/wp\/v2\/types\/post"}],"author":[{"embeddable":true,"href":"https:\/\/vereinwelle.ch\/fr\/wp-json\/wp\/v2\/users\/1"}],"replies":[{"embeddable":true,"href":"https:\/\/vereinwelle.ch\/fr\/wp-json\/wp\/v2\/comments?post=31756"}],"version-history":[{"count":2,"href":"https:\/\/vereinwelle.ch\/fr\/wp-json\/wp\/v2\/posts\/31756\/revisions"}],"predecessor-version":[{"id":31762,"href":"https:\/\/vereinwelle.ch\/fr\/wp-json\/wp\/v2\/posts\/31756\/revisions\/31762"}],"wp:featuredmedia":[{"embeddable":true,"href":"https:\/\/vereinwelle.ch\/fr\/wp-json\/wp\/v2\/media\/31757"}],"wp:attachment":[{"href":"https:\/\/vereinwelle.ch\/fr\/wp-json\/wp\/v2\/media?parent=31756"}],"wp:term":[{"taxonomy":"category","embeddable":true,"href":"https:\/\/vereinwelle.ch\/fr\/wp-json\/wp\/v2\/categories?post=31756"},{"taxonomy":"post_tag","embeddable":true,"href":"https:\/\/vereinwelle.ch\/fr\/wp-json\/wp\/v2\/tags?post=31756"}],"curies":[{"name":"wp","href":"https:\/\/api.w.org\/{rel}","templated":true}]}}