{"id":31766,"date":"2025-09-22T15:10:45","date_gmt":"2025-09-22T13:10:45","guid":{"rendered":"https:\/\/vereinwelle.ch\/?p=31766"},"modified":"2025-09-22T15:10:48","modified_gmt":"2025-09-22T13:10:48","slug":"succes-de-laction-en-faveur-des-droits-de-lhomme-3-femmes-prisonnieres-politiques","status":"publish","type":"post","link":"https:\/\/vereinwelle.ch\/fr\/success-of-human-right-work-3-women-political-prisoners\/","title":{"rendered":"Succ\u00e8s de l'action en faveur des droits de l'homme : trois prisonni\u00e8res politiques lib\u00e9r\u00e9es \u00e0 Qarchak"},"content":{"rendered":"<p>Dans un d\u00e9veloppement significatif et plein d'espoir, trois courageuses femmes prisonni\u00e8res politiques...<strong>Nahid Khodajo<\/strong>, <strong>Soudabeh Fakharzadeh<\/strong>et <strong>Azar Korvandi<\/strong>-ont \u00e9t\u00e9 lib\u00e9r\u00e9s de <strong>Prison de Qarchak<\/strong>un \u00e9tablissement notoirement connu pour ses conditions inhumaines.<\/p>\n\n\n\n<p>Cette lib\u00e9ration n'est pas un acte de bonne volont\u00e9 de la part du r\u00e9gime iranien. Elle est le r\u00e9sultat direct de l'acharnement <strong>pression internationale<\/strong> et un t\u00e9moignage du pouvoir de l'activisme en mati\u00e8re de droits de l'homme. Ces trois femmes ont \u00e9t\u00e9 injustement emprisonn\u00e9es pour leurs activit\u00e9s civiques et sociales pacifiques sur la base d'accusations arbitraires visant \u00e0 faire taire les voix de la libert\u00e9 et de la justice.<\/p>\n\n\n\n<p>Le cas de <strong>Azar Korvandi<\/strong> met en \u00e9vidence la cruaut\u00e9 d\u00e9lib\u00e9r\u00e9e du r\u00e9gime ; elle souffrait d'une grave maladie cardiaque et s'est vu refuser des soins m\u00e9dicaux appropri\u00e9s pendant des mois. Sa lib\u00e9ration, ainsi que celle de Nahid et Soudabeh, d\u00e9montre que la mobilisation collective peut contraindre le r\u00e9gime \u00e0 faire marche arri\u00e8re, m\u00eame dans les endroits les plus sombres.<\/p>\n\n\n\n<p>Si nous c\u00e9l\u00e9brons cette victoire, nous ne devons pas oublier que le combat est loin d'\u00eatre termin\u00e9. Des milliers de personnes sont toujours injustement d\u00e9tenues en Iran, menac\u00e9es de torture, d'ex\u00e9cution et de violations quotidiennes de leurs droits fondamentaux.<\/p>\n\n\n\n<p>La libert\u00e9 de Nahid, Soudabeh et Azar prouve que <strong>travaux de solidarit\u00e9<\/strong>. Il nous rappelle avec force que chaque voix, chaque p\u00e9tition et chaque acte de soutien font la diff\u00e9rence.<\/p>\n\n\n\n<h2 class=\"wp-block-heading\">Restez avec nous : un appel \u00e0 l'action<\/h2>\n\n\n\n<p>La porte de la prison de Qarchak s'est ouverte parce que des personnes du monde entier ont refus\u00e9 de rester silencieuses. Nous exprimons notre profonde gratitude \u00e0 tous ceux qui nous ont soutenus, qui ont amplifi\u00e9 les voix des prisonniers et qui se sont joints \u00e0 cette lutte.<\/p>\n\n\n\n<p><strong>Votre soutien rend la libert\u00e9 possible.<\/strong> Rejoindre <strong>Verein Welle<\/strong> dans notre mission de mettre en lumi\u00e8re les violations des droits de l'homme en Iran. Ensemble, nous pouvons continuer \u00e0 \u00eatre une force de changement et contribuer \u00e0 ce que tous les prisonniers politiques soient lib\u00e9r\u00e9s et r\u00e9pondent de leurs actes.<\/p>","protected":false},"excerpt":{"rendered":"<p>In a significant and hopeful development, three brave women political prisoners\u2014Nahid Khodajo, Soudabeh Fakharzadeh, and Azar Korvandi\u2014have been released from Qarchak prison, a facility notorious for its inhumane conditions. This release is not an act of goodwill from the Iranian regime. It is a direct result of relentless international pressure and a testament to the [&hellip;]<\/p>\n","protected":false},"author":1,"featured_media":31767,"comment_status":"open","ping_status":"open","sticky":false,"template":"","format":"standard","meta":{"footnotes":""},"categories":[30],"tags":[],"class_list":["post-31766","post","type-post","status-publish","format-standard","has-post-thumbnail","hentry","category-news"],"_links":{"self":[{"href":"https:\/\/vereinwelle.ch\/fr\/wp-json\/wp\/v2\/posts\/31766","targetHints":{"allow":["GET"]}}],"collection":[{"href":"https:\/\/vereinwelle.ch\/fr\/wp-json\/wp\/v2\/posts"}],"about":[{"href":"https:\/\/vereinwelle.ch\/fr\/wp-json\/wp\/v2\/types\/post"}],"author":[{"embeddable":true,"href":"https:\/\/vereinwelle.ch\/fr\/wp-json\/wp\/v2\/users\/1"}],"replies":[{"embeddable":true,"href":"https:\/\/vereinwelle.ch\/fr\/wp-json\/wp\/v2\/comments?post=31766"}],"version-history":[{"count":1,"href":"https:\/\/vereinwelle.ch\/fr\/wp-json\/wp\/v2\/posts\/31766\/revisions"}],"predecessor-version":[{"id":31768,"href":"https:\/\/vereinwelle.ch\/fr\/wp-json\/wp\/v2\/posts\/31766\/revisions\/31768"}],"wp:featuredmedia":[{"embeddable":true,"href":"https:\/\/vereinwelle.ch\/fr\/wp-json\/wp\/v2\/media\/31767"}],"wp:attachment":[{"href":"https:\/\/vereinwelle.ch\/fr\/wp-json\/wp\/v2\/media?parent=31766"}],"wp:term":[{"taxonomy":"category","embeddable":true,"href":"https:\/\/vereinwelle.ch\/fr\/wp-json\/wp\/v2\/categories?post=31766"},{"taxonomy":"post_tag","embeddable":true,"href":"https:\/\/vereinwelle.ch\/fr\/wp-json\/wp\/v2\/tags?post=31766"}],"curies":[{"name":"wp","href":"https:\/\/api.w.org\/{rel}","templated":true}]}}