{"id":31790,"date":"2025-10-03T10:29:36","date_gmt":"2025-10-03T08:29:36","guid":{"rendered":"https:\/\/vereinwelle.ch\/?p=31790"},"modified":"2025-10-03T16:37:12","modified_gmt":"2025-10-03T14:37:12","slug":"somayeh-rashidi-iran-refus-daide-medicale","status":"publish","type":"post","link":"https:\/\/vereinwelle.ch\/fr\/somayeh-rashidi-iran-denied-medical-aid\/","title":{"rendered":"Iran : La mort d'un prisonnier politique apr\u00e8s le refus d'une aide m\u00e9dicale"},"content":{"rendered":"<p>Le d\u00e9c\u00e8s de l'\u00e9minente militante des droits de la femme <strong>Somayeh Rashidi<\/strong> r\u00e9v\u00e8le une fois de plus la brutalit\u00e9 choquante de la <strong>Le r\u00e9gime iranien<\/strong> le traitement des <strong>prisonniers politiques<\/strong>. Son d\u00e9c\u00e8s met en lumi\u00e8re le danger de mort qui p\u00e8se sur de nombreux d\u00e9tenus et la n\u00e9cessit\u00e9 urgente pour la communaut\u00e9 internationale de fournir protection et assistance, en particulier aux prisonniers malades.<\/p>\n\n\n\n<p>Somayeh Rashidi est d\u00e9c\u00e9d\u00e9e le 25 septembre \u00e0 l'\u00e2ge de 42 ans apr\u00e8s s'\u00eatre vu refuser un traitement m\u00e9dical ad\u00e9quat pendant des mois en prison, malgr\u00e9 sa maladie aigu\u00eb. Elle souffrait d'\u00e9pilepsie, une maladie qui s'est consid\u00e9rablement aggrav\u00e9e pendant son incarc\u00e9ration. Ses crises r\u00e9p\u00e9t\u00e9es entra\u00eenaient une perte de conscience et de graves limitations, ce qui l'emp\u00eachait d'accomplir ses t\u00e2ches quotidiennes sans l'aide d'autres prisonniers.<\/p>\n\n\n\n<p>La militante avait \u00e9t\u00e9 arr\u00eat\u00e9e \u00e0 plusieurs reprises pour son engagement en faveur des femmes et des droits de l'homme. <strong>droits de l'homme<\/strong>. En avril de cette ann\u00e9e, elle a \u00e9t\u00e9 de nouveau arr\u00eat\u00e9e et initialement d\u00e9tenue en prison. <strong>Prison d'Evin<\/strong>. En juin, elle a \u00e9t\u00e9 transf\u00e9r\u00e9e \u00e0 la tristement c\u00e9l\u00e8bre <strong>Prison pour femmes de Qarchak<\/strong>Le centre est connu pour ses conditions inhumaines.<\/p>\n\n\n\n<p>Le 16 septembre, Rashidi a subi deux crises d'\u00e9pilepsie particuli\u00e8rement graves et a \u00e9t\u00e9 admise \u00e0 l'h\u00f4pital Mofatteh de Varamin dans un \u00e9tat critique. Elle y est d\u00e9c\u00e9d\u00e9e apr\u00e8s plusieurs jours de coma. Les m\u00e9decins ont confirm\u00e9 que le refus de soins m\u00e9dicaux pendant des mois \u00e9tait la cause principale de la d\u00e9t\u00e9rioration irr\u00e9versible de son \u00e9tat de sant\u00e9.<\/p>\n\n\n\n<h2 class=\"wp-block-heading\">Une forme syst\u00e9matique de torture<\/h2>\n\n\n\n<p>Le refus syst\u00e9matique de l'assistance m\u00e9dicale repr\u00e9sente une forme cruelle de discrimination. <strong>torture<\/strong>qui est tr\u00e8s r\u00e9pandu dans la <strong>Syst\u00e8me p\u00e9nitentiaire iranien<\/strong>. Les traitements n\u00e9cessaires sont r\u00e9guli\u00e8rement retard\u00e9s ou compl\u00e8tement refus\u00e9s, les maladies sont minimis\u00e9es ou ignor\u00e9es, les m\u00e9dicaments sont retenus et les prisonniers sont contraints d'interrompre les th\u00e9rapies contre l'avis du m\u00e9decin et de retourner en d\u00e9tention.<\/p>\n\n\n\n<p>Le r\u00e9gime de T\u00e9h\u00e9ran est tenu, en vertu du droit international, de garantir le droit \u00e0 la vie et \u00e0 la sant\u00e9 de tous les individus, y compris les prisonniers. L'absence d\u00e9lib\u00e9r\u00e9e d'aide m\u00e9dicale constitue une violation flagrante de l'interdiction internationale de la torture.<\/p>\n\n\n\n<h2 class=\"wp-block-heading\">Passez \u00e0 l'action : demandez justice pour les prisonniers politiques en Iran<\/h2>\n\n\n\n<p>La mort de Somayeh Rashidi n'est pas un incident isol\u00e9 ; c'est le sympt\u00f4me d'une crise syst\u00e9mique des droits de l'homme. Nous ne devons pas rester silencieux.<\/p>\n\n\n\n<p><strong>Rejoignez Verein Welle dans notre mission qui consiste \u00e0 mettre en lumi\u00e8re les violations des droits de l'homme en Iran.<\/strong> Votre soutien peut contribuer \u00e0 faire pression sur le r\u00e9gime pour qu'il lib\u00e8re les prisonniers politiques, en particulier ceux qui sont gravement malades, et \u00e0 emp\u00eacher d'autres souffrances et d'autres morts. Ensemble, nous pouvons lutter pour que justice soit faite et que les responsables rendent des comptes.<\/p>\n\n\n\n<p><\/p>","protected":false},"excerpt":{"rendered":"<p>The death of prominent women&#8217;s rights activist Somayeh Rashidi once again reveals the shocking brutality of the Iranian regime&#8217;s treatment of political prisoners. Her passing highlights the life-threatening situation of many detainees and the urgent need for the international community to provide protection and assistance, especially for sick prisoners. Somayeh Rashidi died on September 25 [&hellip;]<\/p>\n","protected":false},"author":1,"featured_media":31791,"comment_status":"open","ping_status":"open","sticky":false,"template":"","format":"standard","meta":{"footnotes":""},"categories":[30,81],"tags":[],"class_list":["post-31790","post","type-post","status-publish","format-standard","has-post-thumbnail","hentry","category-news","category-human-rights-violations-in-iran"],"_links":{"self":[{"href":"https:\/\/vereinwelle.ch\/fr\/wp-json\/wp\/v2\/posts\/31790","targetHints":{"allow":["GET"]}}],"collection":[{"href":"https:\/\/vereinwelle.ch\/fr\/wp-json\/wp\/v2\/posts"}],"about":[{"href":"https:\/\/vereinwelle.ch\/fr\/wp-json\/wp\/v2\/types\/post"}],"author":[{"embeddable":true,"href":"https:\/\/vereinwelle.ch\/fr\/wp-json\/wp\/v2\/users\/1"}],"replies":[{"embeddable":true,"href":"https:\/\/vereinwelle.ch\/fr\/wp-json\/wp\/v2\/comments?post=31790"}],"version-history":[{"count":1,"href":"https:\/\/vereinwelle.ch\/fr\/wp-json\/wp\/v2\/posts\/31790\/revisions"}],"predecessor-version":[{"id":31792,"href":"https:\/\/vereinwelle.ch\/fr\/wp-json\/wp\/v2\/posts\/31790\/revisions\/31792"}],"wp:featuredmedia":[{"embeddable":true,"href":"https:\/\/vereinwelle.ch\/fr\/wp-json\/wp\/v2\/media\/31791"}],"wp:attachment":[{"href":"https:\/\/vereinwelle.ch\/fr\/wp-json\/wp\/v2\/media?parent=31790"}],"wp:term":[{"taxonomy":"category","embeddable":true,"href":"https:\/\/vereinwelle.ch\/fr\/wp-json\/wp\/v2\/categories?post=31790"},{"taxonomy":"post_tag","embeddable":true,"href":"https:\/\/vereinwelle.ch\/fr\/wp-json\/wp\/v2\/tags?post=31790"}],"curies":[{"name":"wp","href":"https:\/\/api.w.org\/{rel}","templated":true}]}}