{"id":31807,"date":"2025-10-10T12:08:01","date_gmt":"2025-10-10T10:08:01","guid":{"rendered":"https:\/\/vereinwelle.ch\/?p=31807"},"modified":"2025-10-10T12:08:03","modified_gmt":"2025-10-10T10:08:03","slug":"3-jours-de-sit-in-a-loccasion-de-la-journee-mondiale-contre-la-peine-de-mort","status":"publish","type":"post","link":"https:\/\/vereinwelle.ch\/fr\/3-day-sit-in-on-world-day-against-the-death-penalty\/","title":{"rendered":"Sit-in de 3 jours \u00e0 l'occasion de la journ\u00e9e mondiale contre la peine de mort"},"content":{"rendered":"<p><strong>Gen\u00e8ve - octobre 2025<\/strong><\/p>\n\n\n\n<p>Cette ann\u00e9e, la <strong>Journ\u00e9e mondiale contre la peine de mort<\/strong> a \u00e9t\u00e9 marqu\u00e9e par des voix plus fortes que jamais - des voix qui ont r\u00e9sonn\u00e9 de Gen\u00e8ve \u00e0 T\u00e9h\u00e9ran. Alors que la communaut\u00e9 internationale s'est r\u00e9unie ce jour-l\u00e0 pour condamner la peine capitale, un groupe d'Iraniens libres et de volontaires de l'organisation <strong>Verein Welle<\/strong> a tenu un sit-in de trois jours au c\u0153ur de Gen\u00e8ve. Leur action a attir\u00e9 l'attention du plus grand nombre et est devenue une plateforme puissante pour mettre en lumi\u00e8re l'appel mondial \u00e0 l'abolition des ex\u00e9cutions.<\/p>\n\n\n\n<p>Selon des sources fiables <strong>rapports sur les droits de l'homme<\/strong>, le <strong>R\u00e9gime iranien<\/strong> reste le d\u00e9tenteur du record mondial d'ex\u00e9cutions par rapport \u00e0 sa population. Rien que l'ann\u00e9e derni\u00e8re, plus de <strong>800 personnes ont \u00e9t\u00e9 ex\u00e9cut\u00e9es<\/strong>-Un chiffre effrayant qui r\u00e9v\u00e8le comment le r\u00e9gime utilise la peine de mort comme outil de r\u00e9pression, mais aussi comment il supprime des vies \u00e0 grande \u00e9chelle. En Iran, les ex\u00e9cutions touchent de mani\u00e8re disproportionn\u00e9e les personnes suivantes <strong>prisonniers politiques<\/strong>Les personnes qui ont particip\u00e9 \u00e0 l'enqu\u00eate sont des personnes \u00e2g\u00e9es, des militants de la soci\u00e9t\u00e9 civile et m\u00eame des mineurs.<\/p>\n\n\n\n<h2 class=\"wp-block-heading\">Un message de douleur et de r\u00e9silience<\/h2>\n\n\n\n<p>\u00c0 Gen\u00e8ve, le sit-in de trois jours a mis en lumi\u00e8re ces pr\u00e9occupations. Gr\u00e2ce \u00e0 des discours, \u00e0 l'exposition d'images de victimes et \u00e0 un engagement direct avec les passants, le sit-in a cr\u00e9\u00e9 un message humain et politique puissant : la lutte contre les ex\u00e9cutions est une responsabilit\u00e9 mondiale.<\/p>\n\n\n\n<p>L'un des moments les plus \u00e9mouvants a \u00e9t\u00e9 celui o\u00f9 les voix des enfants de l'\u00e9cole ont \u00e9t\u00e9 entendues. <strong>m\u00e8res de d\u00e9tenus condamn\u00e9s \u00e0 mort<\/strong> ont \u00e9t\u00e9 entendus. Malgr\u00e9 les menaces et la r\u00e9pression, ces m\u00e8res courageuses ont \u00e9t\u00e9 \u00e0 la pointe du combat, r\u00e9clamant la justice et le droit \u00e0 la vie pour leurs enfants. Leur message a \u00e9t\u00e9 lu \u00e0 voix haute \u00e0 Gen\u00e8ve par des volontaires de Verein Welle, dans diff\u00e9rentes langues, afin que le public puisse ressentir la douleur et la r\u00e9silience de familles vivant dans une peur constante. Leurs mots \u00e9taient simples mais profonds : \"Nous voulons la vie, pas la mort. Nous voulons la justice, pas la vengeance.<\/p>\n\n\n\n<h2 class=\"wp-block-heading\">Appel urgent \u00e0 l'action<\/h2>\n\n\n\n<p>L'urgence de leur message ne saurait \u00eatre plus claire. \u00c0 l'heure actuelle, au moins <strong>Dix-sept prisonniers politiques en Iran<\/strong> risquent d'\u00eatre ex\u00e9cut\u00e9s de mani\u00e8re imminente. Leurs noms et leurs visages ont \u00e9t\u00e9 affich\u00e9s sur des banderoles et des affiches pendant le sit-in, rappelant au monde que chaque heure compte. Le sit-in de Gen\u00e8ve a transform\u00e9 cette inqui\u00e9tude en un appel \u00e0 l'action, exhortant la communaut\u00e9 mondiale \u00e0 ne pas rester silencieuse.<\/p>\n\n\n\n<p>La r\u00e9action du public \u00e0 Gen\u00e8ve a \u00e9t\u00e9 remarquable. Les habitants se sont arr\u00eat\u00e9s pour \u00e9couter, ont pos\u00e9 des questions sur <strong>ex\u00e9cutions en Iran<\/strong>et beaucoup ont sign\u00e9 des p\u00e9titions en faveur de l'abolition. Les m\u00e9dias ont couvert l'\u00e9v\u00e9nement et les conversations avec les citoyens ont montr\u00e9 un profond sentiment de solidarit\u00e9. \"Quand je vois que des vies sont encore prises sans piti\u00e9 quelque part dans le monde, je ne peux pas rester indiff\u00e9rent. C'est un combat qui nous concerne tous\", a d\u00e9clar\u00e9 un r\u00e9sident suisse qui s'est joint au sit-in.<\/p>\n\n\n\n<h2 class=\"wp-block-heading\">Le mot de la fin : un appel \u00e0 la justice<\/h2>\n\n\n\n<p>Le recours incessant \u00e0 la peine de mort par le r\u00e9gime iranien n'est pas un acte de justice, mais un crime syst\u00e9matique et politique. En ex\u00e9cutant des manifestants, des femmes, des minorit\u00e9s religieuses et des jeunes, le r\u00e9gime tente d'instiller la peur et d'\u00e9craser tout appel \u00e0 la libert\u00e9. Cette r\u00e9alit\u00e9 s'est refl\u00e9t\u00e9e de mani\u00e8re frappante dans les trois jours de sit-in.<\/p>\n\n\n\n<p>La d\u00e9claration de cl\u00f4ture du sit-in \u00e9tait porteuse d'un message clair et puissant : \"Nous, en cette Journ\u00e9e mondiale contre la peine de mort, r\u00e9affirmons le caract\u00e8re sacr\u00e9 de la vie humaine : \"En cette Journ\u00e9e mondiale contre la peine de mort, nous r\u00e9affirmons le caract\u00e8re sacr\u00e9 de la vie humaine. Nous condamnons la peine de mort sous toutes ses formes et en tout lieu... Nous exigeons une action urgente pour sauver leurs vies et pour abolir compl\u00e8tement la peine de mort, en Iran et dans le monde entier.\"<\/p>\n\n\n\n<h2 class=\"wp-block-heading\">Rejoignez notre combat : soutenez la campagne contre les ex\u00e9cutions en Iran<\/h2>\n\n\n\n<p>La lutte pour sauver des vies en Iran se poursuit. Votre voix et votre soutien peuvent faire la diff\u00e9rence. Rejoignez Verein Welle dans sa mission de sensibilisation aux violations des droits de l'homme et \u00e0 la lutte contre la peine de mort. En soutenant notre travail, vous contribuez \u00e0 amplifier les voix de ceux qui ont \u00e9t\u00e9 r\u00e9duits au silence et \u00e0 faire avancer un monde o\u00f9 la justice pr\u00e9vaut. Ensemble, nous pouvons mettre fin au cycle de la violence et sauver des vies.<\/p>","protected":false},"excerpt":{"rendered":"<p>Geneva \u2013 October 2025 This year\u2019s World Day Against the Death Penalty was marked with voices louder than ever before\u2014voices that echoed from Geneva to Tehran. While the international community came together on this day to condemn capital punishment, a group of free Iranians and volunteers of the Verein Welle association held a three-day sit-in [&hellip;]<\/p>\n","protected":false},"author":1,"featured_media":31808,"comment_status":"open","ping_status":"open","sticky":false,"template":"","format":"standard","meta":{"footnotes":""},"categories":[30],"tags":[],"class_list":["post-31807","post","type-post","status-publish","format-standard","has-post-thumbnail","hentry","category-news"],"_links":{"self":[{"href":"https:\/\/vereinwelle.ch\/fr\/wp-json\/wp\/v2\/posts\/31807","targetHints":{"allow":["GET"]}}],"collection":[{"href":"https:\/\/vereinwelle.ch\/fr\/wp-json\/wp\/v2\/posts"}],"about":[{"href":"https:\/\/vereinwelle.ch\/fr\/wp-json\/wp\/v2\/types\/post"}],"author":[{"embeddable":true,"href":"https:\/\/vereinwelle.ch\/fr\/wp-json\/wp\/v2\/users\/1"}],"replies":[{"embeddable":true,"href":"https:\/\/vereinwelle.ch\/fr\/wp-json\/wp\/v2\/comments?post=31807"}],"version-history":[{"count":1,"href":"https:\/\/vereinwelle.ch\/fr\/wp-json\/wp\/v2\/posts\/31807\/revisions"}],"predecessor-version":[{"id":31809,"href":"https:\/\/vereinwelle.ch\/fr\/wp-json\/wp\/v2\/posts\/31807\/revisions\/31809"}],"wp:featuredmedia":[{"embeddable":true,"href":"https:\/\/vereinwelle.ch\/fr\/wp-json\/wp\/v2\/media\/31808"}],"wp:attachment":[{"href":"https:\/\/vereinwelle.ch\/fr\/wp-json\/wp\/v2\/media?parent=31807"}],"wp:term":[{"taxonomy":"category","embeddable":true,"href":"https:\/\/vereinwelle.ch\/fr\/wp-json\/wp\/v2\/categories?post=31807"},{"taxonomy":"post_tag","embeddable":true,"href":"https:\/\/vereinwelle.ch\/fr\/wp-json\/wp\/v2\/tags?post=31807"}],"curies":[{"name":"wp","href":"https:\/\/api.w.org\/{rel}","templated":true}]}}