{"id":31841,"date":"2025-11-14T11:07:53","date_gmt":"2025-11-14T10:07:53","guid":{"rendered":"https:\/\/vereinwelle.ch\/?p=31841"},"modified":"2025-11-17T10:55:03","modified_gmt":"2025-11-17T09:55:03","slug":"liran-en-etat-durgence-le-compte-a-rebours-pour-la-catastrophe-de-leau","status":"publish","type":"post","link":"https:\/\/vereinwelle.ch\/fr\/iran-in-a-state-of-emergency-the-countdown-to-water-catastrophe\/","title":{"rendered":"L'Iran en \u00e9tat d'urgence : le compte \u00e0 rebours vers la catastrophe hydrique"},"content":{"rendered":"<p>Les <strong>crise de l'eau en Iran<\/strong> est en train de s'aggraver de fa\u00e7on spectaculaire. La s\u00e9cheresse persistante et les infrastructures surcharg\u00e9es poussent le pays au bord d'une catastrophe nationale. Selon le journal national <em>Ettelaat<\/em>A T\u00e9h\u00e9ran et dans les provinces centrales, plusieurs r\u00e9servoirs sont proches de l'ass\u00e8chement, et dans de nombreux endroits, il ne reste que le \"volume mort\", c'est-\u00e0-dire de l'eau qui n'est plus utilisable.<\/p>\n\n\n\n<p>Pour \u00e9viter un effondrement complet de l'approvisionnement, le r\u00e9gime a recours \u00e0 des mesures drastiques : dans la m\u00e9tropole de T\u00e9h\u00e9ran, l'eau est coup\u00e9e le soir et n'est r\u00e9tablie que le matin. Les habitants sont invit\u00e9s \u00e0 stocker l'eau dans des baignoires et des conteneurs, symbole de la nouvelle r\u00e9alit\u00e9 quotidienne de la ville.<\/p>\n\n\n\n<h2 class=\"wp-block-heading\">Les d\u00e9faillances structurelles \u00e0 l'origine de la crise<\/h2>\n\n\n\n<p>Outre la s\u00e9cheresse, des probl\u00e8mes structurels contribuent de mani\u00e8re significative \u00e0 la crise. Les infrastructures hydrauliques de T\u00e9h\u00e9ran ont \u00e9t\u00e9 con\u00e7ues pour cinq millions d'habitants, mais aujourd'hui, plus de 15 millions de personnes y vivent. \u00c0 cela s'ajoute l'\u00e9norme consommation de l'agriculture, dont les syst\u00e8mes d'irrigation obsol\u00e8tes gaspillent de pr\u00e9cieuses ressources.<\/p>\n\n\n\n<p>Sur le plan politique, la pression s'accro\u00eet : les critiques accusent la <strong>R\u00e9gime iranien<\/strong> d'investir des milliards dans les conflits r\u00e9gionaux au lieu de s'occuper de sa propre population. Les observateurs pr\u00e9viennent que si la situation s'aggrave encore, des troubles sociaux pourraient \u00e9clater. Il existe d\u00e9j\u00e0 un profond foss\u00e9 en mati\u00e8re d'\u00e9quit\u00e9 : alors que les habitants des quartiers riches limitent \u00e0 peine leur consommation \u00e9lev\u00e9e, les familles plus pauvres luttent pour obtenir le minimum quotidien.<\/p>\n\n\n\n<h2 class=\"wp-block-heading\">Images de d\u00e9sespoir et horloge implacable<\/h2>\n\n\n\n<p>Les images de r\u00e9servoirs vides et de rivi\u00e8res ass\u00e9ch\u00e9es, comme au barrage de Latyan pr\u00e8s de T\u00e9h\u00e9ran, en disent long : le \"compte \u00e0 rebours vers la catastrophe\" est en marche, et le temps passe inexorablement. Cette catastrophe environnementale est d\u00e9sormais une question sociale et politique urgente pour le peuple iranien.<\/p>\n\n\n\n<h2 class=\"wp-block-heading\">Appel \u00e0 l'action : amplifier la crise de l'eau en Iran<\/h2>\n\n\n\n<p>Les graves <strong>P\u00e9nuries d'eau en Iran<\/strong> sont une question de sant\u00e9 publique et de s\u00e9curit\u00e9 humaine. La n\u00e9gligence structurelle du r\u00e9gime exacerbe les souffrances de millions de personnes.<\/p>\n\n\n\n<p><strong>Rejoignez Verein Welle pour sensibiliser le monde \u00e0 la crise de l'environnement et des droits de l'homme qui se d\u00e9roule en Iran.<\/strong> Partagez ce rapport pour que le monde prenne conscience de la gravit\u00e9 de cette catastrophe imminente et de la n\u00e9cessit\u00e9 de rendre des comptes.<\/p>","protected":false},"excerpt":{"rendered":"<p>The water crisis in Iran is escalating dramatically. Persistent drought and overburdened infrastructure are pushing the country to the brink of a national catastrophe. According to the state newspaper Ettelaat, several reservoirs are close to drying up\u2014in Tehran and the central provinces, in many places only the &#8220;dead volume&#8221; remains, meaning water that is no [&hellip;]<\/p>\n","protected":false},"author":1,"featured_media":31849,"comment_status":"open","ping_status":"open","sticky":false,"template":"","format":"standard","meta":{"footnotes":""},"categories":[110,30],"tags":[113,35],"class_list":["post-31841","post","type-post","status-publish","format-standard","has-post-thumbnail","hentry","category-environment","category-news","tag-environment","tag-iran"],"_links":{"self":[{"href":"https:\/\/vereinwelle.ch\/fr\/wp-json\/wp\/v2\/posts\/31841","targetHints":{"allow":["GET"]}}],"collection":[{"href":"https:\/\/vereinwelle.ch\/fr\/wp-json\/wp\/v2\/posts"}],"about":[{"href":"https:\/\/vereinwelle.ch\/fr\/wp-json\/wp\/v2\/types\/post"}],"author":[{"embeddable":true,"href":"https:\/\/vereinwelle.ch\/fr\/wp-json\/wp\/v2\/users\/1"}],"replies":[{"embeddable":true,"href":"https:\/\/vereinwelle.ch\/fr\/wp-json\/wp\/v2\/comments?post=31841"}],"version-history":[{"count":1,"href":"https:\/\/vereinwelle.ch\/fr\/wp-json\/wp\/v2\/posts\/31841\/revisions"}],"predecessor-version":[{"id":31842,"href":"https:\/\/vereinwelle.ch\/fr\/wp-json\/wp\/v2\/posts\/31841\/revisions\/31842"}],"wp:featuredmedia":[{"embeddable":true,"href":"https:\/\/vereinwelle.ch\/fr\/wp-json\/wp\/v2\/media\/31849"}],"wp:attachment":[{"href":"https:\/\/vereinwelle.ch\/fr\/wp-json\/wp\/v2\/media?parent=31841"}],"wp:term":[{"taxonomy":"category","embeddable":true,"href":"https:\/\/vereinwelle.ch\/fr\/wp-json\/wp\/v2\/categories?post=31841"},{"taxonomy":"post_tag","embeddable":true,"href":"https:\/\/vereinwelle.ch\/fr\/wp-json\/wp\/v2\/tags?post=31841"}],"curies":[{"name":"wp","href":"https:\/\/api.w.org\/{rel}","templated":true}]}}