{"id":31854,"date":"2025-12-01T12:00:45","date_gmt":"2025-12-01T11:00:45","guid":{"rendered":"https:\/\/vereinwelle.ch\/?p=31854"},"modified":"2025-12-05T15:35:58","modified_gmt":"2025-12-05T14:35:58","slug":"alerte-environnementale-en-iran-de-lair-toxique-a-teheran-aux-incendies-dans-les-forets-hyrcaniennes","status":"publish","type":"post","link":"https:\/\/vereinwelle.ch\/fr\/irans-environmental-alarm-from-toxic-air-in-tehran-to-burning-hyrcanian-forests\/","title":{"rendered":"Alerte environnementale en Iran : de l'air toxique \u00e0 T\u00e9h\u00e9ran aux incendies dans les for\u00eats hyrcaniennes"},"content":{"rendered":"<p>L'Iran est une terre de contrastes saisissants, formant l'une des mosa\u00efques \u00e9cologiques les plus riches du Moyen-Orient. Pourtant, aujourd'hui, ce patrimoine naturel subit l'un des d\u00e9clins environnementaux les plus marqu\u00e9s de la r\u00e9gion. Le pays conna\u00eet une urgence \u00e9cologique continue et croissante, qui menace la sant\u00e9 publique, la biodiversit\u00e9 et la stabilit\u00e9 \u00e0 long terme dans tout le Moyen-Orient.<\/p>\n\n\n\n<h2 class=\"wp-block-heading\">T\u00e9h\u00e9ran, #1, ville la plus pollu\u00e9e au monde<\/h2>\n\n\n\n<p>Au cours des derni\u00e8res semaines, <strong>T\u00e9h\u00e9ran<\/strong> a de nouveau \u00e9t\u00e9 class\u00e9 parmi les <strong>villes les plus pollu\u00e9es<\/strong> sur la plan\u00e8te, avec des indices de qualit\u00e9 de l'air atteignant r\u00e9guli\u00e8rement des niveaux dangereux. Plus de 10 millions de personnes respirent quotidiennement cet air toxique.<\/p>\n\n\n\n<p>Les chiffres les plus alarmants proviennent des \u00e9valuations sanitaires r\u00e9alis\u00e9es en Iran m\u00eame : <strong><a href=\"https:\/\/www.iqair.com\" data-type=\"link\" data-id=\"https:\/\/www.iqair.com\" target=\"_blank\" rel=\"noopener\">Pollution atmosph\u00e9rique <\/a>tue environ 50 000 personnes chaque ann\u00e9e en Iran.<\/strong><\/p>\n\n\n\n<p>Les principaux facteurs sont les suivants :<\/p>\n\n\n\n<ul class=\"wp-block-list\">\n<li>parcs automobiles vieillissants et \u00e0 fortes \u00e9missions,<\/li>\n\n\n\n<li>d\u00e9pendance vis-\u00e0-vis des combustibles fossiles de mauvaise qualit\u00e9,<\/li>\n\n\n\n<li>\u00e9missions industrielles non r\u00e9glement\u00e9es,<\/li>\n\n\n\n<li>faible gouvernance environnementale,<\/li>\n\n\n\n<li>et l'absence d'investissements \u00e0 grande \u00e9chelle dans les transports publics.<\/li>\n<\/ul>\n\n\n\n<p>Pour de nombreuses familles, la pollution atmosph\u00e9rique est synonyme de lutte quotidienne contre les maladies respiratoires, l'asthme et la r\u00e9duction de l'esp\u00e9rance de vie.<\/p>\n\n\n\n<h2 class=\"wp-block-heading\">Les for\u00eats hyrcaniennes : un patrimoine vieux de 40 millions d'ann\u00e9es en feu<\/h2>\n\n\n\n<p>Alors que la pollution \u00e9touffe les grandes villes iraniennes, les cha\u00eenes de montagnes du nord sont confront\u00e9es \u00e0 une autre catastrophe : les incendies de for\u00eat r\u00e9currents dans l'ancienne <strong><a href=\"https:\/\/whc.unesco.org\/en\/list\/1584\" data-type=\"link\" data-id=\"https:\/\/whc.unesco.org\/en\/list\/1584\" target=\"_blank\" rel=\"noopener\">For\u00eats hyrcaniennes<\/a><\/strong>, un site class\u00e9 au patrimoine mondial de l'UNESCO datant de plus de 40 millions d'ann\u00e9es.<\/p>\n\n\n\n<p>Les r\u00e9cents incendies, notamment ceux pr\u00e8s de Chalous et Mazandaran, ont d\u00e9truit d'importantes zones foresti\u00e8res et mis en \u00e9vidence la fragilit\u00e9 de cet \u00e9cosyst\u00e8me. Le changement climatique, la s\u00e9cheresse prolong\u00e9e, l'insuffisance des infrastructures de lutte contre les incendies et les pressions li\u00e9es \u00e0 l'utilisation des sols se combinent pour augmenter la fr\u00e9quence et la gravit\u00e9 de ces incendies.<\/p>\n\n\n\n<p>Ces for\u00eats abritent des esp\u00e8ces rares, notamment le l\u00e9opard persan, l'ours brun et des esp\u00e8ces v\u00e9g\u00e9tales end\u00e9miques que l'on ne trouve nulle part ailleurs sur terre. Chaque hectare perdu repr\u00e9sente un dommage \u00e9cologique irr\u00e9versible.<\/p>\n\n\n\n<h2 class=\"wp-block-heading\">Disparition des for\u00eats et fragilit\u00e9 des \u00e9cosyst\u00e8mes<\/h2>\n\n\n\n<p>L'Iran a longtemps \u00e9t\u00e9 consid\u00e9r\u00e9 comme un \u201c<a href=\"https:\/\/www.globalforestwatch.org\" data-type=\"link\" data-id=\"https:\/\/www.globalforestwatch.org\" target=\"_blank\" rel=\"noopener\">pays forestier limit\u00e9<\/a>.Des \u00e9tudes montrent que certaines parties de la r\u00e9gion hyrcanienne ont subi une d\u00e9gradation au cours des deux derni\u00e8res d\u00e9cennies, sous l'effet :<\/p>\n\n\n\n<ul class=\"wp-block-list\">\n<li>changement d'affectation des terres,<\/li>\n\n\n\n<li>expansion des infrastructures,<\/li>\n\n\n\n<li>exploitation foresti\u00e8re non durable,<\/li>\n\n\n\n<li>mauvaise lutte contre l'\u00e9rosion,<\/li>\n\n\n\n<li>et le stress li\u00e9 au climat.<\/li>\n<\/ul>\n\n\n\n<p>Des \u00e9valuations scientifiques r\u00e9alis\u00e9es par l'Institut iranien de recherche sur les for\u00eats et les p\u00e2turages ont r\u00e9v\u00e9l\u00e9 que des dizaines de milliers d'hectares sont pass\u00e9s de for\u00eats denses \u00e0 des terres d\u00e9grad\u00e9es au cours des 15 \u00e0 20 derni\u00e8res ann\u00e9es.<\/p>\n\n\n\n<figure class=\"wp-block-image aligncenter size-full\"><img fetchpriority=\"high\" decoding=\"async\" width=\"750\" height=\"275\" src=\"https:\/\/vereinwelle.ch\/wp-content\/uploads\/2025\/12\/VW-01-12-2025.jpg-2.jpg\" alt=\"\" class=\"wp-image-31856\" srcset=\"https:\/\/vereinwelle.ch\/wp-content\/uploads\/2025\/12\/VW-01-12-2025.jpg-2.jpg 750w, https:\/\/vereinwelle.ch\/wp-content\/uploads\/2025\/12\/VW-01-12-2025.jpg-2-300x110.jpg 300w, https:\/\/vereinwelle.ch\/wp-content\/uploads\/2025\/12\/VW-01-12-2025.jpg-2-18x7.jpg 18w\" sizes=\"(max-width: 750px) 100vw, 750px\" \/><\/figure>\n\n\n\n<h2 class=\"wp-block-heading\">\u00c9rosion des sols, stress hydrique et disparition des cours d'eau<\/h2>\n\n\n\n<p>Au-del\u00e0 des for\u00eats, l'Iran est confront\u00e9 \u00e0 l'un des taux les plus \u00e9lev\u00e9s au monde de <strong><a href=\"https:\/\/www.unep.org\" data-type=\"link\" data-id=\"https:\/\/www.unep.org\" target=\"_blank\" rel=\"noopener\">\u00e9rosion du sol<\/a><\/strong>. C'est le r\u00e9sultat du surp\u00e2turage, de la d\u00e9forestation et d'une agriculture non durable. Parall\u00e8lement, bon nombre des rivi\u00e8res et lacs embl\u00e9matiques du pays ont consid\u00e9rablement r\u00e9tr\u00e9ci :<\/p>\n\n\n\n<ul class=\"wp-block-list\">\n<li><strong>Lac d'Ourmia<\/strong>, autrefois le plus grand lac sal\u00e9 du Moyen-Orient, a perdu la majeure partie de son eau.<\/li>\n\n\n\n<li><strong>Zayandeh-Rud \u00e0 Ispahan<\/strong> souvent \u00e0 sec pendant des mois.<\/li>\n\n\n\n<li>Les zones humides du Khuzestan et du Sistan-Baluchestan sont confront\u00e9es \u00e0 un grave effondrement \u00e9cologique.<\/li>\n<\/ul>\n\n\n\n<p>Ces d\u00e9clins alimentent les temp\u00eates de sable, provoquent des migrations internes, nuisent \u00e0 l'agriculture et r\u00e9duisent la stabilit\u00e9 r\u00e9gionale.<\/p>\n\n\n\n<h2 class=\"wp-block-heading\">La biodiversit\u00e9 menac\u00e9e<\/h2>\n\n\n\n<p>Le Iran abrite plus de 1 100 esp\u00e8ces vert\u00e9br\u00e9es r\u00e9pertori\u00e9es. Mais la destruction de leur habitat, la rar\u00e9faction de l'eau, la chasse ill\u00e9gale et les incendies ont mis plusieurs esp\u00e8ces en danger, notamment le l\u00e9opard persan, le gu\u00e9pard asiatique et le phoque de la Caspienne. Sans mesures de protection strictes, certaines de ces esp\u00e8ces pourraient dispara\u00eetre \u00e0 jamais.<\/p>\n\n\n\n<h2 class=\"wp-block-heading\">Pourquoi cela devrait-il importer \u00e0 la communaut\u00e9 internationale, y compris \u00e0 la Suisse ?<\/h2>\n\n\n\n<p>La crise environnementale en Iran n'est pas seulement un probl\u00e8me national ; elle a des implications r\u00e9gionales et mondiales :<\/p>\n\n\n\n<ul class=\"wp-block-list\">\n<li>Les temp\u00eates de poussi\u00e8re provenant d'Iran affectent les pays voisins.<\/li>\n\n\n\n<li>La perte de biodiversit\u00e9 a des r\u00e9percussions sur les efforts mondiaux de conservation.<\/li>\n\n\n\n<li>La hausse des temp\u00e9ratures et la diminution de la s\u00e9curit\u00e9 hydrique contribuent aux pressions migratoires.<\/li>\n\n\n\n<li>Les crises de sant\u00e9 publique telles que la pollution atmosph\u00e9rique compromettent la stabilit\u00e9 et le d\u00e9veloppement r\u00e9gionaux.<\/li>\n<\/ul>\n\n\n\n<p>Du point de vue de la Suisse, engag\u00e9e en faveur de la responsabilit\u00e9 \u00e9cologique, la situation de l'Iran nous rappelle que la d\u00e9gradation de l'environnement, o\u00f9 qu'elle se produise, a des r\u00e9percussions sur toutes les communaut\u00e9s.<\/p>\n\n\n\n<h2 class=\"wp-block-heading\">Vers la transparence et la protection de l'environnement<\/h2>\n\n\n\n<p>L'un des principaux d\u00e9fis pour les chercheurs et les observateurs internationaux est la disponibilit\u00e9 limit\u00e9e de donn\u00e9es environnementales transparentes et actualis\u00e9es en Iran. Renforcer l'acc\u00e8s \u00e0 l'information, la coop\u00e9ration scientifique et la surveillance ind\u00e9pendante sera essentiel pour assurer une protection environnementale efficace. La protection \u00e9cologique commence par la visibilit\u00e9, les donn\u00e9es et la demande publique de responsabilit\u00e9.<\/p>\n\n\n\n<h2 class=\"wp-block-heading\">Appel \u00e0 l'action : soutenez la documentation environnementale<\/h2>\n\n\n\n<p>Cet article fait partie de <strong>Welle's<\/strong> Effort continu visant \u00e0 documenter les d\u00e9fis humains et environnementaux qui touchent les communaut\u00e9s en Iran et dans les r\u00e9gions environnantes.<\/p>\n\n\n\n<p><strong><a href=\"https:\/\/vereinwelle.ch\/fr\/faire-un-don\/\" data-type=\"link\" data-id=\"https:\/\/vereinwelle.ch\/make-a-donation\/\">Soutenez l'association Verein Welle<\/a> dans notre mission visant \u00e0 mettre en lumi\u00e8re la crise environnementale en Iran. Partagez ce rapport afin de faire pression sur le r\u00e9gime pour qu'il fasse preuve d'une plus grande transparence et prenne des mesures en faveur de la sant\u00e9 publique et de la protection de l'environnement.<\/strong><\/p>","protected":false},"excerpt":{"rendered":"<p>Iran is a land of striking contrasts, forming one of the richest ecological mosaics in the Middle East. Yet today, this natural heritage is undergoing one of the steepest environmental declines in the region. The country is experiencing a continuous, deepening ecological emergency\u2014one that threatens public health, biodiversity, and long-term stability across the Middle East. [&hellip;]<\/p>\n","protected":false},"author":1,"featured_media":31855,"comment_status":"open","ping_status":"open","sticky":false,"template":"","format":"standard","meta":{"footnotes":""},"categories":[30,110],"tags":[],"class_list":["post-31854","post","type-post","status-publish","format-standard","has-post-thumbnail","hentry","category-news","category-environment"],"_links":{"self":[{"href":"https:\/\/vereinwelle.ch\/fr\/wp-json\/wp\/v2\/posts\/31854","targetHints":{"allow":["GET"]}}],"collection":[{"href":"https:\/\/vereinwelle.ch\/fr\/wp-json\/wp\/v2\/posts"}],"about":[{"href":"https:\/\/vereinwelle.ch\/fr\/wp-json\/wp\/v2\/types\/post"}],"author":[{"embeddable":true,"href":"https:\/\/vereinwelle.ch\/fr\/wp-json\/wp\/v2\/users\/1"}],"replies":[{"embeddable":true,"href":"https:\/\/vereinwelle.ch\/fr\/wp-json\/wp\/v2\/comments?post=31854"}],"version-history":[{"count":2,"href":"https:\/\/vereinwelle.ch\/fr\/wp-json\/wp\/v2\/posts\/31854\/revisions"}],"predecessor-version":[{"id":31958,"href":"https:\/\/vereinwelle.ch\/fr\/wp-json\/wp\/v2\/posts\/31854\/revisions\/31958"}],"wp:featuredmedia":[{"embeddable":true,"href":"https:\/\/vereinwelle.ch\/fr\/wp-json\/wp\/v2\/media\/31855"}],"wp:attachment":[{"href":"https:\/\/vereinwelle.ch\/fr\/wp-json\/wp\/v2\/media?parent=31854"}],"wp:term":[{"taxonomy":"category","embeddable":true,"href":"https:\/\/vereinwelle.ch\/fr\/wp-json\/wp\/v2\/categories?post=31854"},{"taxonomy":"post_tag","embeddable":true,"href":"https:\/\/vereinwelle.ch\/fr\/wp-json\/wp\/v2\/tags?post=31854"}],"curies":[{"name":"wp","href":"https:\/\/api.w.org\/{rel}","templated":true}]}}