{"id":31962,"date":"2025-12-05T18:40:12","date_gmt":"2025-12-05T17:40:12","guid":{"rendered":"https:\/\/vereinwelle.ch\/?p=31962"},"modified":"2025-12-05T18:41:19","modified_gmt":"2025-12-05T17:41:19","slug":"les-12-millions-de-chambres-a-gaz-pourquoi-lair-iranien-est-devenu-toxique","status":"publish","type":"post","link":"https:\/\/vereinwelle.ch\/fr\/the-12-million-gas-chamber-why-irans-air-has-become-toxic\/","title":{"rendered":"La chambre \u00e0 gaz de 12 millions, pourquoi l'air iranien est-il devenu toxique ?"},"content":{"rendered":"<p>L'Iran, l'un des pays les plus riches au monde en r\u00e9serves de p\u00e9trole et de gaz, abrite aujourd'hui des dizaines de millions de personnes qui respirent l'air parmi les plus pollu\u00e9s de la plan\u00e8te. Chaque hiver, des villes comme T\u00e9h\u00e9ran, Ispahan, Karaj, Ahvaz et Tabriz sont pi\u00e9g\u00e9es sous un d\u00f4me suffocant de dioxyde de soufre, de suie et de particules ultrafines. Ce qui devrait soutenir la vie l'empoisonne au contraire \u2014 une r\u00e9alit\u00e9 que de nombreux habitants d\u00e9crivent de plus en plus comme vivre \u00e0 l'int\u00e9rieur d'un <em>\u201c Une chambre \u00e0 gaz pouvant accueillir 12 millions de personnes. \u201d<\/em><\/p>\n\n\n\n<p>Ce n'est pas une exag\u00e9ration. C'est le r\u00e9sultat pr\u00e9visible de politiques \u00e9nerg\u00e9tiques qui privil\u00e9gient la survie \u00e9conomique et les exportations au d\u00e9triment de la sant\u00e9, de la dignit\u00e9 et des droits fondamentaux de la population iranienne.<\/p>\n\n\n\n<p>Ce rapport explique pourquoi l'Iran br\u00fble du mazout, comment cela alimente une crise nationale de toxicit\u00e9 atmosph\u00e9rique et pourquoi cette question doit d\u00e9sormais \u00eatre consid\u00e9r\u00e9e comme un probl\u00e8me relevant des droits humains, et non plus uniquement de l'environnement.<\/p>\n\n\n\n<h2 class=\"wp-block-heading\">Qu'est-ce que le mazout et pourquoi est-il si dangereux ?<\/h2>\n\n\n\n<p>Le mazout, ou fioul lourd, est le r\u00e9sidu le plus polluant issu du raffinage du p\u00e9trole brut. Il contient des niveaux extr\u00eamement \u00e9lev\u00e9s de soufre et, lorsqu'il est br\u00fbl\u00e9, lib\u00e8re un m\u00e9lange toxique compos\u00e9 de :<\/p>\n\n\n\n<ul class=\"wp-block-list\">\n<li>Dioxyde de soufre (SO\u2082)<\/li>\n\n\n\n<li>Oxydes d'azote<\/li>\n\n\n\n<li>M\u00e9taux lourds<\/li>\n\n\n\n<li>Particules ultrafines PM2,5<\/li>\n<\/ul>\n\n\n\n<p>Selon <em>ScienceDirect<\/em>, <a href=\"https:\/\/www.sciencedirect.com\/science\/article\/abs\/pii\/S0301421512000663\" data-type=\"link\" data-id=\"https:\/\/www.sciencedirect.com\/science\/article\/abs\/pii\/S0301421512000663\" target=\"_blank\" rel=\"noopener\">combustion de fioul lourd<\/a> est une source mondiale majeure de dioxyde de soufre, un gaz directement li\u00e9 aux insuffisances respiratoires, aux maladies cardiovasculaires et \u00e0 la formation de smog. Dans de nombreux pays, le mazout est interdit ou strictement contr\u00f4l\u00e9 en raison de ses effets d\u00e9vastateurs sur la sant\u00e9.<\/p>\n\n\n\n<p>En Iran, cependant, c'est devenu une r\u00e9alit\u00e9 hivernale.<\/p>\n\n\n\n<h2 class=\"wp-block-heading\">Pourquoi l'Iran br\u00fble-t-il du mazout ?<\/h2>\n\n\n\n<p>La r\u00e9ponse r\u00e9side dans une combinaison d'infrastructures obsol\u00e8tes, de pressions \u00e9conomiques et de d\u00e9cisions politiques.<\/p>\n\n\n\n<h3 class=\"wp-block-heading\">1. <strong>Raffineries vieillissantes qui produisent trop de mazout<\/strong><\/h3>\n\n\n\n<p>Les raffineries iraniennes ne disposent pas d'unit\u00e9s de craquage modernes capables de convertir les r\u00e9sidus lourds en carburants plus propres. En cons\u00e9quence, une part disproportionn\u00e9e de<a href=\"https:\/\/iranopendata.org\/en\/article\/255-iran-fuel-oil-use-tripled-leaked-report\" data-type=\"link\" data-id=\"https:\/\/iranopendata.org\/en\/article\/255-iran-fuel-oil-use-tripled-leaked-report\" target=\"_blank\" rel=\"noopener\"> le p\u00e9trole brut devient du mazout<\/a> \u2014 un produit dont la valeur \u00e0 l'exportation est limit\u00e9e et qui a un co\u00fbt environnemental \u00e9lev\u00e9 sur le march\u00e9 int\u00e9rieur.<\/p>\n\n\n\n<h3 class=\"wp-block-heading\">2. <strong>L'exportation de carburants plus propres est plus rentable<\/strong><\/h3>\n\n\n\n<p>Sous le poids des sanctions et des difficult\u00e9s \u00e9conomiques, le gouvernement donne la priorit\u00e9 \u00e0 l'exportation d'essence, de diesel et de produits raffin\u00e9s plus l\u00e9gers afin de g\u00e9n\u00e9rer des revenus.<br>Ce qui reste \u2014 le mazout de faible valeur \u2014 est br\u00fbl\u00e9 localement dans des centrales \u00e9lectriques, des cimenteries et des zones industrielles, souvent situ\u00e9es \u00e0 proximit\u00e9 de villes dens\u00e9ment peupl\u00e9es.<\/p>\n\n\n\n<h3 class=\"wp-block-heading\">3. <strong>Les p\u00e9nuries saisonni\u00e8res de gaz obligent \u00e0 passer au mazout<\/strong><\/h3>\n\n\n\n<p>Bien qu'il poss\u00e8de les deuxi\u00e8mes r\u00e9serves mondiales de gaz naturel, l'Iran est confront\u00e9 \u00e0 des p\u00e9nuries chroniques en hiver en raison d'une mauvaise gestion syst\u00e9mique. Lorsque l'approvisionnement en gaz est d\u00e9tourn\u00e9 vers les m\u00e9nages, les industries et les centrales \u00e9lectriques sont <a href=\"https:\/\/www.aljazeera.com\/news\/2025\/11\/24\/tehran-shrouded-in-thick-smog-as-iran-burns-dirty-fuel-amid-energy-crisis\" data-type=\"link\" data-id=\"https:\/\/www.aljazeera.com\/news\/2025\/11\/24\/tehran-shrouded-in-thick-smog-as-iran-burns-dirty-fuel-amid-energy-crisis\" target=\"_blank\" rel=\"noopener\">ordonn\u00e9 de br\u00fbler du mazout<\/a> \u2014 quelle que soit la gravit\u00e9 de ses \u00e9missions.<\/p>\n\n\n\n<h2 class=\"wp-block-heading\">Le co\u00fbt humain : vivre dans une \u201c chambre \u00e0 gaz de 12 millions d'habitants \u201d<\/h2>\n\n\n\n<p>Lorsque le mazout est br\u00fbl\u00e9, ses polluants se d\u00e9posent dans l'air froid hivernal pendant les \u00e9pisodes d'inversion. Ces conditions transforment les m\u00e9gapoles iraniennes en bassins toxiques o\u00f9 :<\/p>\n\n\n\n<ul class=\"wp-block-list\">\n<li>Les enfants souffrent d'une aggravation de leur asthme et de troubles du d\u00e9veloppement.<\/li>\n\n\n\n<li>Les personnes \u00e2g\u00e9es sont confront\u00e9es \u00e0 une augmentation des hospitalisations pour des probl\u00e8mes cardiaques et respiratoires.<\/li>\n\n\n\n<li>Les risques de cancer augmentent en raison d'une exposition prolong\u00e9e<\/li>\n\n\n\n<li>Des milliers de d\u00e9c\u00e8s pr\u00e9matur\u00e9s surviennent chaque ann\u00e9e.<\/li>\n\n\n\n<li>La vie quotidienne devient une lutte pour respirer proprement<\/li>\n<\/ul>\n\n\n\n<p>Les <a href=\"https:\/\/www.who.int\/teams\/environment-climate-change-and-health\/air-quality-and-health\/health-\" data-type=\"link\" data-id=\"https:\/\/www.who.int\/teams\/environment-climate-change-and-health\/air-quality-and-health\/health-\" target=\"_blank\" rel=\"noopener\">Organisation mondiale de la sant\u00e9<\/a> identifie les PM2,5 comme l'un des principaux facteurs de mortalit\u00e9 dans le monde. \u00c0 T\u00e9h\u00e9ran, les niveaux hivernaux d\u00e9passent r\u00e9guli\u00e8rement les limites fix\u00e9es par l'OMS de plus de <strong>10 \u00e0 15 fois<\/strong>.<\/p>\n\n\n\n<p>Il ne s'agit pas seulement d'une crise environnementale, mais aussi d'une <strong>violation du droit \u00e0 la sant\u00e9, du droit \u00e0 la vie et du droit de vivre dans la dignit\u00e9<\/strong>, consacr\u00e9e dans les normes internationales relatives aux droits de l'homme.<\/p>\n\n\n\n<h2 class=\"wp-block-heading\">Rejoignez notre campagne <\/h2>\n\n\n\n<p>La population iranienne ne peut pas lutter seule contre cela.<br>Nous appelons :<\/p>\n\n\n\n<ul class=\"wp-block-list\">\n<li><strong>Organisations environnementales<\/strong>,<\/li>\n\n\n\n<li><strong>Organismes de d\u00e9fense des droits de l'homme<\/strong>,<\/li>\n\n\n\n<li><strong>Institutions internationales<\/strong>,<\/li>\n\n\n\n<li><strong>M\u00e9dias<\/strong>et<\/li>\n\n\n\n<li><strong>Citoyens concern\u00e9s du monde entier<\/strong><\/li>\n<\/ul>\n\n\n\n<p>reconna\u00eetre cette crise et soutenir les efforts visant \u00e0 documenter, d\u00e9noncer et contester les politiques qui ont transform\u00e9 les villes iraniennes en zones dangereuses.<\/p>\n\n\n\n<h2 class=\"wp-block-heading\"><em>Votre <a href=\"https:\/\/vereinwelle.ch\/de\/eine-spende-machen\/\" data-type=\"link\" data-id=\"https:\/\/vereinwelle.ch\/de\/eine-spende-machen\/\">dons <\/a>Aidez-nous \u00e0 amplifier la voix de ceux qui vivent sous un ciel toxique et \u00e0 renforcer le plaidoyer international pour leur protection.<\/em>*<\/h2>\n\n\n\n<p><strong>Ensemble, nous pouvons attirer l'attention mondiale sur une crise qui co\u00fbte la vie \u00e0 des milliers de personnes chaque ann\u00e9e et exiger que le droit de respirer soit respect\u00e9.<\/strong><\/p>","protected":false},"excerpt":{"rendered":"<p>Iran, one of the world&#8217;s richest countries in oil and gas reserves, is today home to tens of millions of people who breathe some of the most polluted air on the planet. Every winter, cities like Tehran, Isfahan, Karaj, Ahvaz and Tabriz are trapped under a suffocating dome of sulfur dioxide, soot, and ultrafine particles. [&hellip;]<\/p>\n","protected":false},"author":3,"featured_media":31964,"comment_status":"open","ping_status":"open","sticky":false,"template":"","format":"standard","meta":{"footnotes":""},"categories":[30,110],"tags":[113,35],"class_list":["post-31962","post","type-post","status-publish","format-standard","has-post-thumbnail","hentry","category-news","category-environment","tag-environment","tag-iran"],"_links":{"self":[{"href":"https:\/\/vereinwelle.ch\/fr\/wp-json\/wp\/v2\/posts\/31962","targetHints":{"allow":["GET"]}}],"collection":[{"href":"https:\/\/vereinwelle.ch\/fr\/wp-json\/wp\/v2\/posts"}],"about":[{"href":"https:\/\/vereinwelle.ch\/fr\/wp-json\/wp\/v2\/types\/post"}],"author":[{"embeddable":true,"href":"https:\/\/vereinwelle.ch\/fr\/wp-json\/wp\/v2\/users\/3"}],"replies":[{"embeddable":true,"href":"https:\/\/vereinwelle.ch\/fr\/wp-json\/wp\/v2\/comments?post=31962"}],"version-history":[{"count":1,"href":"https:\/\/vereinwelle.ch\/fr\/wp-json\/wp\/v2\/posts\/31962\/revisions"}],"predecessor-version":[{"id":31965,"href":"https:\/\/vereinwelle.ch\/fr\/wp-json\/wp\/v2\/posts\/31962\/revisions\/31965"}],"wp:featuredmedia":[{"embeddable":true,"href":"https:\/\/vereinwelle.ch\/fr\/wp-json\/wp\/v2\/media\/31964"}],"wp:attachment":[{"href":"https:\/\/vereinwelle.ch\/fr\/wp-json\/wp\/v2\/media?parent=31962"}],"wp:term":[{"taxonomy":"category","embeddable":true,"href":"https:\/\/vereinwelle.ch\/fr\/wp-json\/wp\/v2\/categories?post=31962"},{"taxonomy":"post_tag","embeddable":true,"href":"https:\/\/vereinwelle.ch\/fr\/wp-json\/wp\/v2\/tags?post=31962"}],"curies":[{"name":"wp","href":"https:\/\/api.w.org\/{rel}","templated":true}]}}