{"id":31981,"date":"2025-12-10T18:31:52","date_gmt":"2025-12-10T17:31:52","guid":{"rendered":"https:\/\/vereinwelle.ch\/?p=31981"},"modified":"2025-12-10T18:31:54","modified_gmt":"2025-12-10T17:31:54","slug":"le-soutien-mondial-a-mohammad-javad-vafaei-sani-monte-en-fleche","status":"publish","type":"post","link":"https:\/\/vereinwelle.ch\/fr\/global-support-surges-for-mohammad-javad-vafaei-sani\/","title":{"rendered":"Soutien mondial en forte hausse pour Mohammad Javad Vafaei Sani"},"content":{"rendered":"<p>Une vague de condamnation et de solidarit\u00e9 internationale s'est \u00e9lev\u00e9e \u00e0 propos du cas du boxeur et entra\u00eeneur iranien Mohammad Javad Vafaei Sani. Comme <a href=\"https:\/\/www.theguardian.com\/global-development\/2025\/nov\/11\/sports-human-rights-olympians-protest-iran-execution-mohammad-javad-vafaei-sani-boxer?utm_source=chatgpt.com\" data-type=\"link\" data-id=\"https:\/\/www.theguardian.com\/global-development\/2025\/nov\/11\/sports-human-rights-olympians-protest-iran-execution-mohammad-javad-vafaei-sani-boxer?utm_source=chatgpt.com\" target=\"_blank\" rel=\"noopener\">Gardien <\/a>Plus de 20 athl\u00e8tes olympiques, athl\u00e8tes de classe mondiale et organisations de d\u00e9fense des droits humains se sont associ\u00e9s dans le cadre d'une campagne publique exigeant que les autorit\u00e9s iraniennes annulent son ex\u00e9cution \u2014 une campagne qui menace d\u00e9sormais de limiter la capacit\u00e9 du r\u00e9gime \u00e0 appliquer la peine de mort. <\/p>\n\n\n\n<h2 class=\"wp-block-heading\">Qui est Vafaei Sani ?<\/h2>\n\n\n\n<p>Vafaei Sani, 30 ans, originaire de Mashhad, a \u00e9t\u00e9 arr\u00eat\u00e9 en mars 2020 \u00e0 la suite des manifestations nationales de 2019. Il a \u00e9t\u00e9 accus\u00e9 de \u201c r\u00e9pandre la corruption sur terre \u201d.<\/p>\n\n\n\n<p>Son proc\u00e8s a \u00e9t\u00e9 largement critiqu\u00e9 comme \u00e9tant arbitraire, motiv\u00e9 par des raisons politiques et profond\u00e9ment injuste. Selon certaines informations, Vafaei Sani aurait pass\u00e9 plusieurs ann\u00e9es en prison, dont de longues p\u00e9riodes en isolement cellulaire et aurait \u00e9t\u00e9 victime de tortures, avant que la peine de mort ne soit prononc\u00e9e pour la premi\u00e8re fois. Bien que la sentence ait \u00e9t\u00e9 annul\u00e9e \u00e0 deux reprises en appel, la peine capitale a \u00e9t\u00e9 r\u00e9tablie dans la derni\u00e8re d\u00e9cision rendue par la Cour supr\u00eame iranienne d\u00e9but octobre 2025. <\/p>\n\n\n\n<h2 class=\"wp-block-heading\">Campagnes internationales et pression : transformer l'attention mondiale en obstacle<\/h2>\n\n\n\n<p>En novembre 2025, plus d'une vingtaine de m\u00e9daill\u00e9s olympiques, d'entra\u00eeneurs et de personnalit\u00e9s sportives internationales, dont des noms prestigieux tels que Martina Navratilova et Sharron Davies, ont sign\u00e9 une lettre ouverte condamnant la d\u00e9cision de maintenir la peine de mort prononc\u00e9e contre Vafaei Sani. La lettre qualifie l'ex\u00e9cution pr\u00e9vue d\u201c\u201d atteinte directe aux valeurs du sport \u00bb et appelle \u00e0 une intervention imm\u00e9diate des Nations unies, des f\u00e9d\u00e9rations sportives internationales et des gouvernements d\u00e9mocratiques du monde entier. <\/p>\n\n\n\n<p>Les organisations de d\u00e9fense des droits humains se sont fait l'\u00e9cho de cette demande, qualifiant cette ex\u00e9cution de sanction politique pour avoir exerc\u00e9 la libert\u00e9 d'expression et de manifestation. L'attention internationale, aliment\u00e9e par les athl\u00e8tes, les m\u00e9dias, la soci\u00e9t\u00e9 civile et les d\u00e9fenseurs des droits humains, agit d\u00e9sormais comme une barri\u00e8re protectrice : elle augmente consid\u00e9rablement le co\u00fbt politique et la perte de r\u00e9putation pour les autorit\u00e9s qui souhaitent proc\u00e9der \u00e0 une ex\u00e9cution sous le feu des projecteurs. <\/p>\n\n\n\n<p><\/p>\n\n\n\n<h2 class=\"wp-block-heading\">Implications plus larges<\/h2>\n\n\n\n<ul class=\"wp-block-list\">\n<li><strong>Avertissement aux athl\u00e8tes, militants et dissidents :<\/strong> Ex\u00e9cuter un sportif mondialement reconnu pour des raisons pr\u00e9tendument politiques enverrait un message effrayant \u00e0 tous ceux qui osent protester ou r\u00e9clamer des changements.<\/li>\n\n\n\n<li><strong>L'intersection entre le sport et les droits humains :<\/strong> Le sport est largement c\u00e9l\u00e9br\u00e9 pour promouvoir l'unit\u00e9, l'espoir et la dignit\u00e9 \u2014 faire d'un champion un porte-parole de convictions politiques sape ces valeurs universelles.<\/li>\n\n\n\n<li><strong>Pr\u00e9c\u00e9dent pour une r\u00e9pression future :<\/strong> Si le monde reste silencieux et que la sentence est ex\u00e9cut\u00e9e, cela pourrait encourager davantage de cruaut\u00e9 judiciaire et de r\u00e9pression \u00e0 l'encontre des prisonniers politiques et des militants en Iran. La mobilisation mondiale actuelle pourrait cr\u00e9er un pr\u00e9c\u00e9dent quant \u00e0 la mani\u00e8re dont la communaut\u00e9 internationale r\u00e9agit \u00e0 de tels abus.<\/li>\n<\/ul>\n\n\n\n<h2 class=\"wp-block-heading\">Ce que nous (et la communaut\u00e9 internationale) devons faire<\/h2>\n\n\n\n<p>Nous, l'organisation Welle et les d\u00e9fenseurs des droits humains du monde entier, appelons \u00e0 :<\/p>\n\n\n\n<ul class=\"wp-block-list\">\n<li>Les Nations Unies, les f\u00e9d\u00e9rations sportives internationales, les gouvernements d\u00e9mocratiques et les organisations de la soci\u00e9t\u00e9 civile doivent exiger l'arr\u00eat imm\u00e9diat de l'ex\u00e9cution et insister pour qu'un nouveau proc\u00e8s \u00e9quitable soit organis\u00e9, conform\u00e9ment aux normes juridiques internationales.<\/li>\n\n\n\n<li>Les m\u00e9dias internationaux continueront \u00e0 mettre en lumi\u00e8re l'affaire Vafaei Sani afin que la pression ne retombe pas.<\/li>\n<\/ul>\n\n\n\n<p>La campagne mondiale croissante en faveur de Mohammad Javad Vafaei Sani est un signal fort : le monde entier observe la situation. La convergence des ic\u00f4nes sportives, des d\u00e9fenseurs des droits humains et des m\u00e9dias internationaux exerce une r\u00e9elle pression sur le r\u00e9gime iranien, susceptible de limiter sa capacit\u00e9 \u00e0 agir en toute impunit\u00e9. Aujourd'hui, le sort d'un seul homme pourrait d\u00e9terminer si la justice et la dignit\u00e9 humaine l'emporteront sur la r\u00e9pression politique.<\/p>\n\n\n\n<p><\/p>","protected":false},"excerpt":{"rendered":"<p>A wave of international condemnation and solidarity has erupted over the case of Iranian boxer and coach Mohammad Javad Vafaei Sani. As Guardian reported Over 20 Olympians, world-class athletes, and human-rights organizations have joined together in a public campaign demanding that Iranian authorities cancel his execution \u2014 a campaign that now threatens to limit the [&hellip;]<\/p>\n","protected":false},"author":3,"featured_media":31805,"comment_status":"open","ping_status":"open","sticky":false,"template":"","format":"standard","meta":{"footnotes":""},"categories":[30,82],"tags":[34,35,98],"class_list":["post-31981","post","type-post","status-publish","format-standard","has-post-thumbnail","hentry","category-news","category-international-human-rights-advocacy","tag-human-rights","tag-iran","tag-stop-executions-in-iran"],"_links":{"self":[{"href":"https:\/\/vereinwelle.ch\/fr\/wp-json\/wp\/v2\/posts\/31981","targetHints":{"allow":["GET"]}}],"collection":[{"href":"https:\/\/vereinwelle.ch\/fr\/wp-json\/wp\/v2\/posts"}],"about":[{"href":"https:\/\/vereinwelle.ch\/fr\/wp-json\/wp\/v2\/types\/post"}],"author":[{"embeddable":true,"href":"https:\/\/vereinwelle.ch\/fr\/wp-json\/wp\/v2\/users\/3"}],"replies":[{"embeddable":true,"href":"https:\/\/vereinwelle.ch\/fr\/wp-json\/wp\/v2\/comments?post=31981"}],"version-history":[{"count":1,"href":"https:\/\/vereinwelle.ch\/fr\/wp-json\/wp\/v2\/posts\/31981\/revisions"}],"predecessor-version":[{"id":31982,"href":"https:\/\/vereinwelle.ch\/fr\/wp-json\/wp\/v2\/posts\/31981\/revisions\/31982"}],"wp:featuredmedia":[{"embeddable":true,"href":"https:\/\/vereinwelle.ch\/fr\/wp-json\/wp\/v2\/media\/31805"}],"wp:attachment":[{"href":"https:\/\/vereinwelle.ch\/fr\/wp-json\/wp\/v2\/media?parent=31981"}],"wp:term":[{"taxonomy":"category","embeddable":true,"href":"https:\/\/vereinwelle.ch\/fr\/wp-json\/wp\/v2\/categories?post=31981"},{"taxonomy":"post_tag","embeddable":true,"href":"https:\/\/vereinwelle.ch\/fr\/wp-json\/wp\/v2\/tags?post=31981"}],"curies":[{"name":"wp","href":"https:\/\/api.w.org\/{rel}","templated":true}]}}