{"id":32001,"date":"2025-12-23T21:35:09","date_gmt":"2025-12-23T20:35:09","guid":{"rendered":"https:\/\/vereinwelle.ch\/?p=32001"},"modified":"2025-12-23T21:41:13","modified_gmt":"2025-12-23T20:41:13","slug":"joyeux-noel","status":"publish","type":"post","link":"https:\/\/vereinwelle.ch\/fr\/frohe-weihnachten\/","title":{"rendered":"Joyeux No\u00ebl !"},"content":{"rendered":"<h2 class=\"wp-block-heading has-text-align-center\">Nous remercions tous nos amis pour leur soutien et leur souhaitons de joyeuses f\u00eates et une bonne ann\u00e9e.<br>Nous remercions tous nos amis.e.s pour leur soutien et nous vous souhaitons de joyeuses f\u00eates et une bonne et heureuse ann\u00e9e.<\/h2>\n\n\n\n<blockquote class=\"wp-block-quote is-layout-flow wp-block-quote-is-layout-flow\">\n<h3 class=\"wp-block-heading has-text-align-center\"><em><strong>\u00ab Il n'y a pas de chemin vers la paix.<br>La paix est la voie. \u00bb<br>\u00ab Il n'y a pas de chemin pour la paix.<br>La paix est le chemin. \u00bb<\/strong><br>Mahatma Gandhi<\/em><\/h3>\n<\/blockquote>\n\n\n\n<p class=\"has-text-align-center\"><em>Un grand merci \u00e0 Heni Sandoval, qui nous a offert les droits d'auteur de l'image de couverture \u201e White Dove Flying \u201c pour notre travail en faveur des droits humains.<\/em><\/p>\n\n\n\n<p><\/p>","protected":false},"excerpt":{"rendered":"<p>Wir danken all unseren Freunden f\u00fcr ihre Unterst\u00fctzung und w\u00fcnschen frohe Festtage und ein gl\u00fcckliches neues Jahr.Nous remercions tous nos amis.e.s pour leur soutien et nous vous souhaitons de joyeuses f\u00eates et une bonne et heureuse ann\u00e9e \u00ab Es gibt keinen Weg zum Frieden.Frieden ist der Weg. \u00bb\u00ab Il n\u2018y a pas de chemin pour [&hellip;]<\/p>\n","protected":false},"author":3,"featured_media":32003,"comment_status":"open","ping_status":"open","sticky":false,"template":"","format":"standard","meta":{"footnotes":""},"categories":[1],"tags":[],"class_list":["post-32001","post","type-post","status-publish","format-standard","has-post-thumbnail","hentry","category-uncategorized"],"_links":{"self":[{"href":"https:\/\/vereinwelle.ch\/fr\/wp-json\/wp\/v2\/posts\/32001","targetHints":{"allow":["GET"]}}],"collection":[{"href":"https:\/\/vereinwelle.ch\/fr\/wp-json\/wp\/v2\/posts"}],"about":[{"href":"https:\/\/vereinwelle.ch\/fr\/wp-json\/wp\/v2\/types\/post"}],"author":[{"embeddable":true,"href":"https:\/\/vereinwelle.ch\/fr\/wp-json\/wp\/v2\/users\/3"}],"replies":[{"embeddable":true,"href":"https:\/\/vereinwelle.ch\/fr\/wp-json\/wp\/v2\/comments?post=32001"}],"version-history":[{"count":9,"href":"https:\/\/vereinwelle.ch\/fr\/wp-json\/wp\/v2\/posts\/32001\/revisions"}],"predecessor-version":[{"id":32014,"href":"https:\/\/vereinwelle.ch\/fr\/wp-json\/wp\/v2\/posts\/32001\/revisions\/32014"}],"wp:featuredmedia":[{"embeddable":true,"href":"https:\/\/vereinwelle.ch\/fr\/wp-json\/wp\/v2\/media\/32003"}],"wp:attachment":[{"href":"https:\/\/vereinwelle.ch\/fr\/wp-json\/wp\/v2\/media?parent=32001"}],"wp:term":[{"taxonomy":"category","embeddable":true,"href":"https:\/\/vereinwelle.ch\/fr\/wp-json\/wp\/v2\/categories?post=32001"},{"taxonomy":"post_tag","embeddable":true,"href":"https:\/\/vereinwelle.ch\/fr\/wp-json\/wp\/v2\/tags?post=32001"}],"curies":[{"name":"wp","href":"https:\/\/api.w.org\/{rel}","templated":true}]}}