{"id":32068,"date":"2026-01-15T13:43:35","date_gmt":"2026-01-15T12:43:35","guid":{"rendered":"https:\/\/vereinwelle.ch\/?p=32068"},"modified":"2026-02-03T17:17:29","modified_gmt":"2026-02-03T16:17:29","slug":"condamnation-violations-des-droits-de-lhomme-iran","status":"publish","type":"post","link":"https:\/\/vereinwelle.ch\/fr\/condemnation-human-right-violations-iran\/","title":{"rendered":"Condamnation internationale croissante de la r\u00e9pression et des violations des droits de l'homme en Iran"},"content":{"rendered":"<p>Comme les rapports de r\u00e9pression violente, <a href=\"https:\/\/vereinwelle.ch\/fr\/les-manifestations-en-iran-ont-fait-plusieurs-morts-selon-les-dernieres-informations\/\" data-type=\"link\" data-id=\"https:\/\/vereinwelle.ch\/iran-protests-confirmed-deaths-updated\/\">tuerie de masse<\/a> et des arrestations massives, et l'usage de la force l\u00e9tale contre les <a href=\"https:\/\/vereinwelle.ch\/fr\/projets\/appel-international-a-soutenir-les-manifestations-en-iran\/\" data-type=\"link\" data-id=\"https:\/\/vereinwelle.ch\/projects\/iran-protest-international-call-for-support\/\">manifestants pacifiques <\/a>Alors que les informations continuent de faire surface, une vague de condamnation internationale sans pr\u00e9c\u00e9dent a pris forme. Des repr\u00e9sentants des Nations unies aux laur\u00e9ats du prix Nobel, la communaut\u00e9 mondiale envoie un message clair : la violation syst\u00e9matique des droits de l'homme fondamentaux en Iran n'est plus une \u201caffaire int\u00e9rieure\u201d, mais une crise d'envergure mondiale.<\/p>\n\n\n\n<h2 class=\"wp-block-heading\">Les Nations Unies : mise en garde contre l\u201c\u201darmement\" de la mort<\/h2>\n\n\n\n<p>De hauts fonctionnaires des Nations unies et des experts ind\u00e9pendants ont lanc\u00e9 des avertissements urgents concernant la d\u00e9t\u00e9rioration de la situation. Les <strong><a href=\"https:\/\/news.un.org\/en\/story\/2026\/01\/1166733\" data-type=\"link\" data-id=\"https:\/\/news.un.org\/en\/story\/2026\/01\/1166733\" target=\"_blank\" rel=\"noopener\">Bureau du Haut<\/a> Commissaire aux droits de l'homme (HCDH)<\/strong> a explicitement condamn\u00e9 l'utilisation de balles r\u00e9elles contre les manifestants et la multiplication des d\u00e9tentions arbitraires.<\/p>\n\n\n\n<p>\u201cEx\u00e9cuter ou menacer des manifestants de la peine capitale constitue une grave violation du droit \u00e0 la vie et repr\u00e9sente l'utilisation de la peur comme outil de r\u00e9pression politique.\u201d<\/p>\n\n\n\n<p>-<a href=\"https:\/\/www.ohchr.org\/en\/press-releases\/2026\/01\/experts-urge-iran-break-cycle-violence-create-space-dialogue\" data-type=\"link\" data-id=\"https:\/\/www.ohchr.org\/en\/press-releases\/2026\/01\/experts-urge-iran-break-cycle-violence-create-space-dialogue\" target=\"_blank\" rel=\"noopener\"> <strong>Mai Sato<\/strong><\/a>, Rapporteur sp\u00e9cial des Nations unies sur les droits de l'homme en Iran.<\/p>\n\n\n\n<p>M. Sato a soulign\u00e9 qu'il n'existe aucune justification juridique ou morale \u00e0 l'imposition de peines de mort \u00e0 des personnes exer\u00e7ant leurs droits fondamentaux.<\/p>\n\n\n\n<ul class=\"wp-block-list\">\n<li><strong>Pr\u00e9occupation majeure :<\/strong> L'instrumentalisation de la peine de mort pour faire taire les dissidents.<\/li>\n\n\n\n<li><strong>Demande :<\/strong> L'arr\u00eat imm\u00e9diat des ex\u00e9cutions et la lib\u00e9ration des personnes d\u00e9tenues pour rassemblement pacifique.<\/li>\n<\/ul>\n\n\n\n<h2 class=\"wp-block-heading\">Les puissances mondiales exigent des comptes imm\u00e9diats<\/h2>\n\n\n\n<p>Les principaux gouvernements d\u00e9mocratiques ont d\u00e9pass\u00e9 le stade de la simple inqui\u00e9tude et ont demand\u00e9 que les actions du r\u00e9gime cl\u00e9rical aient des cons\u00e9quences diplomatiques et politiques concr\u00e8tes.<\/p>\n\n\n\n<h3 class=\"wp-block-heading\">La France et l'Union europ\u00e9enne : une r\u00e9pression inacceptable<\/h3>\n\n\n\n<p>Pr\u00e9sident <a href=\"https:\/\/www.swissinfo.ch\/ger\/massenproteste-im-iran-am-zweiten-abend-in-folge\/90752319\" data-type=\"link\" data-id=\"https:\/\/www.swissinfo.ch\/ger\/massenproteste-im-iran-am-zweiten-abend-in-folge\/90752319\" target=\"_blank\" rel=\"noopener\">Emmanuel Macron<\/a> a qualifi\u00e9 la r\u00e9pression d\u201c\u201dinacceptable\" et a exhort\u00e9 les autorit\u00e9s \u00e0 se conformer au droit international. L'UE a r\u00e9affirm\u00e9 sa volont\u00e9 d'adopter des mesures restrictives et des sanctions suppl\u00e9mentaires \u00e0 l'encontre des personnes responsables de ces atrocit\u00e9s, soulignant que le dialogue, et non la violence, est la seule r\u00e9ponse l\u00e9gitime.<\/p>\n\n\n\n<h3 class=\"wp-block-heading\">Royaume-Uni : \u201cAssassinat brutal de manifestants\u201d<\/h3>\n\n\n\n<p>Londres a \u00e9mis certaines des condamnations officielles les plus fermes \u00e0 ce jour, convoquant l'ambassadeur iranien pour protester officiellement contre les \u201cmeurtres brutaux\u201d de citoyens. Les responsables britanniques ont indiqu\u00e9 que de nouvelles sanctions cibl\u00e9es \u00e9taient en cours de pr\u00e9paration afin de tenir les dirigeants du r\u00e9gime directement responsables.<\/p>\n\n\n\n<h3 class=\"wp-block-heading\">Les \u00c9tats-Unis : condamner les abus syst\u00e9matiques<\/h3>\n\n\n\n<p>Washington a d\u00e9nonc\u00e9 l'augmentation alarmante des ex\u00e9cutions et le d\u00e9ni syst\u00e9matique des droits de la d\u00e9fense. Les autorit\u00e9s am\u00e9ricaines continuent d'appeler au r\u00e9tablissement de l'acc\u00e8s \u00e0 l'internet et \u00e0 la lib\u00e9ration imm\u00e9diate de tous les prisonniers politiques.<\/p>\n\n\n\n<h2 class=\"wp-block-heading\">La position morale : 37 laur\u00e9ats du prix Nobel s'expriment<\/h2>\n\n\n\n<p>Dans l'une des interventions morales les plus importantes \u00e0 ce jour, <strong>37 laur\u00e9ats du prix Nobel<\/strong> ont publi\u00e9 une d\u00e9claration commune de solidarit\u00e9 avec le peuple iranien. Leur message met en \u00e9vidence un changement crucial dans le r\u00e9cit :<\/p>\n\n\n\n<ul class=\"wp-block-list\">\n<li><strong>La r\u00e9silience :<\/strong> Ils ont not\u00e9 qu'en d\u00e9pit d'une \u201cr\u00e9pression brutale et \u00e9hont\u00e9e\u201d, le mouvement en faveur de la libert\u00e9 reste ininterrompu.<\/li>\n\n\n\n<li><strong>Vision :<\/strong> Les laur\u00e9ats ont soulign\u00e9 que les manifestants r\u00e9clament une <strong>R\u00e9publique d\u00e9mocratique, pluraliste et exempte de corruption<\/strong>, et rejette toute forme de dictature.<\/li>\n\n\n\n<li><strong>Appel \u00e0 l'action :<\/strong> Ils ont exhort\u00e9 les gouvernements d\u00e9mocratiques \u00e0 passer des paroles au soutien actif de la lutte du peuple iranien pour la dignit\u00e9.<\/li>\n<\/ul>\n\n\n\n<h2 class=\"wp-block-heading\">Documenter la v\u00e9rit\u00e9 : les ONG et les m\u00e9dias mondiaux<\/h2>\n\n\n\n<p>Les organisations internationales de d\u00e9fense des droits de l'homme continuent de faire \u00e9tat d'une terreur d'\u00c9tat g\u00e9n\u00e9ralis\u00e9e :<\/p>\n\n\n\n<ul class=\"wp-block-list\">\n<li>Ex\u00e9cutions ill\u00e9gales et torture.<\/li>\n\n\n\n<li>Refus de soins m\u00e9dicaux aux manifestants bless\u00e9s.<\/li>\n\n\n\n<li>Condamnations \u00e0 mort prononc\u00e9es \u00e0 l'issue de simulacres de proc\u00e8s.<\/li>\n<\/ul>\n\n\n\n<p>Le r\u00f4le des m\u00e9dias mondiaux reste essentiel. En amplifiant les r\u00e9cits de ceux qui sont r\u00e9duits au silence en Iran, le journalisme d'investigation veille \u00e0 ce que les actions du r\u00e9gime restent sous le regard de l'opinion publique mondiale.<\/p>\n\n\n\n<h2 class=\"wp-block-heading\">Un changement d\u00e9cisif dans la pression mondiale<\/h2>\n\n\n\n<p>L'accumulation de ces r\u00e9actions marque un tournant. Le message des experts de l'ONU, des pr\u00e9sidents europ\u00e9ens et des leaders moraux est coh\u00e9rent : <strong>Le droit \u00e0 la vie et \u00e0 la libert\u00e9 est universel.<\/strong><\/p>\n\n\n\n<p>La communaut\u00e9 internationale doit maintenant traduire cette condamnation en une pression soutenue. Nous devons continuer \u00e0 exiger la fin des ex\u00e9cutions, la protection des manifestants et une voie claire vers l'obligation de rendre des comptes pour ceux qui ont commis de graves violations des droits de l'homme.<\/p>","protected":false},"excerpt":{"rendered":"<p>As reports of violent repression, mass killing and mass arrests, and lethal force against peaceful protesters continue to surface, an unprecedented wave of international condemnation has taken shape. From United Nations officials to Nobel Prize laureates, the global community is sending a clear message: the systematic violation of fundamental human rights in Iran is no [&hellip;]<\/p>\n","protected":false},"author":1,"featured_media":32086,"comment_status":"open","ping_status":"open","sticky":false,"template":"","format":"standard","meta":{"footnotes":""},"categories":[81,77,79,30],"tags":[34,35,46],"class_list":["post-32068","post","type-post","status-publish","format-standard","has-post-thumbnail","hentry","category-human-rights-violations-in-iran","category-human-right-and-international-reporting","category-international-womens-rights-and-solidarity","category-news","tag-human-rights","tag-iran","tag-protest"],"_links":{"self":[{"href":"https:\/\/vereinwelle.ch\/fr\/wp-json\/wp\/v2\/posts\/32068","targetHints":{"allow":["GET"]}}],"collection":[{"href":"https:\/\/vereinwelle.ch\/fr\/wp-json\/wp\/v2\/posts"}],"about":[{"href":"https:\/\/vereinwelle.ch\/fr\/wp-json\/wp\/v2\/types\/post"}],"author":[{"embeddable":true,"href":"https:\/\/vereinwelle.ch\/fr\/wp-json\/wp\/v2\/users\/1"}],"replies":[{"embeddable":true,"href":"https:\/\/vereinwelle.ch\/fr\/wp-json\/wp\/v2\/comments?post=32068"}],"version-history":[{"count":3,"href":"https:\/\/vereinwelle.ch\/fr\/wp-json\/wp\/v2\/posts\/32068\/revisions"}],"predecessor-version":[{"id":32074,"href":"https:\/\/vereinwelle.ch\/fr\/wp-json\/wp\/v2\/posts\/32068\/revisions\/32074"}],"wp:featuredmedia":[{"embeddable":true,"href":"https:\/\/vereinwelle.ch\/fr\/wp-json\/wp\/v2\/media\/32086"}],"wp:attachment":[{"href":"https:\/\/vereinwelle.ch\/fr\/wp-json\/wp\/v2\/media?parent=32068"}],"wp:term":[{"taxonomy":"category","embeddable":true,"href":"https:\/\/vereinwelle.ch\/fr\/wp-json\/wp\/v2\/categories?post=32068"},{"taxonomy":"post_tag","embeddable":true,"href":"https:\/\/vereinwelle.ch\/fr\/wp-json\/wp\/v2\/tags?post=32068"}],"curies":[{"name":"wp","href":"https:\/\/api.w.org\/{rel}","templated":true}]}}